{"id":20834,"date":"2017-11-06T07:00:09","date_gmt":"2017-11-06T06:00:09","guid":{"rendered":"http:\/\/www.bilten.org\/?p=20834"},"modified":"2017-11-05T22:03:53","modified_gmt":"2017-11-05T21:03:53","slug":"neobicna-evangelicka-misija-novih-albanskih-visokih-duznosnika","status":"publish","type":"post","link":"https:\/\/www.bilten.org\/?p=20834","title":{"rendered":"Neobi\u010dna evangeli\u010dka misija novih albanskih visokih du\u017enosnika"},"content":{"rendered":"<p>Kada je na ovog ljeta albanski premijer Edi Rama ponovo <a href=\"http:\/\/www.bilten.org\/?p=18959\" target=\"_blank\">pobijedio<\/a> na izborima, ta je pobjeda do\u0161la uz jednu dodatnu prednost. Njegovi socijalisti nisu samo dobili drugi mandat, ve\u0107 i ostvarili ve\u0107inu koja im je omogu\u0107ila da se rije\u0161e <a href=\"http:\/\/www.bilten.org\/?p=9410\" target=\"_blank\">napornih<\/a> koalicijskih partnera iz stranke LSI i vladaju sami. Jedan od &#8220;feuda&#8221; dosada\u0161njih <a href=\"http:\/\/www.bilten.org\/?p=9993\" target=\"_blank\">partnera<\/a> bilo je Ministarstvo pravosu\u0111a, u kojem su \u010desto bili optu\u017eivani za nezakonit utjecaj. No ni kadrovi koji su socijalisti pogurali u taj resor nisu nai\u0161li na jednoglasno odu\u0161evljenje javnosti. Za ministricu je imenovana Etilda Gjonaj s radnim iskustvom u Helsin\u0161kom odboru, a za njezino je imenovanje potpuno otvoreno lobirala ameri\u010dka ambasada u Tirani, \u010desto optu\u017eivana da &#8220;vu\u010de konce&#8221; iz sjene po cijeloj politi\u010dkoj sceni.<\/p>\n<p>No ako je Gjonaj tek &#8220;ameri\u010dka&#8221; ministrica, njezino dvoje suradnika ljudi su puno neobi\u010dnije biografije. Zamjenici ministrice, Teuta Vodo i Toni Gogu, pripadaju minijaturnoj ali glasnoj ultrakonzervativnoj neoprotestantskoj zajednici. Kao \u0161to je poznato, Albanija je zemlja <a href=\"http:\/\/www.bilten.org\/?p=13450\" target=\"_blank\">mnogih religija<\/a>, pri \u010demu sunitski muslimani \u010dine veliku ve\u0107inu stanovnika, pored tradicionalnih pravoslavaca i katolika, i uz autohtonu manjinu muslimanskih bekta\u0161ija. No religija je desetlje\u0107ima igrala <a href=\"http:\/\/www.bilten.org\/?p=12855\" target=\"_blank\">sporednu<\/a> ulogu u \u017eivotu zemlje i tek odnedavno do\u017eivljava svoj veliki <em>come back<\/em>. Vodo i Gogu sebe o\u010dito vide kao va\u017ean dio tog procesa, \u010dak i ako je njihova religija tek odnedavno uvezena s ameri\u010dkog kontinenta.<\/p>\n<p>Gogu je zapravo pastor i direktor evangeli\u010dke agencije za &#8220;pomo\u0107, razvoj i promicanje kr\u0161\u0107anstva&#8221; koji je u ranijim intervjuima kao svoj cilj navodio &#8220;oblikovanje javnih politika u skladu s evan\u0111eljem&#8221;. Vodo je pak aktivistica Europskog kr\u0161\u0107anskog politi\u010dkog pokreta, grupacije ultrakonzervativnih stranaka koja je prilikom imenovanja svojoj dugogodi\u0161njoj suradnici <a href=\"https:\/\/www.ecpm.info\/news\/teuta-vodo-becomes-new-vice-minister-of-justice.html\" target=\"_blank\">po\u017eeljela<\/a> &#8220;Bo\u017eji blagoslov&#8221; na novom radnom mjestu. S obzirom na njihovu javno deklariranu agendu, nije jasno kakve \u0107e posljedice njihov rad imati na albansko pravosu\u0111e. No ako je tko o\u010dekivao da \u0107e njihov vjerski fundamentalizam unijeti svje\u017ei dah po\u0161tenja u notorno korumpirano doma\u0107e pravosu\u0111e, lako bi se mogao razo\u010darati.<\/p>\n<p>Kako <a href=\"http:\/\/www.exit.al\/en\/2017\/10\/11\/evangelicals-take-over-gutted-ministry-of-justice\/\" target=\"_blank\">navodi<\/a> portal Exit, Gogu je bio \u0161ef pravnog odjela albanske Nacionalne banke u vremenu kada je iz njezinog trezora misteriozno nestale milijunske sume. Zanimljivo, nitko nikada nije osu\u0111en za tu kra\u0111u, ali prema istrazi dobar dio krivnje za cijeli incident le\u017ei na neadekvatnim procedurama za koje je izravno odgovoran bio upravo novi zamjenik ministrice.<\/p>\n","protected":false},"excerpt":{"rendered":"<p>Kada je na ovog ljeta albanski premijer Edi Rama ponovo pobijedio na izborima, ta je pobjeda do\u0161la uz jednu dodatnu prednost. Njegovi socijalisti nisu samo dobili drugi mandat, ve\u0107 i ostvarili ve\u0107inu koja im je omogu\u0107ila da se rije\u0161e napornih koalicijskih partnera i vladaju sami&#8230;<\/p>\n","protected":false},"author":10,"featured_media":20835,"comment_status":"closed","ping_status":"closed","sticky":false,"template":"","format":"standard","meta":{"footnotes":""},"categories":[],"tags":[],"theme":[],"country":[65],"articleformat":[205],"coauthors":[26],"class_list":["post-20834","post","type-post","status-publish","format-standard","has-post-thumbnail","hentry","country-albanija","articleformat-vijest"],"_links":{"self":[{"href":"https:\/\/www.bilten.org\/index.php?rest_route=\/wp\/v2\/posts\/20834","targetHints":{"allow":["GET"]}}],"collection":[{"href":"https:\/\/www.bilten.org\/index.php?rest_route=\/wp\/v2\/posts"}],"about":[{"href":"https:\/\/www.bilten.org\/index.php?rest_route=\/wp\/v2\/types\/post"}],"author":[{"embeddable":true,"href":"https:\/\/www.bilten.org\/index.php?rest_route=\/wp\/v2\/users\/10"}],"replies":[{"embeddable":true,"href":"https:\/\/www.bilten.org\/index.php?rest_route=%2Fwp%2Fv2%2Fcomments&post=20834"}],"version-history":[{"count":3,"href":"https:\/\/www.bilten.org\/index.php?rest_route=\/wp\/v2\/posts\/20834\/revisions"}],"predecessor-version":[{"id":20838,"href":"https:\/\/www.bilten.org\/index.php?rest_route=\/wp\/v2\/posts\/20834\/revisions\/20838"}],"wp:featuredmedia":[{"embeddable":true,"href":"https:\/\/www.bilten.org\/index.php?rest_route=\/wp\/v2\/media\/20835"}],"wp:attachment":[{"href":"https:\/\/www.bilten.org\/index.php?rest_route=%2Fwp%2Fv2%2Fmedia&parent=20834"}],"wp:term":[{"taxonomy":"category","embeddable":true,"href":"https:\/\/www.bilten.org\/index.php?rest_route=%2Fwp%2Fv2%2Fcategories&post=20834"},{"taxonomy":"post_tag","embeddable":true,"href":"https:\/\/www.bilten.org\/index.php?rest_route=%2Fwp%2Fv2%2Ftags&post=20834"},{"taxonomy":"theme","embeddable":true,"href":"https:\/\/www.bilten.org\/index.php?rest_route=%2Fwp%2Fv2%2Ftheme&post=20834"},{"taxonomy":"country","embeddable":true,"href":"https:\/\/www.bilten.org\/index.php?rest_route=%2Fwp%2Fv2%2Fcountry&post=20834"},{"taxonomy":"articleformat","embeddable":true,"href":"https:\/\/www.bilten.org\/index.php?rest_route=%2Fwp%2Fv2%2Farticleformat&post=20834"},{"taxonomy":"author","embeddable":true,"href":"https:\/\/www.bilten.org\/index.php?rest_route=%2Fwp%2Fv2%2Fcoauthors&post=20834"}],"curies":[{"name":"wp","href":"https:\/\/api.w.org\/{rel}","templated":true}]}}