{"id":20714,"date":"2017-10-25T10:00:52","date_gmt":"2017-10-25T09:00:52","guid":{"rendered":"http:\/\/www.bilten.org\/?p=20714"},"modified":"2017-10-25T10:24:09","modified_gmt":"2017-10-25T09:24:09","slug":"penzioneri-marsiraju-na-sarajevo","status":"publish","type":"post","link":"https:\/\/www.bilten.org\/?p=20714","title":{"rendered":"Penzioneri mar\u0161iraju na Sarajevo"},"content":{"rendered":"<p>Kad neka zemlja mora braniti demokratske institucije metalnim ogradama od penzionera, jasno je da je socio-ekonomska situacija postala nepodno\u0161ljiva. Ispred zgrade Vlade Federacije Bosne i Hercegovine u Sarajevu, postavljena je metalna ograda. O\u010dekuje se dolazak 12 do 15 tisu\u0107a nezadovoljnih penzionera na proteste ispred sjedi\u0161ta izvr\u0161ne vlasti. Kako pi\u0161e <a href=\"https:\/\/www.klix.ba\/vijesti\/bih\/uoci-protesta-penzionera-ispred-zgrade-vlade-fbih-postavljena-metalna-ograda\/171025024\" target=\"_blank\">Klix<\/a> &#8220;rije\u010d je o sigurnosnim mjerama koje poduzima Federalna uprava policije, a koja je zadu\u017eena za osiguranje zgrade Vlade Federacije BiH.&#8221; Dakako, osim ograda, osigurani su i policajci da \u010duvaju ogradu, odnosno zgradu Vlade.<\/p>\n<p>Penzioneri sti\u017eu u Sarajevo u \u010dak 117 autobusa iz cijele Federacije. Kako je <a href=\"https:\/\/faktor.ba\/vijest\/protesti-penzionera-u-sarajevu-povecati-penzije-od-1-januara-2018-godine-269903\" target=\"_blank\">medijima<\/a> kazao Omer Omerefendi\u0107, predsjednik Skup\u0161tine Saveza udru\u017eenja penzionera FBiH, na skupu \u0107e se \u010ditati zahtjevi udru\u017eenja penzionera me\u0111u kojima su najva\u017eniji dono\u0161enje novog zakona o penzijsko-invalidskom osiguranju (PIO &#8211; kojim bi se regulirali na\u010din i mogu\u0107nost pove\u0107anja penzija), ispravljanje nepravde u\u010dinjene penzionerima umirovljenima do 1998. godine i pove\u0107anje svih penzija od 1. januara idu\u0107e godine. Penzioneri o\u010dekuju da Vlada FBiH na dana\u0161njoj sjednici po\u0161alje Zakon o PIO-u u parlament, da se onima umirovljenima do 1998. penzije pove\u0107aju za 10 posto, a od te godine do 2008. za pet posto, te da se razlike isplate. Me\u0111u ostalim zahtjevima nalazi se uvr\u0161tenje njihovih zahtjeva u ZPIO te osloba\u0111anje udru\u017eenja penzionera od pla\u0107anja poreza te formiranje mirovinskog fonda.<\/p>\n<p>Kako pi\u0161e <a href=\"https:\/\/www.oslobodjenje.ba\/vijesti\/povecanje-penzija-samo-za-petinu-penzionera-na-proteste-dolazi-jos-manje\" target=\"_blank\">Oslobo\u0111enje<\/a>, nakon usvajanja ZPIO-a u sada\u0161njem obliku, najmanje 200.000 penzionera u FBiH \u0107e i dalje primati minimalnu penziju. Iz izvora bliskih Fondu PIO, Oslobo\u0111enje doznaje da \u0107e pove\u0107anje penzija obuhvatiti oko 81.000 penzionera. Pove\u0107anje od 10 posto trebalo bi obuhvatiti oko 55.000 osoba koje su u penziju oti\u0161le do 1998 godine, a pove\u0107anje od 5 posto obuhva\u0107a jo\u0161 otprilike 26.000 umirovljenih u periodu od 1998. do 2007. godine. Iz ministarstva socijalne politike za Oslobo\u0111enje potvr\u0111uju da je na godi\u0161njem nivou za ovo pove\u0107anje neophodno u bud\u017eetu osigurati oko 33 milijuna konvertibilnih maraka na godi\u0161njem nivou. Ukupan broj umirovljenika u FBiH iznosi oko 410.000.<\/p>\n<p>O organiziranosti protesta govori i podatak da su penzioneri organizirali vatrogasce, hitnu slu\u017ebu, vodu, 223 redara, i druge potrep\u0161tine. Prosvjedi su promi\u0161ljeni i dobro organizirani. Iako u poodmaklim godinama, ovo je generacija s kojom se ne treba zafrkavati. Mo\u017eda su do sada tolerirali u\u0161tede na sebi, no strpljenju je do\u0161ao kraj. Ukoliko se njihovim zahtjevima ne udovolji, umirovljenici najavljuju jo\u0161 \u017ee\u0161\u0107e oblike prosvjeda.<\/p>\n","protected":false},"excerpt":{"rendered":"<p>Kad neka zemlja mora braniti demokratske institucije metalnim ogradama od penzionera, jasno je da je socio-ekonomska situacija postala nepodno\u0161ljiva. Ispred zgrade Vlade Federacije Bosne i Hercegovine u Sarajevu, postavljena je metalna ograda. O\u010dekuje se dolazak 12 do 15 tisu\u0107a nezadovoljnih penzionera na proteste ispred sjedi\u0161ta izvr\u0161ne vlasti. Kako pi\u0161e Klix &#8220;rije\u010d je o sigurnosnim mjerama [&hellip;]<\/p>\n","protected":false},"author":4,"featured_media":20715,"comment_status":"closed","ping_status":"closed","sticky":false,"template":"","format":"standard","meta":{"footnotes":""},"categories":[],"tags":[33,85],"theme":[456,455],"country":[35],"articleformat":[205],"coauthors":[289],"class_list":["post-20714","post","type-post","status-publish","format-standard","has-post-thumbnail","hentry","tag-protest","tag-radnicki-pokret","theme-politika","theme-rad","country-bih","articleformat-vijest"],"_links":{"self":[{"href":"https:\/\/www.bilten.org\/index.php?rest_route=\/wp\/v2\/posts\/20714","targetHints":{"allow":["GET"]}}],"collection":[{"href":"https:\/\/www.bilten.org\/index.php?rest_route=\/wp\/v2\/posts"}],"about":[{"href":"https:\/\/www.bilten.org\/index.php?rest_route=\/wp\/v2\/types\/post"}],"author":[{"embeddable":true,"href":"https:\/\/www.bilten.org\/index.php?rest_route=\/wp\/v2\/users\/4"}],"replies":[{"embeddable":true,"href":"https:\/\/www.bilten.org\/index.php?rest_route=%2Fwp%2Fv2%2Fcomments&post=20714"}],"version-history":[{"count":2,"href":"https:\/\/www.bilten.org\/index.php?rest_route=\/wp\/v2\/posts\/20714\/revisions"}],"predecessor-version":[{"id":20717,"href":"https:\/\/www.bilten.org\/index.php?rest_route=\/wp\/v2\/posts\/20714\/revisions\/20717"}],"wp:featuredmedia":[{"embeddable":true,"href":"https:\/\/www.bilten.org\/index.php?rest_route=\/wp\/v2\/media\/20715"}],"wp:attachment":[{"href":"https:\/\/www.bilten.org\/index.php?rest_route=%2Fwp%2Fv2%2Fmedia&parent=20714"}],"wp:term":[{"taxonomy":"category","embeddable":true,"href":"https:\/\/www.bilten.org\/index.php?rest_route=%2Fwp%2Fv2%2Fcategories&post=20714"},{"taxonomy":"post_tag","embeddable":true,"href":"https:\/\/www.bilten.org\/index.php?rest_route=%2Fwp%2Fv2%2Ftags&post=20714"},{"taxonomy":"theme","embeddable":true,"href":"https:\/\/www.bilten.org\/index.php?rest_route=%2Fwp%2Fv2%2Ftheme&post=20714"},{"taxonomy":"country","embeddable":true,"href":"https:\/\/www.bilten.org\/index.php?rest_route=%2Fwp%2Fv2%2Fcountry&post=20714"},{"taxonomy":"articleformat","embeddable":true,"href":"https:\/\/www.bilten.org\/index.php?rest_route=%2Fwp%2Fv2%2Farticleformat&post=20714"},{"taxonomy":"author","embeddable":true,"href":"https:\/\/www.bilten.org\/index.php?rest_route=%2Fwp%2Fv2%2Fcoauthors&post=20714"}],"curies":[{"name":"wp","href":"https:\/\/api.w.org\/{rel}","templated":true}]}}