{"id":20361,"date":"2017-10-02T10:01:56","date_gmt":"2017-10-02T09:01:56","guid":{"rendered":"http:\/\/www.bilten.org\/?p=20361"},"modified":"2017-10-02T10:01:56","modified_gmt":"2017-10-02T09:01:56","slug":"borba-za-albanske-rijeke","status":"publish","type":"post","link":"https:\/\/www.bilten.org\/?p=20361","title":{"rendered":"Borba za albanske rijeke"},"content":{"rendered":"<p>Me\u0111u brojnim albanskim infrastrukturnim problemima, osobito se isti\u010de neadekvatna energetska pokrivenost. Brojna ku\u0107anstva jo\u0161 uvijek nemaju legalni priklju\u010dak na struju, \u0161to je samo jedan od razloga za\u0161to elektri\u010dna mre\u017ea ostaje vrlo nestabilnom. S obzirom na sve ve\u0107u orijentaciju zemlje prema turizmu, koji sezonski zahtijeva znatno ve\u0107e koli\u010dine struje od dostupnih, ovaj je problem postao i jedna od prepreka ekonomskog razvoja, kako ga vidi vlada. Ako se nedostatak struje za lokalno stanovni\u0161tvo mogao i ignorirati, mogu\u0107e nezadovoljstvo turista sa Zapada nestancima struje ne mo\u017ee. S obzirom da je Albanija ujedno i zemlja s (po nekim mjerenjima) najve\u0107im &#8220;vodnim bogatstvom&#8221;, name\u0107e se logi\u010dno rje\u0161enje \u2013 izgradnja velike mre\u017ee hidroelektrana.<\/p>\n<p>Trenutno su, uz nekoliko stotina manjih, u planu i dva velika projekta na rijeci Vjosi \u2013 brane Po\u00e7emi i Kaliva\u00e7. No oba se nalaze pred velikim izazovima. Izgradnju brane Po\u00e7emi blokiralo je lokalno stanovni\u0161tvo nezadovoljno neadekvatnim naknadama i uvjetima preseljenja, a slu\u010daj je nakon brojnih prosvjeda sada zapeo na sudu. Zbog vlastitih problema s financiranjem investitor je sam odustao od Kaliva\u00e7a, koji unato\u010d izuzetno povoljnim uvjetima koncesije jo\u0161 \u010deka ozbiljnog interesenta. Dok je lokalno stanovni\u0161tvo zainteresirano za obranu vlastite kvalitete \u017eivota, a vlada za privla\u010denje stranih investitora, slu\u010daj je na Zapadu u pravilu privukao pa\u017enju zbog \u010dinjenice da je rijeka Vjosa posljednja europska teku\u0107ica s nereguliranim vodotokom i stoga ima jedinstvenu bioraznolikost.<\/p>\n<p>Pritisci iz ekolo\u0161kih krugova ve\u0107 su utjecali i na pristupni proces Albanije u Uniju. Zemlja se sada nalazi izme\u0111u zahtjeva da pobolj\u0161a infrastrukturu i olak\u0161a investicije, a ujedno i za\u0161titi bioraznolikost, \u0161to su ciljevi \u010desto izravno suprotstavljeni. Vlada o\u010dito ima velikih problema s tim kako da razmrsi ovaj problem, no \u010dini se izvjesnim da \u0107e barem dio megaprojekta od preko 350 hidroelektrana pod stranom koncesijom biti otkazan. Proces ra\u010dunanja \u0161tete od ve\u0107 postoje\u0107ih gradili\u0161ta i koncesija nepovoljnih za dr\u017eavu mogao bi me\u0111utim trajati godinama.<\/p>\n","protected":false},"excerpt":{"rendered":"<p>Me\u0111u brojnim albanskim infrastrukturnim problemima, osobito se isti\u010de neadekvatna energetska pokrivenost. Brojna ku\u0107anstva jo\u0161 uvijek nemaju legalni priklju\u010dak na struju, \u0161to je samo jedan od razloga za\u0161to elektri\u010dna mre\u017ea ostaje vrlo nestabilnom. S obzirom na sve ve\u0107u orijentaciju zemlje prema turizmu, koji sezonski zahtijeva znatno ve\u0107e koli\u010dine struje od dostupnih&#8230;<\/p>\n","protected":false},"author":10,"featured_media":20362,"comment_status":"closed","ping_status":"closed","sticky":false,"template":"","format":"standard","meta":{"footnotes":""},"categories":[],"tags":[334,125],"theme":[457,455],"country":[65],"articleformat":[205],"coauthors":[26],"class_list":["post-20361","post","type-post","status-publish","format-standard","has-post-thumbnail","hentry","tag-ekologija","tag-investicije","theme-klima","theme-rad","country-albanija","articleformat-vijest"],"_links":{"self":[{"href":"https:\/\/www.bilten.org\/index.php?rest_route=\/wp\/v2\/posts\/20361","targetHints":{"allow":["GET"]}}],"collection":[{"href":"https:\/\/www.bilten.org\/index.php?rest_route=\/wp\/v2\/posts"}],"about":[{"href":"https:\/\/www.bilten.org\/index.php?rest_route=\/wp\/v2\/types\/post"}],"author":[{"embeddable":true,"href":"https:\/\/www.bilten.org\/index.php?rest_route=\/wp\/v2\/users\/10"}],"replies":[{"embeddable":true,"href":"https:\/\/www.bilten.org\/index.php?rest_route=%2Fwp%2Fv2%2Fcomments&post=20361"}],"version-history":[{"count":1,"href":"https:\/\/www.bilten.org\/index.php?rest_route=\/wp\/v2\/posts\/20361\/revisions"}],"predecessor-version":[{"id":20363,"href":"https:\/\/www.bilten.org\/index.php?rest_route=\/wp\/v2\/posts\/20361\/revisions\/20363"}],"wp:featuredmedia":[{"embeddable":true,"href":"https:\/\/www.bilten.org\/index.php?rest_route=\/wp\/v2\/media\/20362"}],"wp:attachment":[{"href":"https:\/\/www.bilten.org\/index.php?rest_route=%2Fwp%2Fv2%2Fmedia&parent=20361"}],"wp:term":[{"taxonomy":"category","embeddable":true,"href":"https:\/\/www.bilten.org\/index.php?rest_route=%2Fwp%2Fv2%2Fcategories&post=20361"},{"taxonomy":"post_tag","embeddable":true,"href":"https:\/\/www.bilten.org\/index.php?rest_route=%2Fwp%2Fv2%2Ftags&post=20361"},{"taxonomy":"theme","embeddable":true,"href":"https:\/\/www.bilten.org\/index.php?rest_route=%2Fwp%2Fv2%2Ftheme&post=20361"},{"taxonomy":"country","embeddable":true,"href":"https:\/\/www.bilten.org\/index.php?rest_route=%2Fwp%2Fv2%2Fcountry&post=20361"},{"taxonomy":"articleformat","embeddable":true,"href":"https:\/\/www.bilten.org\/index.php?rest_route=%2Fwp%2Fv2%2Farticleformat&post=20361"},{"taxonomy":"author","embeddable":true,"href":"https:\/\/www.bilten.org\/index.php?rest_route=%2Fwp%2Fv2%2Fcoauthors&post=20361"}],"curies":[{"name":"wp","href":"https:\/\/api.w.org\/{rel}","templated":true}]}}