{"id":20314,"date":"2017-09-27T12:12:35","date_gmt":"2017-09-27T11:12:35","guid":{"rendered":"http:\/\/www.bilten.org\/?p=20314"},"modified":"2017-09-27T17:40:56","modified_gmt":"2017-09-27T16:40:56","slug":"radnici-aide-pobijedili-nakon-17-godina-borbe","status":"publish","type":"post","link":"https:\/\/www.bilten.org\/?p=20314","title":{"rendered":"Radnici Aide pobijedili nakon 17 godina borbe"},"content":{"rendered":"<p>Vlada Tuzlanskog kantona <a href=\"https:\/\/www.klix.ba\/biznis\/privreda\/izdvojeno-oko-dva-miliona-km-za-uvezivanje-staza-radnika-aide\/170926085\" target=\"_blank\">napokon je izdvojila<\/a> i posljednju tran\u0161u sredstava za &#8220;uvezivanje&#8221; radnog sta\u017ea radnicima tvornice obu\u0107e <a href=\"http:\/\/www.bilten.org\/?s=aida\" target=\"_blank\">Aida iz Tuzle<\/a>. Pobjeda je to 17 godina dugog inzistiranja na svojim pravima. Radi se o dva milijuna konvertibilnih maraka za 276 radnika Aide u periodu od 2009.-2015. godine. Prema odluci kantonalne vlade sredstva \u0107e biti preba\u010dena s &#8220;escrow ra\u010duna&#8221;, odnosno ra\u010duna kojeg \u010duva tre\u0107a strana s ciljem za\u0161tite interesa obiju strana u transakciji, a koji se osniva za pojedina\u010dne potrebe.<\/p>\n<p>Iako je cijelu kronologiju kao i to\u010dno stanje tvornice i radnika te\u0161ko rekonstruirati slu\u017ee\u0107i se informacijama dostupnima u bosanskohercegova\u010dkim medijima, \u010dini se da su ovom posljednjom tran\u0161om &#8220;rije\u0161eni&#8221; svi radnici ove tvornice. Sporazum za &#8220;uvezivanje&#8221; radnog sta\u017ea, odnosno za uplatu doprinosa za zdravstveno i mirovinsko, kao i poreza i prireza za obavljeni rad, potpisan je s 316 radnika za period od 1997. do pokretanja ste\u010daja u decembru 2015. godine za \u0161to je izdvojeno oko 5,8 milijuna KM. Od ovih 316 radnika, 40 je ve\u0107 umirovljeno, stoga se dana\u0161nja odluka odnosi na preostalih 276 ljudi koji su jo\u0161 uvijek radno aktivni. Na dana\u0161njoj sjednici vlade TK doneseno je vi\u0161e odluka o odobravanju sredstava za isplatu radnika, me\u0111u kojima je i odluka o &#8220;nalogu za prijenos sredstava s namjenskog depozita Vlade TK-a kod Razvojne banke FBiH&#8221;, a njima se ispunjavaju obaveze &#8220;Sporazuma o preuzimanju obaveza pla\u0107anja obra\u010dunatih, a neupla\u0107enih javnih prihoda obveznika Fabrike obu\u0107e Aida d.d. Tuzla&#8221;.<\/p>\n<p>Podsjetimo da su radnici Aide posljednji put \u0161trajkali <a href=\"https:\/\/www.klix.ba\/vijesti\/bih\/bivsi-radnici-od-fabrike-obuce-aida-ostalo-je-samo-ime-u-teskom-smo-polozaju\/170606052\" target=\"_blank\">u junu ove godine<\/a> nakon niza pla\u0107a\u00a0neispla\u0107enih od pokretanja ste\u010daja 2015. godine. Po\u0161to sporazum o uvezivanju sta\u017ea obuhva\u0107a period do 2015. godine, \u010dini se da nisu zapravo rije\u0161eni svi problemi, ve\u0107 samo oni obuhva\u0107eni dogovorima do 2015. godine.<\/p>\n<p>Iako se Sr\u0111an Mi\u0107anovi\u0107, ministar industrije, energetike i rudarstva u vladi Tuzlanskog kantona danas hvali kako je vlada 2017. godine napokon platila nepla\u0107ene poreze, prireze i doprinose svojim radnicima, kao da se radi o socijalno osjetljivoj politici koja rezultira dobrim mjerama, mo\u017eda bi ovu pri\u010du bilo bolje promatrati kao kona\u010dni rezultat 17 godina dugog prosvjeda. Podsjetimo, radnici tuzlanske Aide, ba\u0161 kao Dite i drugih tvornica ovog industrijskog grada, postali su proteklih godina izolirani simbol radni\u010dke upornosti u borbi za svoja prava. Dakako, bilo je potrebno za ovaj kona\u010dni ishod sada davne 2014. godine zapaliti zgradu kantonalne vlade u Tuzli i zgradu op\u0161tine, kantona i Predsjedni\u0161tva u Sarajevu te se organizirati diljem BiH i preko debelo podebljanih granica kantona i entiteta, i suprotno politikama svih politi\u010dkih stranaka. Osim toga za dana\u0161nje progla\u0161enje pobjede bilo je potrebno spavati u hladnim halama napu\u0161tene tvornice, fizi\u010dki okupirati njezin prostor, \u0161trajkati gla\u0111u, mar\u0161irati na hrvatsku granicu i svih ovih 17 godina biti sve ve\u0107i &#8220;kamen u cipeli&#8221; svih vlada. Stoga, u kona\u010dnici, \u010destitamo radnicima i radnicama Aide na upornosti i trudu i nadamo se da ih \u010deka mirovina ne\u0161to ugodnija od radnog vijeka, kojeg su umjesto proizvode\u0107i cipele, proveli \u0161trajkaju\u0107i za svoja prava.<\/p>\n","protected":false},"excerpt":{"rendered":"<p>Vlada Tuzlanskog kantona napokon je izdvojila i posljednju tran\u0161u sredstava za &#8220;uvezivanje&#8221; radnog sta\u017ea radnicima tvornice obu\u0107e Aida iz Tuzle. Pobjeda je to 17 godina dugog inzistiranja na svojim pravima. Radi se o dva milijuna konvertibilnih maraka za 276 radnika Aide u periodu od 2009.-2015. godine. Prema odluci kantonalne vlade sredstva \u0107e biti preba\u010dena s [&hellip;]<\/p>\n","protected":false},"author":4,"featured_media":20315,"comment_status":"closed","ping_status":"closed","sticky":false,"template":"","format":"standard","meta":{"footnotes":""},"categories":[],"tags":[85],"theme":[455],"country":[35],"articleformat":[205],"coauthors":[289],"class_list":["post-20314","post","type-post","status-publish","format-standard","has-post-thumbnail","hentry","tag-radnicki-pokret","theme-rad","country-bih","articleformat-vijest"],"_links":{"self":[{"href":"https:\/\/www.bilten.org\/index.php?rest_route=\/wp\/v2\/posts\/20314","targetHints":{"allow":["GET"]}}],"collection":[{"href":"https:\/\/www.bilten.org\/index.php?rest_route=\/wp\/v2\/posts"}],"about":[{"href":"https:\/\/www.bilten.org\/index.php?rest_route=\/wp\/v2\/types\/post"}],"author":[{"embeddable":true,"href":"https:\/\/www.bilten.org\/index.php?rest_route=\/wp\/v2\/users\/4"}],"replies":[{"embeddable":true,"href":"https:\/\/www.bilten.org\/index.php?rest_route=%2Fwp%2Fv2%2Fcomments&post=20314"}],"version-history":[{"count":5,"href":"https:\/\/www.bilten.org\/index.php?rest_route=\/wp\/v2\/posts\/20314\/revisions"}],"predecessor-version":[{"id":20321,"href":"https:\/\/www.bilten.org\/index.php?rest_route=\/wp\/v2\/posts\/20314\/revisions\/20321"}],"wp:featuredmedia":[{"embeddable":true,"href":"https:\/\/www.bilten.org\/index.php?rest_route=\/wp\/v2\/media\/20315"}],"wp:attachment":[{"href":"https:\/\/www.bilten.org\/index.php?rest_route=%2Fwp%2Fv2%2Fmedia&parent=20314"}],"wp:term":[{"taxonomy":"category","embeddable":true,"href":"https:\/\/www.bilten.org\/index.php?rest_route=%2Fwp%2Fv2%2Fcategories&post=20314"},{"taxonomy":"post_tag","embeddable":true,"href":"https:\/\/www.bilten.org\/index.php?rest_route=%2Fwp%2Fv2%2Ftags&post=20314"},{"taxonomy":"theme","embeddable":true,"href":"https:\/\/www.bilten.org\/index.php?rest_route=%2Fwp%2Fv2%2Ftheme&post=20314"},{"taxonomy":"country","embeddable":true,"href":"https:\/\/www.bilten.org\/index.php?rest_route=%2Fwp%2Fv2%2Fcountry&post=20314"},{"taxonomy":"articleformat","embeddable":true,"href":"https:\/\/www.bilten.org\/index.php?rest_route=%2Fwp%2Fv2%2Farticleformat&post=20314"},{"taxonomy":"author","embeddable":true,"href":"https:\/\/www.bilten.org\/index.php?rest_route=%2Fwp%2Fv2%2Fcoauthors&post=20314"}],"curies":[{"name":"wp","href":"https:\/\/api.w.org\/{rel}","templated":true}]}}