{"id":20174,"date":"2017-09-19T10:25:07","date_gmt":"2017-09-19T09:25:07","guid":{"rendered":"http:\/\/www.bilten.org\/?p=20174"},"modified":"2017-09-19T14:55:50","modified_gmt":"2017-09-19T13:55:50","slug":"drugi-svjetski-rat-nerijesen-rezultat","status":"publish","type":"post","link":"https:\/\/www.bilten.org\/?p=20174","title":{"rendered":"Drugi svjetski rat: nerije\u0161en rezultat"},"content":{"rendered":"<p>Te\u0161ko je vi\u0161e i pratiti sve te razne inicijative \u0161irom Isto\u010dne Evrope koje se nastoje obra\u010dunati s komunisti\u010dkim naslje\u0111em. Jedino u \u0161to mo\u017eemo biti sigurni jest da te &#8220;ideolo\u0161ke&#8221; inicijative prili\u010dno kaskaju za ekonomskim obra\u010dunom s tim naslje\u0111em. Me\u0111utim, tu je formula jasna: socijalne posljedice ekonomskog obra\u010duna nastoje se natovariti na le\u0111a upravo onim simbolima koji se \u017eele odstraniti.<\/p>\n<p>Kao \u0161to smo rekli, inicijativa je beskona\u010dno, ali tu i tamo neke valja izdvojiti. Ju\u010der je Lulzim Basha, \u010delnik Demokratske stranke (PD), najve\u0107e opozicijske stranke u Albaniji, <a href=\"http:\/\/www.balkaninsight.com\/en\/article\/albanian-opposition-proposes-ban-of-communism-symbols-09-18-2017\" target=\"_blank\">najavio izradu prijedloga<\/a> zakona o zabrani kori\u0161tenja komunisti\u010dkih simbola u javnom prostoru. Iako odavno alergi\u010dan na tu simboliku, Bashu su na odlu\u010dan korak ovaj put potaknuli simboli u rukama nevine djece. Naime, na nedavnom\u00a0obilje\u017eavanju 75. godi\u0161njice ustanka u Pezi, pored uobi\u010dajenih sumnjivaca, komunisti\u010dkim simbolima i slikama Envera Hoxhe razbacivala su se i djeca.<\/p>\n<p>Basha to jednostavno vi\u0161e nije mogao trpjeti i odlu\u010dio je spasiti djecu. Kako? Tako \u0161to je odlu\u010dio konzultirati, a onda vjerojatno dobrim dijelom i prepisati, njema\u010dki zakon o zabrani upotrebe nacisti\u010dkih simbola. \u0160to god da mislili o albanskom komunizmu, Bashina inspiracija predstavlja jednu od najmizernijih povijesnih ironija u zadnje vrijeme, a nije da ih nedostaje: zabranit \u0107emo simbole onih koji su ustali protiv nacizma tako da prepi\u0161emo njema\u010dki zakon koji zabranjuje upotrebu simbola nacizma. Ispravite povijesne knjige, Drugi svjetski rat je zavr\u0161io nerije\u0161eno.<\/p>\n","protected":false},"excerpt":{"rendered":"<p>Te\u0161ko je vi\u0161e i pratiti sve te razne inicijative \u0161irom Isto\u010dne Evrope koje se nastoje obra\u010dunati s komunisti\u010dkim naslje\u0111em. Jedino u \u0161to mo\u017eemo biti sigurni jest da te &#8220;ideolo\u0161ke&#8221; inicijative prili\u010dno kaskaju za ekonomskim obra\u010dunom s tim naslje\u0111em. Me\u0111utim, tu je formula jasna: socijalne posljedice ekonomskog obra\u010duna nastoje se natovariti na le\u0111a upravo onim simbolima [&hellip;]<\/p>\n","protected":false},"author":5,"featured_media":20176,"comment_status":"closed","ping_status":"closed","sticky":false,"template":"","format":"standard","meta":{"footnotes":""},"categories":[],"tags":[144],"theme":[458],"country":[65],"articleformat":[205],"coauthors":[291],"class_list":["post-20174","post","type-post","status-publish","format-standard","has-post-thumbnail","hentry","tag-revizionizam","theme-drustvo","country-albanija","articleformat-vijest"],"_links":{"self":[{"href":"https:\/\/www.bilten.org\/index.php?rest_route=\/wp\/v2\/posts\/20174","targetHints":{"allow":["GET"]}}],"collection":[{"href":"https:\/\/www.bilten.org\/index.php?rest_route=\/wp\/v2\/posts"}],"about":[{"href":"https:\/\/www.bilten.org\/index.php?rest_route=\/wp\/v2\/types\/post"}],"author":[{"embeddable":true,"href":"https:\/\/www.bilten.org\/index.php?rest_route=\/wp\/v2\/users\/5"}],"replies":[{"embeddable":true,"href":"https:\/\/www.bilten.org\/index.php?rest_route=%2Fwp%2Fv2%2Fcomments&post=20174"}],"version-history":[{"count":4,"href":"https:\/\/www.bilten.org\/index.php?rest_route=\/wp\/v2\/posts\/20174\/revisions"}],"predecessor-version":[{"id":20179,"href":"https:\/\/www.bilten.org\/index.php?rest_route=\/wp\/v2\/posts\/20174\/revisions\/20179"}],"wp:featuredmedia":[{"embeddable":true,"href":"https:\/\/www.bilten.org\/index.php?rest_route=\/wp\/v2\/media\/20176"}],"wp:attachment":[{"href":"https:\/\/www.bilten.org\/index.php?rest_route=%2Fwp%2Fv2%2Fmedia&parent=20174"}],"wp:term":[{"taxonomy":"category","embeddable":true,"href":"https:\/\/www.bilten.org\/index.php?rest_route=%2Fwp%2Fv2%2Fcategories&post=20174"},{"taxonomy":"post_tag","embeddable":true,"href":"https:\/\/www.bilten.org\/index.php?rest_route=%2Fwp%2Fv2%2Ftags&post=20174"},{"taxonomy":"theme","embeddable":true,"href":"https:\/\/www.bilten.org\/index.php?rest_route=%2Fwp%2Fv2%2Ftheme&post=20174"},{"taxonomy":"country","embeddable":true,"href":"https:\/\/www.bilten.org\/index.php?rest_route=%2Fwp%2Fv2%2Fcountry&post=20174"},{"taxonomy":"articleformat","embeddable":true,"href":"https:\/\/www.bilten.org\/index.php?rest_route=%2Fwp%2Fv2%2Farticleformat&post=20174"},{"taxonomy":"author","embeddable":true,"href":"https:\/\/www.bilten.org\/index.php?rest_route=%2Fwp%2Fv2%2Fcoauthors&post=20174"}],"curies":[{"name":"wp","href":"https:\/\/api.w.org\/{rel}","templated":true}]}}