{"id":19939,"date":"2017-09-05T07:00:27","date_gmt":"2017-09-05T06:00:27","guid":{"rendered":"http:\/\/www.bilten.org\/?p=19939"},"modified":"2017-09-05T06:57:59","modified_gmt":"2017-09-05T05:57:59","slug":"toponimska-rekonkvista-bugarske-desnice","status":"publish","type":"post","link":"https:\/\/www.bilten.org\/?p=19939","title":{"rendered":"Toponimska rekonkvista bugarske desnice"},"content":{"rendered":"<p>Stotinjak kilometara ju\u017eno od Sofije, u sklopu Rilske planine, nalazi se vrh Musala. Sa svojih 2925 metara nadmorske visine, ovo je najvi\u0161i vrh Balkana, te op\u0107enito najvi\u0161a to\u010dka izme\u0111u Alpa i Kavkaza. Zbog svega ovoga, Musala bi trebala biti jedan od va\u017enijih nacionalnih simbola Bugarske, no u tome je prije\u010di nezgodno ime. Naime, naziv Musala vjerojatno dolazi iz turskog, preko arapskog, a ozna\u010dava mjesto blisko Bogu, pa se i danas koristi kao termin za otvoreni dio d\u017eamije. To porijeklo izvor je trajnih frustracija bugarskim nacionalistima. Prema informacijama iz regionalnih medija, nedavno je propao jo\u0161 jedan poku\u0161aj da se ime vrha promijeni.<\/p>\n<p>Odbor ureda bugarskog predsjednika Rumena Radeva odbio je zahtjev upravitelja Sofijske oblasti Ilijana Todorova da se vrh preimenuje po svetom Ivanu Rilskom, jednom od najva\u017enijih svetaca Bugarske pravoslavne crkve, koji je u 10. stolje\u0107u \u017eivio kao pustinjak na ovoj planini. U obrazlo\u017eenju, ured predsjednika navodi kako je o ovom pitanju potrebna &#8220;ozbiljna javna rasprava&#8221; jer nije sasvim jasno je li ime doista arapsko ili je mogu\u0107a i neka druga etimologija. Uz to, preimenovanje bi, kako se navodi, zahtijevalo promjene turisti\u010dkih karata, \u0161to bi bilo nezgodno.<\/p>\n<p>Todorov, dakako, \u017eeli promijeniti ime iz &#8220;pravoslavnih&#8221; (\u010ditaj: nacionalisti\u010dkih) razloga. No kako on pripada ekstremnoj desnici, njegov zahtjev ne \u010dudi. Predsjednik Radev pak formalno pripada ljevici, \u0161to ga ne sprje\u010dava da se izgovara etimolo\u0161kim dilemama i tiskarskim tro\u0161kovima. Ukratko, u Bugarskoj je trenutno sasvim legitimno te\u017eiti sustavnoj \u010distki svakog toponimskog traga Turaka i islama, pa \u010dak i onih najslavnijih. Pritom nikog ne zabrinjava \u0161to je rije\u010d o zemlji \u010dijih pola milijuna dr\u017eavljana govori turskim kao materinjim jezikom i u kojoj je 8% stanovnika muslimanske vjere.<\/p>\n","protected":false},"excerpt":{"rendered":"<p>Stotinjak kilometara ju\u017eno od Sofije, u sklopu Rilske planine, nalazi se vrh Musala. Sa svojih 2925 metara nadmorske visine, ovo je najvi\u0161i vrh Balkana, te op\u0107enito najvi\u0161a to\u010dka izme\u0111u Alpa i Kavkaza. Zbog svega ovoga, Musala bi trebala biti jedan od va\u017enijih nacionalnih simbola Bugarske&#8230;<\/p>\n","protected":false},"author":10,"featured_media":19943,"comment_status":"closed","ping_status":"closed","sticky":false,"template":"","format":"standard","meta":{"footnotes":""},"categories":[],"tags":[25],"theme":[456],"country":[48],"articleformat":[205],"coauthors":[26],"class_list":["post-19939","post","type-post","status-publish","format-standard","has-post-thumbnail","hentry","tag-nacionalizam","theme-politika","country-bugarska","articleformat-vijest"],"_links":{"self":[{"href":"https:\/\/www.bilten.org\/index.php?rest_route=\/wp\/v2\/posts\/19939","targetHints":{"allow":["GET"]}}],"collection":[{"href":"https:\/\/www.bilten.org\/index.php?rest_route=\/wp\/v2\/posts"}],"about":[{"href":"https:\/\/www.bilten.org\/index.php?rest_route=\/wp\/v2\/types\/post"}],"author":[{"embeddable":true,"href":"https:\/\/www.bilten.org\/index.php?rest_route=\/wp\/v2\/users\/10"}],"replies":[{"embeddable":true,"href":"https:\/\/www.bilten.org\/index.php?rest_route=%2Fwp%2Fv2%2Fcomments&post=19939"}],"version-history":[{"count":7,"href":"https:\/\/www.bilten.org\/index.php?rest_route=\/wp\/v2\/posts\/19939\/revisions"}],"predecessor-version":[{"id":19950,"href":"https:\/\/www.bilten.org\/index.php?rest_route=\/wp\/v2\/posts\/19939\/revisions\/19950"}],"wp:featuredmedia":[{"embeddable":true,"href":"https:\/\/www.bilten.org\/index.php?rest_route=\/wp\/v2\/media\/19943"}],"wp:attachment":[{"href":"https:\/\/www.bilten.org\/index.php?rest_route=%2Fwp%2Fv2%2Fmedia&parent=19939"}],"wp:term":[{"taxonomy":"category","embeddable":true,"href":"https:\/\/www.bilten.org\/index.php?rest_route=%2Fwp%2Fv2%2Fcategories&post=19939"},{"taxonomy":"post_tag","embeddable":true,"href":"https:\/\/www.bilten.org\/index.php?rest_route=%2Fwp%2Fv2%2Ftags&post=19939"},{"taxonomy":"theme","embeddable":true,"href":"https:\/\/www.bilten.org\/index.php?rest_route=%2Fwp%2Fv2%2Ftheme&post=19939"},{"taxonomy":"country","embeddable":true,"href":"https:\/\/www.bilten.org\/index.php?rest_route=%2Fwp%2Fv2%2Fcountry&post=19939"},{"taxonomy":"articleformat","embeddable":true,"href":"https:\/\/www.bilten.org\/index.php?rest_route=%2Fwp%2Fv2%2Farticleformat&post=19939"},{"taxonomy":"author","embeddable":true,"href":"https:\/\/www.bilten.org\/index.php?rest_route=%2Fwp%2Fv2%2Fcoauthors&post=19939"}],"curies":[{"name":"wp","href":"https:\/\/api.w.org\/{rel}","templated":true}]}}