{"id":19337,"date":"2017-07-12T07:00:42","date_gmt":"2017-07-12T06:00:42","guid":{"rendered":"http:\/\/www.bilten.org\/?p=19337"},"modified":"2017-07-11T11:56:34","modified_gmt":"2017-07-11T10:56:34","slug":"velika-bugarska-u-izbjeglistvu","status":"publish","type":"post","link":"https:\/\/www.bilten.org\/?p=19337","title":{"rendered":"&#8220;Velika Bugarska&#8221; u izbjegli\u0161tvu"},"content":{"rendered":"<p>Gotovo da nema nesre\u0107e za koju europski politi\u010dari \u2013 isto\u010dni i zapadni \u2013 nisu tijekom zadnjih nekoliko godina optu\u017eili sirijske izbjeglice. U svojim rasisti\u010dkim bula\u017enjenjima, poljski predsjednik Andrzej Duda je npr. <a href=\"http:\/\/www.aljazeera.com\/news\/2015\/10\/poland-president-refugees-epidemics-151018162358594.html\" target=\"_blank\">upozorio<\/a> kako izbjeglice u Europu donose bolesti. <a href=\"http:\/\/www.euro.who.int\/en\/health-topics\/health-determinants\/migration-and-health\/migrant-health-in-the-european-region\/migration-and-health-key-issues\" target=\"_blank\">Nikakvih<\/a> pokazatelja epidemija povezanih s migracijama nije bilo, a izbjeglice ionako nisu prolazile ni blizu Poljske. Ma\u0111arski premijer Viktor Orb\u00e1n je pak dr\u017eavnim novcima platio plakate diljem zemlje na kojima se tvrdilo da su izbjeglice izvele teroristi\u010dke napade na Pariz, iako se ve\u0107 tad <a href=\"http:\/\/www.bilten.org\/?p=8198\" target=\"_blank\">znalo<\/a> da su svi po\u010dinitelji ro\u0111eni u Europi. Na kraju, gotovo da nema zemlje u kojoj se ne tvrdi da izbjeglice sni\u017eavaju cijenu rada, iako ona ovisi o organiziranosti radni\u010dke klase, a ne porijeklu i vjerskom opredjeljenju pojedinih njenih pripadnika.<\/p>\n<p>Svim ovim optu\u017ebama u Bugarskoj se nedavno pridru\u017eila i ona da izbjeglice kradu bugarsku zemlju \u2013 i to u Srbiji. Bugarska desnica je <a href=\"http:\/\/www.novinite.com\/articles\/180953\/Serbia+settles+refugees+in+a+western+area+populated+with+a+Bulgarian+community\" target=\"_blank\">bijesno<\/a> reagirala na vijest da su predstavnici op\u0107ine Bosilegrad na krajnjem jugoistoku Srbije i srpsko Ministarstvo unutra\u0161njih poslova odr\u017eali tehni\u010dki sastanak o smje\u0161taju izbjeglica u objektima na podru\u010dju te op\u0107ine. Bosilegrad je op\u0107ina u kojoj ve\u0107inu \u010dine etni\u010dki Bugari i pripada onom \u0161to se u velikobugarskom imaginariju <a href=\"https:\/\/sr.wikipedia.org\/wiki\/%D0%97%D0%B0%D0%BF%D0%B0%D0%B4%D0%BD%D0%B5_%D0%BF%D0%BE%D0%BA%D1%80%D0%B0%D1%98%D0%B8%D0%BD%D0%B5\" target=\"_blank\">naziva<\/a> &#8220;zapadnim bugarskim pokrajinama&#8221; koje je ta zemlja morala prepustiti Srbiji nakon \u0161to se u Prvom svjetskom ratu na\u0161la na krivoj strani. U pomra\u010denim umovima ekstremnih desni\u010dara, cijela stvar je jedna velika srpsko-muslimanska zavjera da se u Bosilegradu nasele Arapi i tako trajno oduzme sveta bugarska zemlja.<\/p>\n<p>No izgleda da ipak nije sve izgubljeno za fantaziste Velike Bugarske. Ta zemlja mo\u017eda <a href=\"http:\/\/www.novinite.com\/articles\/181121\/The+Population+in+Bulgaria+is+Decreasing+with+One+of+the+Fastest+Rates+in+Europe\" target=\"_blank\">slu\u017ebeno<\/a> jest jedna od onih koje najbr\u017ee gube stanovni\u0161tvo u novijoj demografskoj povijesti kontinenta, ali to ne zna\u010di da se ne mogu na\u0107i i novi Bugari u jo\u0161 zapadnijim &#8220;bugarskim pokrajinama&#8221;. U malom selu Trebi\u0161tu na istoku Albanije do\u0161lo je do prave <a href=\"http:\/\/www.novinite.com\/articles\/181076\/Dash+for+Bulgarian+passports+empties+Albanian+village\" target=\"_blank\">pomame<\/a> za bugarskim paso\u0161ima. Tamo\u0161nji su se slavenofoni stanovnici ranije deklarirali kao Makedonci, ali su u me\u0111uvremenu iskoristili interes bugarske dr\u017eave za pronala\u017eenjem nove dijaspore da bi se domogli putnih isprava koje omogu\u0107avaju lak\u0161e radne migracije na Zapad. Novi Bugari tako ni\u010du na sasvim neo\u010dekivanim mjestima, ali samo kako bi se brzo <a href=\"http:\/\/www.bilten.org\/?p=1506\" target=\"_blank\">pridru\u017eili<\/a> svojim &#8220;sunarodnjacima&#8221; kao \u2013 paradoksalno \u2013 gastarbajteri, odnosno &#8220;ekonomski migranti&#8221;.<\/p>\n","protected":false},"excerpt":{"rendered":"<p>Gotovo da nema nesre\u0107e za koju europski politi\u010dari \u2013 isto\u010dni i zapadni \u2013 nisu tijekom zadnjih nekoliko godina optu\u017eili sirijske izbjeglice. U svojim rasisti\u010dkim bula\u017enjenjima, poljski predsjednik Andrzej Duda je npr. upozorio kako izbjeglice u Europu donose bolesti&#8230;<\/p>\n","protected":false},"author":10,"featured_media":19338,"comment_status":"closed","ping_status":"closed","sticky":false,"template":"","format":"standard","meta":{"footnotes":""},"categories":[],"tags":[46],"theme":[458],"country":[65,48],"articleformat":[205],"coauthors":[26],"class_list":["post-19337","post","type-post","status-publish","format-standard","has-post-thumbnail","hentry","tag-migracije","theme-drustvo","country-albanija","country-bugarska","articleformat-vijest"],"_links":{"self":[{"href":"https:\/\/www.bilten.org\/index.php?rest_route=\/wp\/v2\/posts\/19337","targetHints":{"allow":["GET"]}}],"collection":[{"href":"https:\/\/www.bilten.org\/index.php?rest_route=\/wp\/v2\/posts"}],"about":[{"href":"https:\/\/www.bilten.org\/index.php?rest_route=\/wp\/v2\/types\/post"}],"author":[{"embeddable":true,"href":"https:\/\/www.bilten.org\/index.php?rest_route=\/wp\/v2\/users\/10"}],"replies":[{"embeddable":true,"href":"https:\/\/www.bilten.org\/index.php?rest_route=%2Fwp%2Fv2%2Fcomments&post=19337"}],"version-history":[{"count":4,"href":"https:\/\/www.bilten.org\/index.php?rest_route=\/wp\/v2\/posts\/19337\/revisions"}],"predecessor-version":[{"id":19342,"href":"https:\/\/www.bilten.org\/index.php?rest_route=\/wp\/v2\/posts\/19337\/revisions\/19342"}],"wp:featuredmedia":[{"embeddable":true,"href":"https:\/\/www.bilten.org\/index.php?rest_route=\/wp\/v2\/media\/19338"}],"wp:attachment":[{"href":"https:\/\/www.bilten.org\/index.php?rest_route=%2Fwp%2Fv2%2Fmedia&parent=19337"}],"wp:term":[{"taxonomy":"category","embeddable":true,"href":"https:\/\/www.bilten.org\/index.php?rest_route=%2Fwp%2Fv2%2Fcategories&post=19337"},{"taxonomy":"post_tag","embeddable":true,"href":"https:\/\/www.bilten.org\/index.php?rest_route=%2Fwp%2Fv2%2Ftags&post=19337"},{"taxonomy":"theme","embeddable":true,"href":"https:\/\/www.bilten.org\/index.php?rest_route=%2Fwp%2Fv2%2Ftheme&post=19337"},{"taxonomy":"country","embeddable":true,"href":"https:\/\/www.bilten.org\/index.php?rest_route=%2Fwp%2Fv2%2Fcountry&post=19337"},{"taxonomy":"articleformat","embeddable":true,"href":"https:\/\/www.bilten.org\/index.php?rest_route=%2Fwp%2Fv2%2Farticleformat&post=19337"},{"taxonomy":"author","embeddable":true,"href":"https:\/\/www.bilten.org\/index.php?rest_route=%2Fwp%2Fv2%2Fcoauthors&post=19337"}],"curies":[{"name":"wp","href":"https:\/\/api.w.org\/{rel}","templated":true}]}}