{"id":18733,"date":"2017-06-07T08:00:15","date_gmt":"2017-06-07T07:00:15","guid":{"rendered":"http:\/\/www.bilten.org\/?p=18733"},"modified":"2017-06-07T07:52:28","modified_gmt":"2017-06-07T06:52:28","slug":"desna-opozicija-desnoj-vladi","status":"publish","type":"post","link":"https:\/\/www.bilten.org\/?p=18733","title":{"rendered":"Jobbik umjesto Orb\u00e1na?"},"content":{"rendered":"<p>Devedeset i sedma godi\u0161njica Trianonskog sporazuma \u2013 kojim je 1920. godine tada\u0161nja Ugarska izgubila dvije tre\u0107ine teritorija \u2013 pro\u0161la je ove godine sve\u010danije nego ranije. Kako pi\u0161u ma\u0111arski mediji, vladaju\u0107a stranka Fidesz premijera Viktora Orb\u00e1na definitivno je nedjeljnim obilje\u017eavanjem Trianona duboko zagazila u teritorij ekstremne desnice koja jo\u0161 uvijek sanja Ma\u0111arsku od Karpata do Jadrana. I opozicijske stranke su se potrudile ne zaostajati, pa su sve, od onih fa\u0161isti\u010dkih do onih liberalnih, poslale prikladna <a href=\"http:\/\/hungarytoday.hu\/news\/97th-anniversary-treaty-trianon-hungary-holds-day-national-cohesion-48108\" target=\"_blank\">priop\u0107enja<\/a> na ovaj &#8220;Dan nacionalne kohezije&#8221;. \u0160to vrijeme vi\u0161e prolazi, to se \u010dini da je fantasti\u010dna ideja nekakve promjene granica u Panonskom bazenu aktualnija, barem \u0161to se ti\u010de ma\u0111arske politi\u010dke scene, jer nitko drugi sasvim sigurno ne obra\u0107a pa\u017enju.<\/p>\n<p>A da su razlike na toj sceni sve manje ne ilustrira samo na\u010din na koji se slavi &#8220;nacionalna kohezija&#8221;, ve\u0107 i strate\u0161ka razmi\u0161ljanja u Ma\u0111arskoj socijalisti\u010dkoj stranci (MSzP), predvodnici liberalne opozicije. Nakon niza izbornih neuspjeha u srazu s Orb\u00e1nom, socijaldemokrati su po\u010deli razmi\u0161ljati o izbornom savezu s Jobbikom, strankom ekstremne desnice. Matemati\u010dki, jedino savez otvorenih fa\u0161ista i proeuropskih liberala mo\u017ee ugroziti vlast Orb\u00e1na, \u010diji se uspjeh upravo i temelji na tome da kombinira politike i retorike koje tradicionalno pripadaju liberalizmu i ekstremnoj desnici. Politika, me\u0111utim, nije aritmetika, pa je i plan ru\u0161enja Orb\u00e1na da bi se na vlast doveo jo\u0161 gori Jobbik izazvao opravdane kritike. No takve su kalkulacije naposljetku samo posljedica bankrota svih dosada\u0161njih strategija ma\u0111arskih liberala.<\/p>\n<p>Uvjereni da je njihov problem tek personalni ili prolazni, liberali su se godinama dijelili i obnavljali tako da su sad raspr\u0161eni u 7-8 stranaka, od kojih ni jedna nema vi\u0161e od 20% potpore. Posljednjih godina jasno je da podijeljenost vi\u0161e uop\u0107e nije klju\u010dni problem: svi zajedno ne dolaze ni blizu postotku koji dobiva Fidesz, a sada ih lako preska\u010de \u010dak i Jobbik. Upla\u0161eni da vi\u0161e nikada ne\u0107e uspjeti do\u0107i do pozicija mo\u0107i i nesposobni da ponude alternativu vladaju\u0107ima, opozicionari su uspjeli osmisliti samo to da ih kopiraju kroz suradnju s ekstremnom desnicom. Klimavu logiku koja stoji iza ovoga sarkasti\u010dno je <a href=\"http:\/\/hungarianfreepress.com\/2017\/06\/05\/ildiko-lendvai-the-democratic-left-must-not-ally-itself-with-jobbik\/\" target=\"_blank\">komentirala<\/a> biv\u0161a zastupnica Ildik\u00f3 Lendvai: &#8220;ako sad sura\u0111ujemo s Jobbikom da smijenimo Fidesz, ho\u0107emo li sutra sura\u0111ivati s Fideszom da smijenimo Jobbik?&#8221;<\/p>\n","protected":false},"excerpt":{"rendered":"<p>Devedeset i sedma godi\u0161njica Trianonskog sporazuma \u2013 kojim je 1920. godine tada\u0161nja Ugarska izgubila dvije tre\u0107ine teritorija \u2013 pro\u0161la je ove godine sve\u010danije nego ranije. Kako pi\u0161u ma\u0111arski mediji, vladaju\u0107a stranka Fidesz premijera Viktora Orb\u00e1na&#8230;<\/p>\n","protected":false},"author":10,"featured_media":18734,"comment_status":"closed","ping_status":"closed","sticky":false,"template":"","format":"standard","meta":{"footnotes":""},"categories":[],"tags":[287,25],"theme":[456],"country":[],"articleformat":[205],"coauthors":[26],"class_list":["post-18733","post","type-post","status-publish","format-standard","has-post-thumbnail","hentry","tag-madarska","tag-nacionalizam","theme-politika","articleformat-vijest"],"_links":{"self":[{"href":"https:\/\/www.bilten.org\/index.php?rest_route=\/wp\/v2\/posts\/18733","targetHints":{"allow":["GET"]}}],"collection":[{"href":"https:\/\/www.bilten.org\/index.php?rest_route=\/wp\/v2\/posts"}],"about":[{"href":"https:\/\/www.bilten.org\/index.php?rest_route=\/wp\/v2\/types\/post"}],"author":[{"embeddable":true,"href":"https:\/\/www.bilten.org\/index.php?rest_route=\/wp\/v2\/users\/10"}],"replies":[{"embeddable":true,"href":"https:\/\/www.bilten.org\/index.php?rest_route=%2Fwp%2Fv2%2Fcomments&post=18733"}],"version-history":[{"count":4,"href":"https:\/\/www.bilten.org\/index.php?rest_route=\/wp\/v2\/posts\/18733\/revisions"}],"predecessor-version":[{"id":18741,"href":"https:\/\/www.bilten.org\/index.php?rest_route=\/wp\/v2\/posts\/18733\/revisions\/18741"}],"wp:featuredmedia":[{"embeddable":true,"href":"https:\/\/www.bilten.org\/index.php?rest_route=\/wp\/v2\/media\/18734"}],"wp:attachment":[{"href":"https:\/\/www.bilten.org\/index.php?rest_route=%2Fwp%2Fv2%2Fmedia&parent=18733"}],"wp:term":[{"taxonomy":"category","embeddable":true,"href":"https:\/\/www.bilten.org\/index.php?rest_route=%2Fwp%2Fv2%2Fcategories&post=18733"},{"taxonomy":"post_tag","embeddable":true,"href":"https:\/\/www.bilten.org\/index.php?rest_route=%2Fwp%2Fv2%2Ftags&post=18733"},{"taxonomy":"theme","embeddable":true,"href":"https:\/\/www.bilten.org\/index.php?rest_route=%2Fwp%2Fv2%2Ftheme&post=18733"},{"taxonomy":"country","embeddable":true,"href":"https:\/\/www.bilten.org\/index.php?rest_route=%2Fwp%2Fv2%2Fcountry&post=18733"},{"taxonomy":"articleformat","embeddable":true,"href":"https:\/\/www.bilten.org\/index.php?rest_route=%2Fwp%2Fv2%2Farticleformat&post=18733"},{"taxonomy":"author","embeddable":true,"href":"https:\/\/www.bilten.org\/index.php?rest_route=%2Fwp%2Fv2%2Fcoauthors&post=18733"}],"curies":[{"name":"wp","href":"https:\/\/api.w.org\/{rel}","templated":true}]}}