{"id":18539,"date":"2017-05-26T09:50:13","date_gmt":"2017-05-26T08:50:13","guid":{"rendered":"http:\/\/www.bilten.org\/?p=18539"},"modified":"2017-05-26T10:13:02","modified_gmt":"2017-05-26T09:13:02","slug":"obiteljasi-u-budimpesti","status":"publish","type":"post","link":"https:\/\/www.bilten.org\/?p=18539","title":{"rendered":"&#8220;Obitelja\u0161i&#8221; u Budimpe\u0161ti"},"content":{"rendered":"<p>U Budimpe\u0161ti se ovih dana odr\u017eava &#8220;Svjetski kongres obitelji&#8221;, veliki skup kr\u0161\u0107anskih ultrakonzervativaca. Kongres formalno organizira ameri\u010dka politi\u010dka <a href=\"https:\/\/wcf11.org\/wcf-xi-description\" target=\"_blank\">fondacija<\/a> koja se bavi ograni\u010davanjem ljudskih prava diljem svijeta, a njezini korijeni se nalaze u mutnim vodama evangeli\u010dke ekstremne desnice. Globalna djelatnost ove organizacije zapravo neodoljivo podsje\u0107a na aktivnosti liberalnih fondacija poput &#8220;Open Societyja&#8221; Georgea Sorosa, samo u zrcalnom odrazu. Naime, tamo gdje Soros financira propagandu euroatlantskih integracija, &#8220;obitelja\u0161i&#8221; sura\u0111uju s vladom Ruske Federacije u izradi homofobnih zakona i posljedi\u010dno reklamiraju Putina kao spasitelja Svijeta od mrske modernosti.<\/p>\n<p>Tamo gdje Soros financira promicanje koncepta gra\u0111anskih prava (s posebnim naglaskom na prava privatnog vlasni\u0161tva), ultrakonzervativci poku\u0161avaju o\u017eiviti Svijet koji je po\u010deo nestajati davne 1789., ali se neprestano tvrdoglavo vra\u0107a u najmra\u010dnijim trenucima \u010dovje\u010danstva. S obzirom da je rije\u010d o organizaciji ekstremne desnice primarno politi\u010dke, a ne vjerske motivacije, ne \u010dudi &#8220;ekumenizam&#8221; ina\u010de isklju\u010divih tradicionalista. Tako \u0107e se na budimpe\u0161tanskom skupu na\u0107i <a href=\"http:\/\/www.balkaninsight.com\/en\/article\/croatia-serbia-groups-on-controversial-world-family-conference-05-24-2017\" target=\"_blank\">lideri<\/a> ultrakonzervativaca iz Srbije i Hrvatske, Bo\u0161ko Obradovi\u0107 i \u017deljka Marki\u0107, koji \u0107e radi zajedni\u010dke globalne borbe protiv prava manjina privremeno zaboraviti da u tom smislu u nacionalnom kontekstu imaju razli\u010dite agende.<\/p>\n<p><strong>Pumpanje djece<\/strong><\/p>\n<p>Lokacija doga\u0111aja nije naravno odabrana slu\u010dajno: kongres u\u017eiva veliku podr\u0161ku i pomo\u0107 ma\u0111arske vlade, koja je pak od svjetskih ultrakonzervativaca dobila titulu &#8220;nacije prijateljske prema obitelji&#8221;. Me\u0111u politikama koje je premijer Viktor Orb\u00e1n prilikom otvaranja kongresa obe\u0107ao svojim globalnim obo\u017eavateljima posebno se isti\u010de poku\u0161aj dramati\u010dnog pove\u0107anja ma\u0111arskog nataliteta u sklopu njegove ambicije da &#8220;spasi&#8221; bijelu i kr\u0161\u0107ansku Europu od navodnog &#8220;samouni\u0161tenja&#8221;. No konkretne bi se mjere mogle ipak pokazati nedovoljnima da stopu fertiliteta <a href=\"http:\/\/hungarytoday.hu\/news\/hungarian-pm-laments-european-demographic-decline-announces-family-supporting-measures-budapest-family-summit-61135\" target=\"_blank\">pove\u0107aju<\/a> s dana\u0161njih ispod 1,5 do nevjerojatnih 2,1. Jer, to se navodno namjerava u\u010diniti tek olak\u0161anjem kreditnog optere\u0107enja za one s troje ili vi\u0161e djece.<\/p>\n<p>Dr\u017eavna pomo\u0107 u otplati ina\u010de neotplativih kredita (na zadovoljstvo jednako banaka koliko i du\u017enika) jedina je &#8220;socijalna&#8221; mjera koju je poduzela Orb\u00e1nova vlada u svojoj navodnoj borbi protiv neoliberalizma. Van toga, njihov razvojni program ostaje privla\u010denje stranih investicija jeftinim radom. Tu borba &#8220;za obitelj&#8221; dobiva znatno manje romanti\u010dni prizvuk borbe za konkurentnost koju ugro\u017eava niski natalitet koji ne dopu\u0161ta br\u017ee ru\u0161enje cijene rada. Malo je tko tu cini\u010dnu ra\u010dunicu bolje <a href=\"http:\/\/hungarianfreepress.com\/2017\/05\/25\/hungarian-action-plan-seeks-to-dramatically-increase-birth-rate-by-2030\/\" target=\"_blank\">izrazio<\/a> od potpredsjednika Orb\u00e1nove stranke Szil\u00e1rda N\u00e9metha: &#8220;oni koji napumpaju puno djece \u0107e vladati Svijetom&#8221;.<\/p>\n","protected":false},"excerpt":{"rendered":"<p>U Budimpe\u0161ti se ovih dana odr\u017eava &#8220;Svjetski kongres obitelji&#8221;, veliki skup kr\u0161\u0107anskih ultrakonzervativaca. Kongres je formalno ameri\u010dka politi\u010dka fondacija koja se bavi ograni\u010davanjem ljudskih prava diljem svijeta, a njezini korijeni se nalaze u mutnim vodama evangeli\u010dke ekstremne desnice&#8230;<\/p>\n","protected":false},"author":10,"featured_media":18540,"comment_status":"closed","ping_status":"closed","sticky":false,"template":"","format":"standard","meta":{"footnotes":""},"categories":[],"tags":[287],"theme":[],"country":[],"articleformat":[205],"coauthors":[26],"class_list":["post-18539","post","type-post","status-publish","format-standard","has-post-thumbnail","hentry","tag-madarska","articleformat-vijest"],"_links":{"self":[{"href":"https:\/\/www.bilten.org\/index.php?rest_route=\/wp\/v2\/posts\/18539","targetHints":{"allow":["GET"]}}],"collection":[{"href":"https:\/\/www.bilten.org\/index.php?rest_route=\/wp\/v2\/posts"}],"about":[{"href":"https:\/\/www.bilten.org\/index.php?rest_route=\/wp\/v2\/types\/post"}],"author":[{"embeddable":true,"href":"https:\/\/www.bilten.org\/index.php?rest_route=\/wp\/v2\/users\/10"}],"replies":[{"embeddable":true,"href":"https:\/\/www.bilten.org\/index.php?rest_route=%2Fwp%2Fv2%2Fcomments&post=18539"}],"version-history":[{"count":2,"href":"https:\/\/www.bilten.org\/index.php?rest_route=\/wp\/v2\/posts\/18539\/revisions"}],"predecessor-version":[{"id":18543,"href":"https:\/\/www.bilten.org\/index.php?rest_route=\/wp\/v2\/posts\/18539\/revisions\/18543"}],"wp:featuredmedia":[{"embeddable":true,"href":"https:\/\/www.bilten.org\/index.php?rest_route=\/wp\/v2\/media\/18540"}],"wp:attachment":[{"href":"https:\/\/www.bilten.org\/index.php?rest_route=%2Fwp%2Fv2%2Fmedia&parent=18539"}],"wp:term":[{"taxonomy":"category","embeddable":true,"href":"https:\/\/www.bilten.org\/index.php?rest_route=%2Fwp%2Fv2%2Fcategories&post=18539"},{"taxonomy":"post_tag","embeddable":true,"href":"https:\/\/www.bilten.org\/index.php?rest_route=%2Fwp%2Fv2%2Ftags&post=18539"},{"taxonomy":"theme","embeddable":true,"href":"https:\/\/www.bilten.org\/index.php?rest_route=%2Fwp%2Fv2%2Ftheme&post=18539"},{"taxonomy":"country","embeddable":true,"href":"https:\/\/www.bilten.org\/index.php?rest_route=%2Fwp%2Fv2%2Fcountry&post=18539"},{"taxonomy":"articleformat","embeddable":true,"href":"https:\/\/www.bilten.org\/index.php?rest_route=%2Fwp%2Fv2%2Farticleformat&post=18539"},{"taxonomy":"author","embeddable":true,"href":"https:\/\/www.bilten.org\/index.php?rest_route=%2Fwp%2Fv2%2Fcoauthors&post=18539"}],"curies":[{"name":"wp","href":"https:\/\/api.w.org\/{rel}","templated":true}]}}