{"id":18336,"date":"2017-05-15T07:00:43","date_gmt":"2017-05-15T06:00:43","guid":{"rendered":"http:\/\/www.bilten.org\/?p=18336"},"modified":"2017-05-15T09:09:36","modified_gmt":"2017-05-15T08:09:36","slug":"srbovanjem-protiv-opozicije","status":"publish","type":"post","link":"https:\/\/www.bilten.org\/?p=18336","title":{"rendered":"Srbovanjem protiv opozicije"},"content":{"rendered":"<p>Neobi\u010dnom pres-konferencijom u nedjelju ujutro, opozicija u Republici Srpskoj je objavila svoju namjeru da sru\u0161i vladu tog bosanskohercegova\u010dkog entiteta. Ru\u0161enje bi se trebalo odviti kroz izglasavanje nepovjerenja u Skup\u0161tini, a razlozi su \u2013 prema obja\u0161njenju predstavnika opozicije \u2013 toliko brojni da se ne mogu sa\u017eeti u jednu presicu, ve\u0107 su od\u0161tampani na dvjestotinjak stranica jedne skripte. Me\u0111u brojnim negativnim ekonomskim pokazateljima isti\u010du se i neke bombasti\u010dne tvrdnje, poput one da je prirodni prira\u0161taj u entitetu zbog aktualne vlade pao 35%. Puno uvjerljiviji su me\u0111utim podaci opozicije o sistemskoj korupciji u entitetskoj vlasti, koja uklju\u010duje i kupnju opozicijskih poslanika, a kojom se vladaju\u0107a koalicija odr\u017eala na vlasti nakon izbora 2014. godine.<\/p>\n<p>Nedjeljni termin za najavu politi\u010dkih aktivnosti nije odabran slu\u010dajno: radi se o godi\u0161njici velikih opozicijskih <a href=\"http:\/\/www.bilten.org\/?p=13347\" target=\"_blank\">protesta<\/a> odr\u017eanih u Banja Luci pro\u0161le godine, \u0161to sugerira kako masovna okupljanja ni ove godine \u2013 kako se to obi\u010dno ka\u017ee \u2013 &#8220;nisu isklju\u010dena&#8221;. No pro\u0161logodi\u0161nji protesti nisu odjeknuli kako se opozicija nadala, djelomi\u010dno i zato \u0161to je vlast u isto vrijeme organizirala kontramiting. Kako se izglasavanje nepovjerenja vladi u Skup\u0161tini u ovom trenutku \u010dini malo vjerojatnim, a protesti su se pokazali riskantnom strategijom, \u010dini se kako opozicija i nema puno opcija. Njihova odluka da vlast pod kontrolom Milorada Dodika napadaju &#8220;tehnokratskim&#8221; prigovorima ve\u0107 je pokazala svoja ograni\u010denja. Entitetski predsjednik je odgovorio svojim standardnim oru\u017ejem: najavom referenduma.<\/p>\n<p>Naravno, to ne zna\u010di da \u0107e se referendum i dogoditi (predsjednik je rekao da on mo\u017ee biti &#8220;i 2018. i 2028.&#8221;), ali pokazuje da Dodik i dalje namjerava igrati na kartu srpstva. A nacionalisti\u010dka opozicija, koju je prije 20 godina uz ameri\u010dku pomo\u0107 ru\u0161io &#8220;umjerenjak&#8221; Dodik, po tom je pitanju iznena\u0111uju\u0107e slaba. To pokazuje i nedavni incident u kojem je Dragan Mekti\u0107 \u2013 \u010dlan Srpske demokratske stranke (SDS) koja je opozicijska u entitetu, ali na vlasti na dr\u017eavnom nivou \u2013 \u010dekaju\u0107i po\u010detak sjednice strana\u010dkog predsjedni\u0161tva ispri\u010dao vic o Karad\u017ei\u0107u i Mladi\u0107u. Burne reakcije koje je izazvalo ovo &#8220;nepo\u0161tovanje&#8221; prema dvojici utemeljitelja i njegove stranke i entiteta daju naslutiti da bi nacionalizam i na izborima sljede\u0107e godine mogao prikriti sve ostale probleme.<\/p>\n","protected":false},"excerpt":{"rendered":"<p>Neobi\u010dnom pres-konferencijom u nedjelju ujutro, opozicija u Republici Srpskoj je najavila svoju namjeru da sru\u0161i vladu tog bosanskohercegova\u010dkog entiteta. Ru\u0161enje bi se trebalo odviti kroz izglasavanje nepovjerenja u Skup\u0161tini&#8230;<\/p>\n","protected":false},"author":10,"featured_media":18337,"comment_status":"closed","ping_status":"closed","sticky":false,"template":"","format":"standard","meta":{"footnotes":""},"categories":[],"tags":[12,25],"theme":[456],"country":[35],"articleformat":[205],"coauthors":[26],"class_list":["post-18336","post","type-post","status-publish","format-standard","has-post-thumbnail","hentry","tag-izbori","tag-nacionalizam","theme-politika","country-bih","articleformat-vijest"],"_links":{"self":[{"href":"https:\/\/www.bilten.org\/index.php?rest_route=\/wp\/v2\/posts\/18336","targetHints":{"allow":["GET"]}}],"collection":[{"href":"https:\/\/www.bilten.org\/index.php?rest_route=\/wp\/v2\/posts"}],"about":[{"href":"https:\/\/www.bilten.org\/index.php?rest_route=\/wp\/v2\/types\/post"}],"author":[{"embeddable":true,"href":"https:\/\/www.bilten.org\/index.php?rest_route=\/wp\/v2\/users\/10"}],"replies":[{"embeddable":true,"href":"https:\/\/www.bilten.org\/index.php?rest_route=%2Fwp%2Fv2%2Fcomments&post=18336"}],"version-history":[{"count":6,"href":"https:\/\/www.bilten.org\/index.php?rest_route=\/wp\/v2\/posts\/18336\/revisions"}],"predecessor-version":[{"id":18347,"href":"https:\/\/www.bilten.org\/index.php?rest_route=\/wp\/v2\/posts\/18336\/revisions\/18347"}],"wp:featuredmedia":[{"embeddable":true,"href":"https:\/\/www.bilten.org\/index.php?rest_route=\/wp\/v2\/media\/18337"}],"wp:attachment":[{"href":"https:\/\/www.bilten.org\/index.php?rest_route=%2Fwp%2Fv2%2Fmedia&parent=18336"}],"wp:term":[{"taxonomy":"category","embeddable":true,"href":"https:\/\/www.bilten.org\/index.php?rest_route=%2Fwp%2Fv2%2Fcategories&post=18336"},{"taxonomy":"post_tag","embeddable":true,"href":"https:\/\/www.bilten.org\/index.php?rest_route=%2Fwp%2Fv2%2Ftags&post=18336"},{"taxonomy":"theme","embeddable":true,"href":"https:\/\/www.bilten.org\/index.php?rest_route=%2Fwp%2Fv2%2Ftheme&post=18336"},{"taxonomy":"country","embeddable":true,"href":"https:\/\/www.bilten.org\/index.php?rest_route=%2Fwp%2Fv2%2Fcountry&post=18336"},{"taxonomy":"articleformat","embeddable":true,"href":"https:\/\/www.bilten.org\/index.php?rest_route=%2Fwp%2Fv2%2Farticleformat&post=18336"},{"taxonomy":"author","embeddable":true,"href":"https:\/\/www.bilten.org\/index.php?rest_route=%2Fwp%2Fv2%2Fcoauthors&post=18336"}],"curies":[{"name":"wp","href":"https:\/\/api.w.org\/{rel}","templated":true}]}}