{"id":18279,"date":"2017-05-11T08:00:43","date_gmt":"2017-05-11T07:00:43","guid":{"rendered":"http:\/\/www.bilten.org\/?p=18279"},"modified":"2017-05-11T09:18:36","modified_gmt":"2017-05-11T08:18:36","slug":"bh-izborna-reforma-jos-jedna-blokada","status":"publish","type":"post","link":"https:\/\/www.bilten.org\/?p=18279","title":{"rendered":"Bh. izborna reforma: jo\u0161 jedna blokada"},"content":{"rendered":"<p>&#8220;Bez promjene izbornog zakona [&#8230;] Bosna i Hercegovina vi\u0161e nije mogu\u0107a&#8221;. Tim je apokalipti\u010dnim rije\u010dima Bo\u017eo Ljubi\u0107 \u2013 biv\u0161i predsjednik oba bosanskohercegova\u010dka HDZ-a, a trenutno &#8220;nezavisni politi\u010dar&#8221; u sklopu front-organizacije neslu\u017ebene Partije bh. Hrvata \u2013 opisao aktualnu mini-krizu u institucijama ove dr\u017eave. S obzirom da je kriza u institucijama vi\u0161e konstanta nego iznimka, \u010dini se kao da vi\u0161e nema dovoljno prijete\u0107ih fraza kojima bi politi\u010dari mogli pla\u0161iti svoje kolege i sugra\u0111ane (kao i me\u0111unarodne faktore) te time progurati vlastite koncepcije &#8220;reforme&#8221;. Tako ni ovaj konkretni problem nije ni po \u010demu nov, ve\u0107 se vu\u010de manje-vi\u0161e od samog kraja rata i uspostave &#8220;dejtonskog sustava&#8221; prije ne\u0161to vi\u0161e od dvadeset godina.<\/p>\n<p>Radi se dakako o na\u010dinu na koji se biraju predstavnici najmanje od triju etni\u010dkih skupina u BiH, a koji su u kompleksnoj poslijeratnoj organizaciji dr\u017eave ostali &#8220;kratkih rukava&#8221;, odnosno bez &#8220;svog entiteta&#8221;. Sa\u017eeto re\u010deno, postoje\u0107i sustav omogu\u0107uje pripadnicima najbrojnijeg naroda da &#8220;prevare&#8221; sustav i tako <em>de facto<\/em> odaberu predstavnike najmanjem narodu, \u0161to su pojedine stranke u pro\u0161losti ve\u0107 obilato koristile. Iako su mnogi ovaj manevar ispravno prepoznali kao vrlo nedemokratski, jo\u0161 se nitko nije dosjetio sustava koji bi efikasno onemogu\u0107io nekome da na samom bira\u010dkom mjestu instantno postane Hrvat. Barem do nedavno: Ljubi\u0107eva prijetnja odnosi se upravo na promjenu izbornog zakona koju je HDZ BiH neuspje\u0161no predlo\u017eio svojim koalicijskim partnerima iz Stranke demokratske akcije.<\/p>\n<p>Njihov prijedlog se u osnovi sastoji od onemogu\u0107avanja glasovanja za hrvatske predstavnike u podru\u010djima gdje \u017eivi manje Hrvata. Time se ograni\u010dava utjecaj nehrvatskih bira\u010da, ali i sasvim oduzima mogu\u0107nosti glasovanja Hrvatima koji \u017eive u tim &#8220;manjinskim&#8221; podru\u010djima. Sve u svemu, prijedlog zapravo dramati\u010dno pogor\u0161ava izborne diskriminacije zbog kojeg je BiH ve\u0107 prije sedam i pol godina osu\u0111ena pred Europskim sudom za ljudska prava (slu\u010daj Sejdi\u0107-Finci). Prigovori SDA, ba\u0161 kao i prijedlog HDZ-a, imaju dodu\u0161e malo veze s poku\u0161ajima ja\u010danja prava glasa ili demokratskih instrumenata. Radi se u osnovi o kombinatorici uo\u010di izbora sljede\u0107e godine koji bi jednoj ili drugoj stranci donijeli sna\u017eniju kontrolu nad podru\u010djima koja su im pripala u dejtonskoj podjeli.<\/p>\n<p>S obzirom na kratke rokove, \u010dini se izvjesnim da \u0107e i ovaj prijedlog ostati jedno od nerazrije\u0161enih institucionalnih pitanja koji BiH ve\u0107 20 godine \u010dine &#8220;nemogu\u0107om&#8221;, ali i neizbje\u017enom. Predstavnici etni\u010dkih grupa su dodu\u0161e do sad imali najmanje razloga da budu nezadovoljni zbog toga.<\/p>\n","protected":false},"excerpt":{"rendered":"<p>&#8220;Bez promjene izbornog zakona [&#8230;] Bosna i Hercegovina vi\u0161e nije mogu\u0107a&#8221;. Tim je apokalipti\u010dnim rije\u010dima Bo\u017eo Ljubi\u0107 \u2013 biv\u0161i predsjednik oba bosanskohercegova\u010dka HDZ-a, a trenutno &#8220;nezavisni politi\u010dar&#8221; u sklopu front-organizacije neslu\u017ebene Partije bh. Hrvata&#8230;<\/p>\n","protected":false},"author":10,"featured_media":18280,"comment_status":"closed","ping_status":"closed","sticky":false,"template":"","format":"standard","meta":{"footnotes":""},"categories":[],"tags":[12,25],"theme":[456],"country":[35],"articleformat":[205],"coauthors":[26],"class_list":["post-18279","post","type-post","status-publish","format-standard","has-post-thumbnail","hentry","tag-izbori","tag-nacionalizam","theme-politika","country-bih","articleformat-vijest"],"_links":{"self":[{"href":"https:\/\/www.bilten.org\/index.php?rest_route=\/wp\/v2\/posts\/18279","targetHints":{"allow":["GET"]}}],"collection":[{"href":"https:\/\/www.bilten.org\/index.php?rest_route=\/wp\/v2\/posts"}],"about":[{"href":"https:\/\/www.bilten.org\/index.php?rest_route=\/wp\/v2\/types\/post"}],"author":[{"embeddable":true,"href":"https:\/\/www.bilten.org\/index.php?rest_route=\/wp\/v2\/users\/10"}],"replies":[{"embeddable":true,"href":"https:\/\/www.bilten.org\/index.php?rest_route=%2Fwp%2Fv2%2Fcomments&post=18279"}],"version-history":[{"count":3,"href":"https:\/\/www.bilten.org\/index.php?rest_route=\/wp\/v2\/posts\/18279\/revisions"}],"predecessor-version":[{"id":18287,"href":"https:\/\/www.bilten.org\/index.php?rest_route=\/wp\/v2\/posts\/18279\/revisions\/18287"}],"wp:featuredmedia":[{"embeddable":true,"href":"https:\/\/www.bilten.org\/index.php?rest_route=\/wp\/v2\/media\/18280"}],"wp:attachment":[{"href":"https:\/\/www.bilten.org\/index.php?rest_route=%2Fwp%2Fv2%2Fmedia&parent=18279"}],"wp:term":[{"taxonomy":"category","embeddable":true,"href":"https:\/\/www.bilten.org\/index.php?rest_route=%2Fwp%2Fv2%2Fcategories&post=18279"},{"taxonomy":"post_tag","embeddable":true,"href":"https:\/\/www.bilten.org\/index.php?rest_route=%2Fwp%2Fv2%2Ftags&post=18279"},{"taxonomy":"theme","embeddable":true,"href":"https:\/\/www.bilten.org\/index.php?rest_route=%2Fwp%2Fv2%2Ftheme&post=18279"},{"taxonomy":"country","embeddable":true,"href":"https:\/\/www.bilten.org\/index.php?rest_route=%2Fwp%2Fv2%2Fcountry&post=18279"},{"taxonomy":"articleformat","embeddable":true,"href":"https:\/\/www.bilten.org\/index.php?rest_route=%2Fwp%2Fv2%2Farticleformat&post=18279"},{"taxonomy":"author","embeddable":true,"href":"https:\/\/www.bilten.org\/index.php?rest_route=%2Fwp%2Fv2%2Fcoauthors&post=18279"}],"curies":[{"name":"wp","href":"https:\/\/api.w.org\/{rel}","templated":true}]}}