{"id":18250,"date":"2017-05-09T07:00:14","date_gmt":"2017-05-09T06:00:14","guid":{"rendered":"http:\/\/www.bilten.org\/?p=18250"},"modified":"2017-05-09T07:30:39","modified_gmt":"2017-05-09T06:30:39","slug":"kosovski-ringispil-vlasti-i-opozicije","status":"publish","type":"post","link":"https:\/\/www.bilten.org\/?p=18250","title":{"rendered":"Kosovski ringi\u0161pil vlasti i opozicije"},"content":{"rendered":"<p>Dogovorom predsjedni\u0161tva parlamenta, sutra\u0161nji dan je predvi\u0111en za izglasavanje nepovjerenja vladi Kosova. Do te odluke je do\u0161lo nakon \u0161to je opozicija uspjela sakupiti potrebnih 40 potpisa kojima se zahtijeva glasanje o vladi koju su nazvali &#8220;neodgovornom&#8221;. &#8220;Stanje nije dobro i mi i gra\u0111ani smo nezadovoljni&#8221;, slo\u017eio se u op\u0107im frazama \u010dak i predsjednik parlamenta iz redova vladaju\u0107e ve\u0107ine Kadri Veseli. No ujedno najavio i kako ova inicijativa, koju pokre\u0107u &#8220;oni koji su blokirali rad parlamenta&#8221;, nema nikakvu \u0161ansu da pro\u0111e. Doista, inicijativa opozicije je osu\u0111ena na propast i u tom je smislu rije\u010d samo o standardnom parlamentarnom folkloru. No iza birokratskih procedura i nedefiniranih zahtjeva kriju se stari sukobi koje ovom prilikom nitko ne spominje.<\/p>\n<p>Protekle tri godine, koliko traje vlada koalicije dviju najve\u0107ih albanskih i jedine srpske stranke, opozicija poku\u0161ava iskoristiti svaku priliku da oslabi ovaj savez. Za to je jednako koristila socijalnu demagogiju \u2013 ispravno kritiziraju\u0107i katastrofalnu situaciju u zemlji, ali ne nude\u0107i jasna rje\u0161enja \u2013 kao i etni\u010dki \u0161ovinizam. Naime, dvije vode\u0107e albanske stranke izmjenjuju se na vlasti od uspostave institucija Kosova 2001. godine, pa se smatraju najodgovornijima za pogre\u0161ne razvojne poteze. \u010cinjenica da su u svoju koaliciju primile i Srpsku listu, koja je u bliskim odnosima s vlastima u Beogradu, bila je pak opoziciji prilika za optu\u017ebe da je vlada izdala nacionalne interese. Cijelo vrijeme, politi\u010dki \u017eivot u zemlji je blokiran dvama pitanjima: uspostavom Zajednice srpskih op\u0161tina i razgrani\u010denjem s Crnom Gorom.<\/p>\n<p>Obje stvari su zahtjevi koje je Europska unija postavila pred Kosovo kako bi nastavila svoje procese &#8220;europeizacije zemlje&#8221;. Iako u debeloj manjini, opozicija je blokirala izglasavanje tih zakona nasilnim prekidima parlamentarnih sjednica, opravdavaju\u0107i svoje poteze potrebom sprje\u010davanja &#8220;prodaje zemlje Srbima i Crnogorcima&#8221;. Zbog prijetnji novim prekidima, ponovno je odgo\u0111eno glasanje o razgrani\u010denju koje se trebalo odr\u017eati ju\u010der. Kako je objavljeno, nakon &#8220;konzultacije&#8221; s ambasadom SAD-a, zaklju\u010deno je da \u0107e se glasanje o granici s Crnom Gorom odr\u017eati nakon glasanja o povjerenju vladi, kada vladaju\u0107i o\u010dekuju da \u0107e njihova ve\u0107ina biti uvjerljivo potvr\u0111ena. Pomicanje me\u0111utim nije smelo opoziciju koja i za srijedu najavljuje blokadu, a mo\u017eda \u010dak i prosvjede na ulici.<\/p>\n<p>I dok se opozicija i vlast vrte u krug oko parlamentarnih procedura i blokiranja istih, \u010dini se da je jedino oko \u010dega se sla\u017eu i oni i javnost to da &#8220;situacija nije dobra&#8221;.<\/p>\n","protected":false},"excerpt":{"rendered":"<p>Dogovorom predsjedni\u0161tva parlamenta, sutra\u0161nji dan je predvi\u0111en za izglasavanje nepovjerenja vladi Kosova. Do te odluke je do\u0161lo nakon \u0161to je opozicija uspjela sakupiti potrebnih 40 potpisa kojima se zahtijeva glasanje o vladi koju su nazvali &#8220;neodgovornom&#8221;&#8230;<\/p>\n","protected":false},"author":10,"featured_media":18251,"comment_status":"closed","ping_status":"closed","sticky":false,"template":"","format":"standard","meta":{"footnotes":""},"categories":[],"tags":[12,25],"theme":[456],"country":[124],"articleformat":[205],"coauthors":[26],"class_list":["post-18250","post","type-post","status-publish","format-standard","has-post-thumbnail","hentry","tag-izbori","tag-nacionalizam","theme-politika","country-kosovo","articleformat-vijest"],"_links":{"self":[{"href":"https:\/\/www.bilten.org\/index.php?rest_route=\/wp\/v2\/posts\/18250","targetHints":{"allow":["GET"]}}],"collection":[{"href":"https:\/\/www.bilten.org\/index.php?rest_route=\/wp\/v2\/posts"}],"about":[{"href":"https:\/\/www.bilten.org\/index.php?rest_route=\/wp\/v2\/types\/post"}],"author":[{"embeddable":true,"href":"https:\/\/www.bilten.org\/index.php?rest_route=\/wp\/v2\/users\/10"}],"replies":[{"embeddable":true,"href":"https:\/\/www.bilten.org\/index.php?rest_route=%2Fwp%2Fv2%2Fcomments&post=18250"}],"version-history":[{"count":1,"href":"https:\/\/www.bilten.org\/index.php?rest_route=\/wp\/v2\/posts\/18250\/revisions"}],"predecessor-version":[{"id":18252,"href":"https:\/\/www.bilten.org\/index.php?rest_route=\/wp\/v2\/posts\/18250\/revisions\/18252"}],"wp:featuredmedia":[{"embeddable":true,"href":"https:\/\/www.bilten.org\/index.php?rest_route=\/wp\/v2\/media\/18251"}],"wp:attachment":[{"href":"https:\/\/www.bilten.org\/index.php?rest_route=%2Fwp%2Fv2%2Fmedia&parent=18250"}],"wp:term":[{"taxonomy":"category","embeddable":true,"href":"https:\/\/www.bilten.org\/index.php?rest_route=%2Fwp%2Fv2%2Fcategories&post=18250"},{"taxonomy":"post_tag","embeddable":true,"href":"https:\/\/www.bilten.org\/index.php?rest_route=%2Fwp%2Fv2%2Ftags&post=18250"},{"taxonomy":"theme","embeddable":true,"href":"https:\/\/www.bilten.org\/index.php?rest_route=%2Fwp%2Fv2%2Ftheme&post=18250"},{"taxonomy":"country","embeddable":true,"href":"https:\/\/www.bilten.org\/index.php?rest_route=%2Fwp%2Fv2%2Fcountry&post=18250"},{"taxonomy":"articleformat","embeddable":true,"href":"https:\/\/www.bilten.org\/index.php?rest_route=%2Fwp%2Fv2%2Farticleformat&post=18250"},{"taxonomy":"author","embeddable":true,"href":"https:\/\/www.bilten.org\/index.php?rest_route=%2Fwp%2Fv2%2Fcoauthors&post=18250"}],"curies":[{"name":"wp","href":"https:\/\/api.w.org\/{rel}","templated":true}]}}