{"id":18138,"date":"2017-05-02T11:40:30","date_gmt":"2017-05-02T10:40:30","guid":{"rendered":"http:\/\/www.bilten.org\/?p=18138"},"modified":"2017-05-02T11:56:19","modified_gmt":"2017-05-02T10:56:19","slug":"kamo-dalje-makedonijo","status":"publish","type":"post","link":"https:\/\/www.bilten.org\/?p=18138","title":{"rendered":"Kamo dalje, Makedonijo?"},"content":{"rendered":"<p>Nakon \u0161to nije uspio izbje\u0107i sastanak s dr\u017eavnim tajnikom Sjedinjenih Ameri\u010dkih Dr\u017eava Hoytom Yeeom, predsjednik Republike Makedonije, \u0110or\u0111e Ivanov, poslao je dvosmislenu <a href=\"http:\/\/www.danas.rs\/svet.1160.html?news_id=344816&amp;title=Ivanov+sa+zvani%c4%8dnikom+SAD%3a+Prepreke+premostive#sthash.Mw4JWmE4.dpuf\" target=\"_blank\">poruku<\/a>\u00a0Zoranu Zaevu, predsjedniku SDSM-a, nesu\u0111enom mandataru vlade. Kazao je kako od njega o\u010dekuje da &#8220;ispuni ono \u0161to je javno obe\u0107ao&#8221;: da \u0107e &#8220;zajedno sa koalicijskim partnerima, do\u0107i i osigurati garancije za ja\u010danje unitarnosti i da \u0107e sve biti u skladu s Ustavom Republike Makedonije&#8221;. Ivanov je tako\u0111er nazna\u010dio kako vladu treba formirati parlamentarna ve\u0107ina.<\/p>\n<p>Dok za javnost ve\u0107inu \u010dini koalicija albanskih stranaka i SDSM-a, za VMRO-DPMNE, \u010diji je \u010dlan i predsjednik Ivanov, ve\u0107ina su oni sami jer su na izborima 11. decembra osvojili najve\u0107i broj mandata, odnosno dva vi\u0161e od drugoplasiranog SDSM-a. Ivanov se poziva na legalnost i legitimitet Ustava i makedonskih zakona, kada ka\u017ee da je prevazila\u017eenje ove politi\u010dke situacije nu\u017eno razrije\u0161iti u skladu s pravnim okvirom. Me\u0111utim, u praksi, kao \u0161to smo <a href=\"http:\/\/www.bilten.org\/?tag=makedonija\" target=\"_blank\">vi\u0161e puta isticali<\/a>, sam se nalazi u kaznenom djelu jer Zaevu nije dodijelio mandat za sastav vlade, usprkos zastupni\u010dkim potpisima koje su prikupili SDSM i albanske stranke. Kada se Ivanov zala\u017ee za unitarnost Makedonije, on sada implicitno govori ono \u0161to je ranije govorio eksplicitno, da SDSM treba formirati vladu sa strankom koja je osvojila ve\u0107inu, VMRO-DPMNE-om. Ivanov neustavnom smatra koaliciju SDSM-a i albanskih stranaka, zbog prava koje je SDSM spreman dati najve\u0107oj nacionalnoj manjini u Makedoniji.<\/p>\n<p>Upornim ponavljanjem i <a href=\"http:\/\/www.balkaninsight.com\/en\/article\/macedonia-a-country-descending-into-lawlessness-05-02-2017\" target=\"_blank\">iskrivljavanjem<\/a> argumenata (primjerice manipuliranje zna\u010denjem parlamentarne ve\u0107ine ili pogre\u0161no nazivanje koalicijskog sporazuma SDSM-a i albanskih stranaka Tiranskom platformom te ostalim metodama\u00a0su\u017eavanja prava Albanaca), kao i pozivanjem desnice na prosvjede, VMRO-DPMNE je izravno odgovoran za nestabilnost u zemlji. Ivanov je odbijanjem davanja mandata Zaevu izravno odgovoran i osobno i politi\u010dki, dok je Gruevski odgovoran za poticanje desnice na uli\u010dno nasilje koje je kulminiralo u \u010detvrtak fizi\u010dkim upadom u parlament kada je ozlije\u0111eno vi\u0161e parlamentarnih zastupnika, uklju\u010duju\u0107i i Zorana Zaeva.<\/p>\n<p><strong>Krv i nasilje u Sobranju<\/strong><\/p>\n<p>U \u010detvrtak nave\u010der je\u00a0<a href=\"http:\/\/vijesti.hrt.hr\/386110\/xhaferi-za-hrt-ako-ivanov-ne-da-mandat-radi-krivicno-djelo\" target=\"_blank\">prilikom imenovanja Talata Xhaferija<\/a> (DUI) novim predsjednikom makedonskog parlamenta, a nakon intoniranja albanske himne (iza makedonske), u parlament upala skupina operativaca VMRO-DPMNE-a te <a href=\"http:\/\/hr.n1info.com\/a193850\/Svijet\/Regija\/VIDEO\/Nemontirani-materijal-iz-Sobranja-Tuca-suzavac-policija.html\" target=\"_blank\">uzrokovala nasilje<\/a> u kojem je letjela novinarska oprema (poput stativa i stalaka) prilikom \u010dega je lak\u0161e ozlije\u0111eno gotovo 100 ljudi, dok je \u0161ef SDSM-u partnerske stranke Alijansa za Albance Zijadin Sela, bio je u \u017eivotnoj opasnosti zbog <a href=\"http:\/\/hr.n1info.com\/a193684\/Svijet\/Regija\/U-neredima-u-Makedoniji-vise-od-45-ozlijedjenih.html\" target=\"_blank\">ozbiljne povrede glave<\/a>.<\/p>\n<p>Nasilje u Makedoniji osudila je me\u0111unarodna zajednica. NATO i EU izrazili su &#8220;zabrinutost&#8221; istaknuv\u0161i da je ovaj doga\u0111aj dodatno produbio &#8220;najgoru krizu u Makedoniji od 2001., kada je za dlaku izbjegnut gra\u0111anski rat&#8221;. Kako <a href=\"http:\/\/hr.n1info.com\/a193942\/Svijet\/Regija\/Poruka-Skoplju-Ako-se-ponovi-nasilje-zatvarate-vrata-EU.html\" target=\"_blank\">pi\u0161e N1<\/a>, njema\u010dki predstavnici su za doga\u0111aje od \u010detvrtka okrivili VMRO-DPMNE i napomenuli da bi ponavljanje situacije moglo biti pogubno za nastojanja Makedonije da u\u0111e u EU. Iako vi\u0161e ne isklju\u010duje sankcije, me\u0111unarodna zajednica, premda smatra da provodi &#8220;medijaciju&#8221; zapravo nije u\u010dinila gotovo ni\u0161ta da se stane na kraj vladavini VMRO-DPMNE-a. A za\u0161to i bi, ekonomski indeksi za strani kapital izrazito su povoljni, najpovoljniji u Europi, poslovna klima je izvrsna, za razliku od socijalne, ekonomske i politi\u010dke. \u0160tovi\u0161e, one su obrnuto proporcionalne. Sad ponovno imamo potvrdu i koliko dugo je me\u0111unarodna zajednica spremna tolerirati procese koje ina\u010de deklarativno osu\u0111uje &#8211; poput korupcije i kriminala &#8211; sve dok situacija ne eskalira u krvi. Sada su pak napokon najavili sankcije ako VMRO-DPMNE ne otpusti svoj stisak nad makedonskim dru\u0161tvom.<\/p>\n<p>I u kona\u010dnici, ostaje jo\u0161 jedno pitanje, je li za aktere na ljevici politi\u010dki prihvatljivo zazivati intervenciju me\u0111unarodne zajednice u obliku privremenih politi\u010dkih i ekonomskih sankcija Makedoniji? Mo\u017eda kratkoro\u010dnije, ali akutnije pitanje u pat poziciji u kojoj se nalazi Makedonija glasi: mo\u017ee li si ljevica, u situaciji iscrpljenih resursa i ogromnog ve\u0107 odra\u0111enog posla (organizacijom prosvjeda protekle dvije godine), dopustiti ugro\u017eavanje fizi\u010dke sigurnosti ljudi riskiraju\u0107i daljnju eskalaciju nasilja u zemlji dok sama nema mogu\u0107nosti (ni kadrova ni resursa) preuzeti kontrolu nad politi\u010dkim procesima?<\/p>\n","protected":false},"excerpt":{"rendered":"<p>Nakon \u0161to nije uspio izbje\u0107i sastanak s dr\u017eavnim tajnikom Sjedinjenih Ameri\u010dkih Dr\u017eava Hoytom Yeeom, predsjednik Republike Makedonije, \u0110or\u0111e Ivanov, poslao je dvosmislenu poruku\u00a0Zoranu Zaevu, predsjedniku SDSM-a, nesu\u0111enom mandataru vlade. Kazao je kako od njega o\u010dekuje da &#8220;ispuni ono \u0161to je javno obe\u0107ao&#8221;: da \u0107e &#8220;zajedno sa koalicijskim partnerima, do\u0107i i osigurati garancije za ja\u010danje unitarnosti [&hellip;]<\/p>\n","protected":false},"author":4,"featured_media":18141,"comment_status":"closed","ping_status":"closed","sticky":false,"template":"","format":"standard","meta":{"footnotes":""},"categories":[],"tags":[64],"theme":[455],"country":[24],"articleformat":[205],"coauthors":[289],"class_list":["post-18138","post","type-post","status-publish","format-standard","has-post-thumbnail","hentry","tag-kriza","theme-rad","country-makedonija","articleformat-vijest"],"_links":{"self":[{"href":"https:\/\/www.bilten.org\/index.php?rest_route=\/wp\/v2\/posts\/18138","targetHints":{"allow":["GET"]}}],"collection":[{"href":"https:\/\/www.bilten.org\/index.php?rest_route=\/wp\/v2\/posts"}],"about":[{"href":"https:\/\/www.bilten.org\/index.php?rest_route=\/wp\/v2\/types\/post"}],"author":[{"embeddable":true,"href":"https:\/\/www.bilten.org\/index.php?rest_route=\/wp\/v2\/users\/4"}],"replies":[{"embeddable":true,"href":"https:\/\/www.bilten.org\/index.php?rest_route=%2Fwp%2Fv2%2Fcomments&post=18138"}],"version-history":[{"count":7,"href":"https:\/\/www.bilten.org\/index.php?rest_route=\/wp\/v2\/posts\/18138\/revisions"}],"predecessor-version":[{"id":18148,"href":"https:\/\/www.bilten.org\/index.php?rest_route=\/wp\/v2\/posts\/18138\/revisions\/18148"}],"wp:featuredmedia":[{"embeddable":true,"href":"https:\/\/www.bilten.org\/index.php?rest_route=\/wp\/v2\/media\/18141"}],"wp:attachment":[{"href":"https:\/\/www.bilten.org\/index.php?rest_route=%2Fwp%2Fv2%2Fmedia&parent=18138"}],"wp:term":[{"taxonomy":"category","embeddable":true,"href":"https:\/\/www.bilten.org\/index.php?rest_route=%2Fwp%2Fv2%2Fcategories&post=18138"},{"taxonomy":"post_tag","embeddable":true,"href":"https:\/\/www.bilten.org\/index.php?rest_route=%2Fwp%2Fv2%2Ftags&post=18138"},{"taxonomy":"theme","embeddable":true,"href":"https:\/\/www.bilten.org\/index.php?rest_route=%2Fwp%2Fv2%2Ftheme&post=18138"},{"taxonomy":"country","embeddable":true,"href":"https:\/\/www.bilten.org\/index.php?rest_route=%2Fwp%2Fv2%2Fcountry&post=18138"},{"taxonomy":"articleformat","embeddable":true,"href":"https:\/\/www.bilten.org\/index.php?rest_route=%2Fwp%2Fv2%2Farticleformat&post=18138"},{"taxonomy":"author","embeddable":true,"href":"https:\/\/www.bilten.org\/index.php?rest_route=%2Fwp%2Fv2%2Fcoauthors&post=18138"}],"curies":[{"name":"wp","href":"https:\/\/api.w.org\/{rel}","templated":true}]}}