{"id":18077,"date":"2017-04-27T08:42:18","date_gmt":"2017-04-27T07:42:18","guid":{"rendered":"http:\/\/www.bilten.org\/?p=18077"},"modified":"2017-05-04T08:48:56","modified_gmt":"2017-05-04T07:48:56","slug":"nuspojave-rasprave-o-cijepljenju","status":"publish","type":"post","link":"https:\/\/www.bilten.org\/?p=18077","title":{"rendered":"Nuspojave rasprave o cijepljenju"},"content":{"rendered":"<p dir=\"ltr\">Prema posljednjem <a href=\"http:\/\/ecdc.europa.eu\/en\/press\/news\/_layouts\/forms\/News_DispForm.aspx?ID=1603&amp;List=8db7286c-fe2d-476c-9133-18ff4cb1b568&amp;Source=http%3A%2F%2Fecdc%2Eeuropa%2Eeu%2Fen%2Fpress%2Fnews%2FPages%2FNews%2Easpx\" target=\"_blank\" data-saferedirecturl=\"https:\/\/www.google.com\/url?hl=hr&amp;q=http:\/\/ecdc.europa.eu\/en\/press\/news\/_layouts\/forms\/News_DispForm.aspx?ID%3D1603%26List%3D8db7286c-fe2d-476c-9133-18ff4cb1b568%26Source%3Dhttp%253A%252F%252Fecdc%252Eeuropa%252Eeu%252Fen%252Fpress%252Fnews%252FPages%252FNews%252Easpx&amp;source=gmail&amp;ust=1493361758521000&amp;usg=AFQjCNHOPFnf8KO7H020mMhe-PvJu_gU8Q\">izvje\u0161taju<\/a> Europske agencije za prevenciju i kontrolu bolesti (ECDC), tijekom prva dva mjeseca 2017. u 14 europskih zemalja zabilje\u017eeno je vi\u0161e od 1.500 slu\u010dajeva ospica, zarazne virusne bolesti koju je ina\u010de cijepljenjem mogu\u0107e obuzdavati. Pored toga \u0161to u <a href=\"https:\/\/www.theguardian.com\/world\/2017\/apr\/19\/italy-measles-epidemic-vaccinations\" target=\"_blank\" data-saferedirecturl=\"https:\/\/www.google.com\/url?hl=hr&amp;q=https:\/\/www.theguardian.com\/world\/2017\/apr\/19\/italy-measles-epidemic-vaccinations&amp;source=gmail&amp;ust=1493361758521000&amp;usg=AFQjCNGbX2Xx_978x1guGvDsRuqdUYTslA\">Italiji i Rumunjskoj <\/a>ve\u0107 mo\u017eemo govoriti o epidemijama, u jo\u0161 osam zemalja, me\u0111u kojima je i Hrvatska, broj prijavljenih slu\u010dajeva bolesti dvostruko je ve\u0107i u prva dva mjeseca 2017. nego u ista dva mjeseca pro\u0161le godine. Autori izvje\u0161taja upozoravaju da je do toga do\u0161lo upravo rastom broja necijepljenih osoba &#8211; djece \u010diji su roditelji protivnici vakcinacije, ali i odraslih koji u djetinjstvu nisu primili propisano cjepivo.<\/p>\n<p dir=\"ltr\">Budu\u0107i da su ospice zarazna bolest, a virus se prenosi izravnim kontaktom i zrakom, uz ve\u0107i broj necijepljenih, ve\u0107i je broj potencijalnih izvora zaraze. Kako bi se bolest poput ospica uspje\u0161no kontrolirala i kako bi za\u0161tita<a href=\"https:\/\/www.hzjz.hr\/novosti\/ususret-tjednu-cijepljenja-24-30-travnja-2017-godine\/4\/\" target=\"_blank\" data-saferedirecturl=\"https:\/\/www.google.com\/url?hl=hr&amp;q=https:\/\/www.hzjz.hr\/novosti\/ususret-tjednu-cijepljenja-24-30-travnja-2017-godine\/4\/&amp;source=gmail&amp;ust=1493361758522000&amp;usg=AFQjCNER77U9zjoqe0LGUUoZ4AeFJSNYtw\"> kolektivnim imunitetom<\/a> imala smisla potrebna je procijepljenost populacije od najmanje 95 posto, pri \u010demu je kvota od preostalih pet posto predvi\u0111ena za one \u010dlanove dru\u0161tva koji iz opravdanih razloga (jo\u0161) nisu cijepljeni: djeca ispod godine \u017eivota, djeca ili odrasli koji su u stanju imunodeficijencije te ljudi ro\u0111eni prije nego je u zdravstveni sustav uvedeno cijepljenje protiv ospica, a nisu ih nikad u \u017eivotu imali. Dakle, ako je ta manjina ravnomjerno raspore\u0111ena u visoko procijepljenoj populaciji, kolektivni imunitet \u0161titi i nju. Iz toga je mo\u017eda jasnije za\u0161to se zadana kvota ne mo\u017ee \u0161iriti na ostale skupine.<\/p>\n<p dir=\"ltr\">Navedeni izvje\u0161taj objavljen je po\u010detkom Svjetskog tjedna cijepljenja (24.- 30. travnja) tijekom kojeg \u0107e svjetske i doma\u0107e zdravstvene organizacije osvje\u0161tavati \u201co va\u017enosti i koristima cijepljenja\u201d. No ovakve kampanje ne dobivaju previ\u0161e publiciteta i mediji \u0107e radije ovaj, sada ve\u0107 komplicirani, dru\u0161tveni problem prikazati u naju\u017eem mogu\u0107em kadru &#8211; kao jo\u0161 jedan antagonizam razli\u010ditih svjetonazora. Pored toga, daleko im je atraktivnije pratiti popularnost pokreta protiv cijepljenja i potporu koju dobivaju od pojedinih politi\u010dara.<\/p>\n<p dir=\"ltr\"><strong>Zamke\u00a0individualnog izbora<\/strong><\/p>\n<p dir=\"ltr\">Fenomen antivakcinacijskog pokreta najbolji je simptom zdravstvenih sustava u krizi. Budu\u0107i da ve\u0107 dulje vrijeme postoji tendencija da se briga o zdravlju \u0161to je vi\u0161e mogu\u0107e svali na le\u0111a pojedinca, pa se prevencija \u010desto vodi kroz samoedukaciju i odabir zdravog stila \u017eivota, ne \u010dudi \u0161to je postalo mogu\u0107e svaki zdravstveni problem artikulirati kao posljedicu individualnog izbora. Smanjeno zalaganje dr\u017eave za kvalitetnu i \u0161iroko dostupnu zdravstvenu skrb te nadomje\u0161tanje te kvalitete privatnim zdravstvenim uslugama, kojima mo\u017eemo pribrojiti i niz farmaceutskih skandala, uzrokuju sve \u010de\u0161\u0107i manjak povjerenja u medicinsku struku.<\/p>\n<p dir=\"ltr\">Stoga se i (ne)cijepljenje vlastite djece nerijetko uzima kao na\u010din prevencije o kojemu svaki roditelj, kada odva\u017ee omjer \u0161tete i koristi, mo\u017ee samostalno donijeti odluku, a shodno tome kasnije snositi posljedice. Dok sustav sve manje vremena i novca ula\u017ee u edukaciju i savjetovanje o bitnim zdravstvenim pitanjima, roditelji \u0107e, da umire svoju savjest, informacije o cijepljenju tra\u017eiti na drugim, nerijetko opskurnim mjestima te \u0107e na temelju njih \u010diniti svoje izbore. Boljem informiranju ne doprinosi ni javna rasprava koja se uglavnom vodi oko nuspojava i \u0161tetnih posljedica vakcinacije, i u kojoj se nedovoljno nagla\u0161ava da je ona, kakva god da jest u ovom trenutku (a trenutno stanje podlo\u017eno je promjenama jer svaku ozbiljnu nuspojavu treba prijaviti nadle\u017enoj instituciji) je najuspje\u0161nija i najjeftinija metoda spre\u010davanja zaraznih bolesti te da ne mo\u017ee funkcionirati bez 95-postotne ve\u0107ine. Naprosto, odbacivanje cjepiva nije isto \u0161to i odbacivanje cigarete ili glutena.<\/p>\n","protected":false},"excerpt":{"rendered":"<p>Prema posljednjem izvje\u0161taju Europske agencije za prevenciju i kontrolu bolesti (ECDC), tijekom prva dva mjeseca 2017. u 14 europskih zemalja zabilje\u017eeno je vi\u0161e od 1.500 slu\u010dajeva ospica, zarazne virusne bolesti koju je ina\u010de cijepljenjem mogu\u0107e obuzdavati. Pored toga \u0161to u Italiji i Rumunjskoj ve\u0107 mo\u017eemo govoriti o epidemijama, u jo\u0161 osam zemalja, me\u0111u kojima je [&hellip;]<\/p>\n","protected":false},"author":7,"featured_media":5822,"comment_status":"closed","ping_status":"closed","sticky":false,"template":"","format":"standard","meta":{"footnotes":""},"categories":[],"tags":[],"theme":[],"country":[],"articleformat":[205],"coauthors":[302],"class_list":["post-18077","post","type-post","status-publish","format-standard","has-post-thumbnail","hentry","articleformat-vijest"],"_links":{"self":[{"href":"https:\/\/www.bilten.org\/index.php?rest_route=\/wp\/v2\/posts\/18077","targetHints":{"allow":["GET"]}}],"collection":[{"href":"https:\/\/www.bilten.org\/index.php?rest_route=\/wp\/v2\/posts"}],"about":[{"href":"https:\/\/www.bilten.org\/index.php?rest_route=\/wp\/v2\/types\/post"}],"author":[{"embeddable":true,"href":"https:\/\/www.bilten.org\/index.php?rest_route=\/wp\/v2\/users\/7"}],"replies":[{"embeddable":true,"href":"https:\/\/www.bilten.org\/index.php?rest_route=%2Fwp%2Fv2%2Fcomments&post=18077"}],"version-history":[{"count":5,"href":"https:\/\/www.bilten.org\/index.php?rest_route=\/wp\/v2\/posts\/18077\/revisions"}],"predecessor-version":[{"id":18087,"href":"https:\/\/www.bilten.org\/index.php?rest_route=\/wp\/v2\/posts\/18077\/revisions\/18087"}],"wp:featuredmedia":[{"embeddable":true,"href":"https:\/\/www.bilten.org\/index.php?rest_route=\/wp\/v2\/media\/5822"}],"wp:attachment":[{"href":"https:\/\/www.bilten.org\/index.php?rest_route=%2Fwp%2Fv2%2Fmedia&parent=18077"}],"wp:term":[{"taxonomy":"category","embeddable":true,"href":"https:\/\/www.bilten.org\/index.php?rest_route=%2Fwp%2Fv2%2Fcategories&post=18077"},{"taxonomy":"post_tag","embeddable":true,"href":"https:\/\/www.bilten.org\/index.php?rest_route=%2Fwp%2Fv2%2Ftags&post=18077"},{"taxonomy":"theme","embeddable":true,"href":"https:\/\/www.bilten.org\/index.php?rest_route=%2Fwp%2Fv2%2Ftheme&post=18077"},{"taxonomy":"country","embeddable":true,"href":"https:\/\/www.bilten.org\/index.php?rest_route=%2Fwp%2Fv2%2Fcountry&post=18077"},{"taxonomy":"articleformat","embeddable":true,"href":"https:\/\/www.bilten.org\/index.php?rest_route=%2Fwp%2Fv2%2Farticleformat&post=18077"},{"taxonomy":"author","embeddable":true,"href":"https:\/\/www.bilten.org\/index.php?rest_route=%2Fwp%2Fv2%2Fcoauthors&post=18077"}],"curies":[{"name":"wp","href":"https:\/\/api.w.org\/{rel}","templated":true}]}}