{"id":18038,"date":"2017-04-25T09:05:33","date_gmt":"2017-04-25T08:05:33","guid":{"rendered":"http:\/\/www.bilten.org\/?p=18038"},"modified":"2017-04-25T09:27:15","modified_gmt":"2017-04-25T08:27:15","slug":"bojkot-albanske-opozicije-eskalacija-s-nadom-u-stranu-intervenciju","status":"publish","type":"post","link":"https:\/\/www.bilten.org\/?p=18038","title":{"rendered":"Bojkot albanske opozicije: eskalacija s nadom u stranu intervenciju"},"content":{"rendered":"<p>Novi predsjednik Albanije nije izabran jer se nitko nije kandidirao za tu funkciju. Ova neobi\u010dna vijest dobro ilustrira dubinu politi\u010dke krize koja upravo potresa ovu zemlju. Naime, albanski se predsjednik bira u parlamentu, ve\u0107inom od 60% glasova. Njegova ili njezina je funkcija primarno ceremonijalna, ali i nu\u017ena za regularno funkcioniranje politi\u010dkog sustava. Da bi se o pojedinom kandidatu raspravljalo, potrebno je da ga predlo\u017ei barem 20 zastupnika, no ni potrebna ve\u0107ina pa ni sama kandidatura trenutno nisu mogu\u0107e. Vladaju\u0107a koalicija formalno ima taman 60% zastupnika, i na\u010delno bi mogla izabrati predsjednika po svojoj volji, no pod velikim je pritiskom stranih ambasada, ali i doma\u0107e javnosti, da to ne u\u010dini sve dok predstavnika opozicije nema u parlamentu.<\/p>\n<p>A opozicijska Demokratska stranka (PD) jo\u0161 od februara bojkotira ne samo rad parlamenta ve\u0107 i sve dr\u017eavne institucije. Pritom je protest opozicije stalno prisutan u javnom prostoru preko <a href=\"http:\/\/www.bilten.org\/?p=17106\" target=\"_blank\">\u0161atora<\/a> koji je PD podigao ispred ureda premijera i u kojem se ve\u0107 mjesecima izmjenjuju aktivisti i \u010dlanovi stranke. Da je situacija ozbiljna, vi\u0161e je od \u0161atora najavila odluka opozicije da se ne registrira za sudjelovanje na <a href=\"http:\/\/www.bilten.org\/?p=17849\" target=\"_blank\">parlamentarnim<\/a> izborima u junu. Taj bojkot, znatno vi\u0161e od onog izbora predsjednika ili pak rada aktualnog saziva parlamenta, najavljuje dugotrajnu krizu politi\u010dkih institucija u zemlji. Uzrok protesta pritom je optu\u017eba da vlada ionako namjerava la\u017eirati parlamentarne izbore i, \u0161tovi\u0161e, da to planira u\u010diniti koriste\u0107i svoje navodne veze s kriminalnim podzemljem.<\/p>\n<p><strong>Izlazak iz parlamentarnih okvira<\/strong><\/p>\n<p>Ova optu\u017eba nije nimalo nepromi\u0161ljena. Naime, opozicija nastoji iskoristiti me\u0111unarodnu pa\u017enju koju dobiva albanska ilegalna industrija <a href=\"http:\/\/www.bilten.org\/?p=16099\" target=\"_blank\">marihuane<\/a> kako bi pred stranom javno\u0161\u0107u inkriminirala svoje politi\u010dke konkurente. Pri tome, dakako, veze ve\u0107ih dilera i lokalnih politi\u010dara nisu nu\u017eno izmi\u0161ljene, ve\u0107 se odvijaju po standardnom scenariju karakteristi\u010dnom za razvoj industrije narkotika u siroma\u0161noj zemlji. Zanimljivo, vladaju\u0107a Socijalisti\u010dka stranka (PS) je primijenila drugu strategiju: po uzoru na vladu susjedne Crne Gore poku\u0161ava se predstaviti kao antiruska opcija kako bi dobila podr\u0161ku Zapada. Uz to, poku\u0161ala je nacionalisti\u010dkom retorikom i zazivima &#8220;ujedinjenja&#8221; s Kosovom podi\u0107i etni\u010dke tenzije i tako mobilizirati bira\u010de na svoju stranu.<\/p>\n<p>U me\u0111uvremenu, opozicija blokira prometnice i najavljuje daljnju eskalaciju, a vlast osim odustajanja od izbora predsjednika razmi\u0161lja i da odustane od redovnih parlamentarnih izbora, iako se ne zna je li takva mogu\u0107nost uop\u0107e legalna. U svakom slu\u010daju, \u010dini se da je politika u mnogim zemljama Balkana sada uvjerljivo iza\u0161la iz parlamentarnih okvira. Osobito u Crnoj Gori, Makedoniji i Albaniji, i vlast i opozicija u razli\u010ditim su periodima odlu\u010dili konstruirati izvanrednu situaciju na temelju koje onda pozivaju na stranu politi\u010dku intervenciju. To je mo\u017eda i logi\u010dna posljedica potpunog ideolo\u0161kog i programskog bankrota tranzicijskih elita. Ali do sad nije ni na koji na\u010din omogu\u0107ilo izlazak iz slijepe ulice propalih razvojnih strategija.<\/p>\n","protected":false},"excerpt":{"rendered":"<p>Novi predsjednik Albanije nije izabran jer se nitko nije kandidirao za tu funkciju. Ova neobi\u010dna vijest dobro ilustrira dubinu politi\u010dke krize koja upravo potresa ovu zemlju. Naime, albanski se predsjednik bira u parlamentu, ve\u0107inom od 60% glasova&#8230;<\/p>\n","protected":false},"author":10,"featured_media":18039,"comment_status":"closed","ping_status":"closed","sticky":false,"template":"","format":"standard","meta":{"footnotes":""},"categories":[],"tags":[12],"theme":[456],"country":[65],"articleformat":[205],"coauthors":[26],"class_list":["post-18038","post","type-post","status-publish","format-standard","has-post-thumbnail","hentry","tag-izbori","theme-politika","country-albanija","articleformat-vijest"],"_links":{"self":[{"href":"https:\/\/www.bilten.org\/index.php?rest_route=\/wp\/v2\/posts\/18038","targetHints":{"allow":["GET"]}}],"collection":[{"href":"https:\/\/www.bilten.org\/index.php?rest_route=\/wp\/v2\/posts"}],"about":[{"href":"https:\/\/www.bilten.org\/index.php?rest_route=\/wp\/v2\/types\/post"}],"author":[{"embeddable":true,"href":"https:\/\/www.bilten.org\/index.php?rest_route=\/wp\/v2\/users\/10"}],"replies":[{"embeddable":true,"href":"https:\/\/www.bilten.org\/index.php?rest_route=%2Fwp%2Fv2%2Fcomments&post=18038"}],"version-history":[{"count":2,"href":"https:\/\/www.bilten.org\/index.php?rest_route=\/wp\/v2\/posts\/18038\/revisions"}],"predecessor-version":[{"id":18041,"href":"https:\/\/www.bilten.org\/index.php?rest_route=\/wp\/v2\/posts\/18038\/revisions\/18041"}],"wp:featuredmedia":[{"embeddable":true,"href":"https:\/\/www.bilten.org\/index.php?rest_route=\/wp\/v2\/media\/18039"}],"wp:attachment":[{"href":"https:\/\/www.bilten.org\/index.php?rest_route=%2Fwp%2Fv2%2Fmedia&parent=18038"}],"wp:term":[{"taxonomy":"category","embeddable":true,"href":"https:\/\/www.bilten.org\/index.php?rest_route=%2Fwp%2Fv2%2Fcategories&post=18038"},{"taxonomy":"post_tag","embeddable":true,"href":"https:\/\/www.bilten.org\/index.php?rest_route=%2Fwp%2Fv2%2Ftags&post=18038"},{"taxonomy":"theme","embeddable":true,"href":"https:\/\/www.bilten.org\/index.php?rest_route=%2Fwp%2Fv2%2Ftheme&post=18038"},{"taxonomy":"country","embeddable":true,"href":"https:\/\/www.bilten.org\/index.php?rest_route=%2Fwp%2Fv2%2Fcountry&post=18038"},{"taxonomy":"articleformat","embeddable":true,"href":"https:\/\/www.bilten.org\/index.php?rest_route=%2Fwp%2Fv2%2Farticleformat&post=18038"},{"taxonomy":"author","embeddable":true,"href":"https:\/\/www.bilten.org\/index.php?rest_route=%2Fwp%2Fv2%2Fcoauthors&post=18038"}],"curies":[{"name":"wp","href":"https:\/\/api.w.org\/{rel}","templated":true}]}}