{"id":17909,"date":"2017-04-14T07:00:17","date_gmt":"2017-04-14T06:00:17","guid":{"rendered":"http:\/\/www.bilten.org\/?p=17909"},"modified":"2021-02-25T10:58:43","modified_gmt":"2021-02-25T09:58:43","slug":"simke-radno","status":"publish","type":"post","link":"https:\/\/www.bilten.org\/?p=17909","title":{"rendered":"Protesti protiv &#8220;diktature&#8221;"},"content":{"rendered":"<p><strong>Uvjerljiva pobjeda jo\u0161 uvijek aktualnog premijera Srbije Aleksandra Vu\u010di\u0107a u prvom krugu predsjedni\u010dkih izbora poslu\u017eila je kao iskra zapaljenja akumuliranog nezadovoljstvo naroda. \u0160to je po\u010delo s mladima i studentima, ubrzo se pro\u0161irilo na radnike i sindikate. Osim masovnosti, proteste obilje\u017eavaju i profilirani politi\u010dki zahtjevi.\u00a0<\/strong><\/p>\n<p>U moru zanimljivih transparenata koji ovih dana \u0161partaju gradovima Srbije iskazuju\u0107i nezadovoljstvo stanjem u zemlji mo\u017ee se prona\u0107i jedan koji sa\u017eima dosada\u0161nju &#8220;tranzicionu&#8221; politi\u010dku hronologiju. Transparent re\u0111a:<\/p>\n<p>1990 \u2013 2000. SPS<br \/>\n2000 \u2013 2012. DOS<br \/>\n2012 \u2013 2017. SNS<br \/>\n2017 \u2013 &#8230; Narod<\/p>\n<p>I u redu, mo\u017eemo ulaziti u preciznije analize ove hronologije, toga da li je mogu\u0107e prvu deceniju 21. veka jednostavno podvesti pod DOS i diskusiju da li je dominacija Srpske napredne stranke (SNS) zaista okon\u010dana, itd. Ipak, moramo priznati da je ono \u0161to se trenutno u Srbiji de\u0161ava kona\u010dno ono \u0161to ve\u0107 decenijama postoji u javnom prostoru kao floskula \u2013 &#8220;doga\u0111anje naroda&#8221;. Protesti koji se svakodnevno, od predsedni\u010dkih izbora koji su odr\u017eani u nedelju 2. aprila, odvijaju na ulicama gotovo svih ve\u0107ih gradova i koji okupljaju vi\u0161e desetina hiljada ljudi, toliko su spontani i heterogeni da je ovaj apstraktni i analiti\u010dki retko kada koristan termin dobio na svojoj aktuelnosti. Socijalna i politi\u010dka kompozicija ljudi koji dolaze na skupove te\u0161ko da se mo\u017ee druga\u010dije odrediti do raznovrsna.<\/p>\n<p>Sa druge strane, primetno je da se nakon dosta dugog perioda apstinencije u dru\u0161tvo vra\u0107a odre\u0111ena vrsta protestne kulture. Godinama unazad letargiju su razdrmavali retki protesti podstaknuti socijalnim zahtevima koji su se svodili na manja okupljanja radni\u010dkih i aktivisti\u010dkih grupa, povremene studentske \u0161etnje, kao i na velike napore sindikalnih centrala koje rezultuju va\u017enim javnim skupovima, ali neretko skromnog dometa. Ne treba te aktivnosti zanemarivati. U situacijama kada su demonstracije nezadovoljstva na ulicama slabe i najmanji vid reakcije na socijalne probleme je od izuzetno velikog zna\u010daja.<\/p>\n<p><strong>Izbori kao okida\u010d<\/strong><\/p>\n<p>Nagomilavanje nezadovoljstva aktuelnim kursom kojim se dru\u0161tvo kre\u0107e rezultuje sve ve\u0107im prisustvom ljudi na ulicama. Pre gotovo ta\u010dno godinu dana, nakon parlamentarnih izbora i ru\u0161enja objekata u Savamali zapo\u010deta je intenzivna mobilizacija koju je predvodila inicijativa <a href=\"http:\/\/www.bilten.org\/?p=14352\" target=\"_blank\" rel=\"noopener\">Ne da(vi)mo Beograd<\/a>. Tako\u0111e, ne smemo smetnuti sa uma ni samoorganizovane stanare u Ni\u0161u koji ve\u0107 jako dugo protestuju protiv visokih cena grejanja, ali i drugih komunalnih problema u tom gradu. U Novom Sadu va\u017ean pokret se razvijao oko inicijative Podr\u017ei RTV koja se bori za o\u010duvanje Radio-televizije Vojvodine.<\/p>\n<p>Rezultati izbora pokazali su da ozbiljnije opozicije vladaju\u0107im strukturama u Srbiji stanovni\u0161tvo ne pronalazi u okvirima postoje\u0107ih partija. Politi\u010dka kriza tako se prelila van parlamentarnog polja, pa neformalne inicijative danas mogu okupiti mnogo vi\u0161e ljudi na ulici. \u010cak nije stvar ni u kvantitetu koliko u tome da su partije do te mere diskreditovane da se pokazuje nu\u017eno potrebnim prona\u0107i novi okvir za politi\u010dko delovanje, onaj u kojem se ljudi ose\u0107aju kao deo ne\u010deg va\u017enijeg od borbe za preraspodelu funkcija unutar strana\u010dkog kadra, \u0161to je ne\u0161to na \u0161ta su nas sve do jedne postoje\u0107e partije navikle.<\/p>\n<p>Protesti Ne da(vi)mo Beograd su ovo odli\u010dno ilustrovali. Reakcija stanovni\u0161tva Beograda na bahatost aktuelne gradske vlasti kanalisana je kroz masovna okupljanja na ulicama glavnog grada Srbije. A opozicione partije, iako su poku\u0161avale svojim javnim podr\u0161akama da u\u0107are malo simboli\u010dkog kapitala, ostale su na marginama pokreta.<br \/>\nSimptomati\u010dno je da se i ovi, najnoviji, protesti zahuktavaju nakon izbornog procesa, ovog puta izbora za predsednika Republike Srbije. Jo\u0161 jednom se ispostavilo da na izbornom listi\u0107u nema ozbiljne alternative vladaju\u0107em re\u017eimu pa su ljudi pohrlili na ulice u potrazi za njom.<\/p>\n<p><strong>Grupa nezadovoljnih gra\u0111ana<br \/>\n<\/strong><\/p>\n<p>Sve je po\u010delo u ponedeljak 3. aprila, ubrzo nakon \u0161to je postalo jasno da je Aleksandar Vu\u010di\u0107 osvojio dovoljan broj glasova koji mu garantuje pobedu ve\u0107 u prvom krugu. Sa jedne strane nemogu\u0107nost da se do\u0111e makar do drugog kruga i pru\u017ei kakav-takav elektoralni otpor re\u017eimu, sa druge brojne glasine o neregularnostima na bira\u010dkim mestima, sa tre\u0107e nezadovoljstvo medijskom prezentacijom kandidata \u2013 sve po malo ponukalo je ljude razli\u010ditih godina i socijalnog zale\u0111a da se okupe ispred Narodne skup\u0161tine u Beogradu, ali i u drugim gradovima \u0161irom Srbije \u2013 Novi Sad, Ni\u0161, \u010ca\u010dak, Zrenjanin, Po\u017earevac, itd. Okupljanja se svakodnevno odr\u017eavaju sve do danas.<\/p>\n<p>Da li je mogu\u0107e da ljudi tako spontano iza\u0111u na ulice, zapita\u0107e se mnogi. Pa, deluje da je okupljanje inicirano viralnim fejsbuk iventom koji nosi naslov &#8220;<a href=\"https:\/\/www.facebook.com\/events\/416285402064449\/\" target=\"_blank\" rel=\"noopener\">Protest Protiv Diktature 2017<\/a>&#8221; a u \u010dijem opisu stoji samo jedna re\u010denica: Grupa nezadovoljnih gra\u0111ana. U svakom slu\u010daju, sa kojom god namerom da je inicijalno napravljen ovaj ivent, ono \u0161to je ubrzo postalo jasno jeste da je sam \u010din protesta oslobodio zna\u010dajnu dozu kreativne energije, da su ljudi masovno krenuli da se koordini\u0161u putem interneta i da je odre\u0111ena vrsta spontaniteta proizvela dinamiku koja je dovela do otvaranja politi\u010dkog prostora za veliki broj onih \u010diji glas se do sada slabo kad mogao \u010duti.<\/p>\n<p>U\u010dinak je bio vidljiv jako brzo kada su se u koloni po\u010dele pojavljivati parole izrazito socijalne sadr\u017eine. A kako i da se ne pojave takve parole kada su poslednjih mesec dana Srbijom prostrujale vesti da se radnik fabrike <a href=\"http:\/\/rs.n1info.com\/a236864\/Video\/Info\/Radnici-Gose-bez-plata-jedan-se-ubio.html\" target=\"_blank\" rel=\"noopener\">Go\u0161a<\/a> koja je privatizovana 2007. godine ubio jer u tom preduze\u0107u plata nije ispla\u0107ena poslednje 3 godine, da su radnice u fabrici tekstila <a href=\"http:\/\/www.masina.rs\/?p=4288\" target=\"_blank\" rel=\"noopener\">Fori<\/a> iz Kragujevca stupile u \u0161trajk jer rade po 12 sati i to bez naknade za prekovremeni rad, da je Srbija jedna od zemalja sa najizra\u017eenijim <a href=\"http:\/\/www.euractiv.rs\/srbija-i-eu\/11126-u-srbiji-najvei-jaz-izmeu-bogatih-i-siromanih?params=gSLVN3366T3762k3663F3597J3135z3597h3201c3465O3564I1914t3597O3465h3564S3465G3267q3201g3135R3234S3201uaM5D0m33h3828J3762J3465r3267N3333u3894y3465Z3267K2112Q3993c320\" target=\"_blank\" rel=\"noopener\">nejednakostima<\/a> u Evropi, da je 25% stanovni\u0161tva &#8220;na granici siroma\u0161tva&#8221; \u0161to u prevodu zna\u010di da im mese\u010dna primanja ne prelaze 125\u20ac, da je za odobravanje socijalne pomo\u0107i potrebno da mese\u010dno na raspolaganju imate ne vi\u0161e od 64\u20ac, a najavljene izmene Zakona o socijalnoj za\u0161titi uslovi\u0107e i onako skromna socijalna davanja <a href=\"http:\/\/www.dw.com\/sr\/prinudni-rad-za-7946-dinara\/a-38377608\" target=\"_blank\" rel=\"noopener\">prinudnim radom<\/a>.<\/p>\n<p><strong>Formiranje solidarnosti<\/strong><\/p>\n<p>Situacija je toliko lo\u0161a da je ovakvih primera izrazito mnogo. Samim tim ni ne treba da \u010dudi to \u0161to je razvoj protesta preusmeren od onog koji je fokusiran isklju\u010divo na Aleksandra Vu\u010di\u0107a i na aktuelnu vladaju\u0107u garnituru, ka onom koji sve vi\u0161e isti\u010de \u0161ire socijalne zahteve koji su po\u010detkom ove nedelje objavljeni kao &#8220;<a href=\"https:\/\/www.facebook.com\/notes\/studentski-pokret-novi-sad\/proglas-naroda-u-protestu-protiv-diktature\/439312933074014\" target=\"_blank\" rel=\"noopener\">Proglas naroda protiv dikature<\/a>&#8220;.<\/p>\n<p>Va\u017ean susret na protestima odigrao se u subotu 8. aprila kada su se demonstrantni masovno <a href=\"http:\/\/www.masina.rs\/?p=4467\" target=\"_blank\" rel=\"noopener\">pridru\u017eili protestu<\/a> koji su organizovali Policijski i Vojni sindikati Srbije. Da je zna\u010daj povezivanja prepoznat govori i \u010dinjenica da su u\u010desnici protesta <a href=\"http:\/\/www.danas.rs\/politika.56.html?news_id=343385&amp;title=Studenti+uputili+otvoreno+pismo+radnicima+u+prosveti\" target=\"_blank\" rel=\"noopener\">uputili poziv<\/a> radnicama i radnicima u prosveti da im se pridru\u017ee na \u0161ta su ve\u0107 <a href=\"http:\/\/www.danas.rs\/drustvo.55.html?news_id=343444&amp;title=Lokalni+odbori+za+podr%C5%A1ku+protestima\" target=\"_blank\" rel=\"noopener\">pozitivno odreagovali<\/a> odbori Unije sindikata prosvetnih radnika Srbije iz \u010ca\u010dka, Zrenjanina i Ba\u010dke Palanke, dok se odluka glavnog odbora tek o\u010dekuje. Ovi susreti su va\u017eni u meri u kojoj sindikatima otvaraju prostor da se kona\u010dno u dru\u0161tvu postave kao organizacije koje zanimaju i \u0161ira dru\u0161tvena pitanja, a ne samo isklju\u010divo sektorska. Da li \u0107e sindikati ovaj potencijal prepoznati ostaje jo\u0161 da se vidi, ali izgleda da svima postaje sve jasnije da zadr\u017eavanje na isklju\u010divo partikularnim temama i interesima ne omogu\u0107ava zna\u010dajnije uzdrmavanje aktuelnih ekonomskih i politi\u010dkih kretanja.<\/p>\n<p>Ubrzo nakon \u0161to su zahtevi izneseni u javnost <a href=\"http:\/\/www.politika.rs\/sr\/clanak\/378220\/Sta-se-krije-iza-sedam-zahteva-demonstranata\" target=\"_blank\" rel=\"noopener\">oglasila se<\/a> potpredsednica Vlade Srbije i \u010dlanica Predsedni\u0161tva SNS Zorana Mihajlovi\u0107 naizgled naivno konstatuju\u0107i kako demonstranti nisu obave\u0161teni te da kucaju na pogre\u0161na vrata jer, navodno, Vlada nije telo koje im iznete zahteve mo\u017ee ispuniti. Malo dalje u tekstu Mihajlovi\u0107 zaklju\u010duje kako su protesti namereni na &#8220;osporavanje izborne volje gra\u0111ana koji su ogromnom ve\u0107inom izabrali Vu\u010di\u0107a&#8221;. I to jeste kurs koji je zauzela aktuelna vlast.<\/p>\n<p>Predsjedni\u010dke izbore su predstavili kao jedan vid referendumskog izja\u0161njavanja u koje su ulo\u017eili najja\u010de oru\u017eje. \u010cinjenica da se Aleksandar Vu\u010di\u0107 odrekao premijerske pozicije, koja u Srbiji nosi najve\u0107u politi\u010dku mo\u0107, i kandidovao se za prakti\u010dno protokolarno mesto predsednika republike, mo\u017ee nam sugerisati da se re\u017eim mnogo vi\u0161e pla\u0161i reakcije &#8220;naroda&#8221; nego \u0161to to na prvi pogled mo\u017ee delovati. Pozivanje na demokratiju od strane vlasti odavno je dobilo auru cinizma. Demokratija se ne mo\u017ee svesti samo na izbore i aktuelni protesti to doslovno pokazuju. U kom god pravcu politi\u010dke prilike nastave da se razvijaju, sasvim je izvesno da su nam pokreti sa socijalnim zahtevima preko potrebni. \u0160to glasnije vi\u010demo, na\u0161 glas \u0107e se pre \u010duti.<\/p>\n","protected":false},"excerpt":{"rendered":"<p>U moru zanimljivih transparenata koji ovih dana \u0161partaju gradovima Srbije iskazuju\u0107i nezadovoljstvo stanjem u zemlji mo\u017ee se prona\u0107i jedan koji sa\u017eima dosada\u0161nju \u201etranzicionu\u201c politi\u010dku hronologiju &#8230;<\/p>\n","protected":false},"author":4,"featured_media":17910,"comment_status":"closed","ping_status":"closed","sticky":false,"template":"","format":"standard","meta":{"footnotes":""},"categories":[454,1],"tags":[33],"theme":[456],"country":[11],"articleformat":[450],"coauthors":[130],"class_list":["post-17909","post","type-post","status-publish","format-standard","has-post-thumbnail","hentry","category-naslovnica","category-uncategorized","tag-protest","theme-politika","country-srbija","articleformat-tema"],"_links":{"self":[{"href":"https:\/\/www.bilten.org\/index.php?rest_route=\/wp\/v2\/posts\/17909","targetHints":{"allow":["GET"]}}],"collection":[{"href":"https:\/\/www.bilten.org\/index.php?rest_route=\/wp\/v2\/posts"}],"about":[{"href":"https:\/\/www.bilten.org\/index.php?rest_route=\/wp\/v2\/types\/post"}],"author":[{"embeddable":true,"href":"https:\/\/www.bilten.org\/index.php?rest_route=\/wp\/v2\/users\/4"}],"replies":[{"embeddable":true,"href":"https:\/\/www.bilten.org\/index.php?rest_route=%2Fwp%2Fv2%2Fcomments&post=17909"}],"version-history":[{"count":7,"href":"https:\/\/www.bilten.org\/index.php?rest_route=\/wp\/v2\/posts\/17909\/revisions"}],"predecessor-version":[{"id":36623,"href":"https:\/\/www.bilten.org\/index.php?rest_route=\/wp\/v2\/posts\/17909\/revisions\/36623"}],"wp:featuredmedia":[{"embeddable":true,"href":"https:\/\/www.bilten.org\/index.php?rest_route=\/wp\/v2\/media\/17910"}],"wp:attachment":[{"href":"https:\/\/www.bilten.org\/index.php?rest_route=%2Fwp%2Fv2%2Fmedia&parent=17909"}],"wp:term":[{"taxonomy":"category","embeddable":true,"href":"https:\/\/www.bilten.org\/index.php?rest_route=%2Fwp%2Fv2%2Fcategories&post=17909"},{"taxonomy":"post_tag","embeddable":true,"href":"https:\/\/www.bilten.org\/index.php?rest_route=%2Fwp%2Fv2%2Ftags&post=17909"},{"taxonomy":"theme","embeddable":true,"href":"https:\/\/www.bilten.org\/index.php?rest_route=%2Fwp%2Fv2%2Ftheme&post=17909"},{"taxonomy":"country","embeddable":true,"href":"https:\/\/www.bilten.org\/index.php?rest_route=%2Fwp%2Fv2%2Fcountry&post=17909"},{"taxonomy":"articleformat","embeddable":true,"href":"https:\/\/www.bilten.org\/index.php?rest_route=%2Fwp%2Fv2%2Farticleformat&post=17909"},{"taxonomy":"author","embeddable":true,"href":"https:\/\/www.bilten.org\/index.php?rest_route=%2Fwp%2Fv2%2Fcoauthors&post=17909"}],"curies":[{"name":"wp","href":"https:\/\/api.w.org\/{rel}","templated":true}]}}