{"id":17722,"date":"2017-04-03T09:51:52","date_gmt":"2017-04-03T08:51:52","guid":{"rendered":"http:\/\/www.bilten.org\/?p=17722"},"modified":"2017-04-03T09:56:04","modified_gmt":"2017-04-03T08:56:04","slug":"mizerija-bh-ljevice","status":"publish","type":"post","link":"https:\/\/www.bilten.org\/?p=17722","title":{"rendered":"Mizerija bh. ljevice"},"content":{"rendered":"<p>Da je politi\u010dki sustav Bosne i Hercegovine trajno blokiran podjelom vlasti po etni\u010dkim linijama ve\u0107 je dugo notorna stvar. To je naposljetku i neizbje\u017ena posljedica Dejtonskog mirovnog sporazuma koji je etni\u010dke sukobe poku\u0161ao rije\u0161iti zadovoljavanjem neposrednih interesa glave\u0161ina svake od zajednice. U tom kontekstu, me\u0111u onima koji se jo\u0161 nadaju da bi ta dr\u017eava jednog dana mogla postati funkcionalna, sve se nade \u010desto pola\u017eu u tzv. ljevicu, odnosno one &#8220;gra\u0111anske&#8221; stranke koje naizgled nastoje razmi\u0161ljati o budu\u0107nosti zemlje onkraj podjela po linijama narodnosti i vjeroispovijesti. Paradoks te opcije je, me\u0111utim, da ona unato\u010d svojem formalnom antinacionalizmu nikako ne uspijeva privu\u0107i bira\u010de izvan centara velikih gradova s uvjerljivom bo\u0161nja\u010dkom ve\u0107inom. Nedavni zaklju\u010dci Glavnog odbora Socijaldemokratske partije BiH (SDP), najve\u0107e me\u0111u &#8220;gra\u0111anskim&#8221; strankama, dobro pokazuju i za\u0161to.<\/p>\n<p>Iako \u010desto koketira sa simbolikom socijalisti\u010dke Jugoslavije kao primjerom funkcionalne multietni\u010dke dr\u017eave (u usporedbi s dana\u0161njom BiH), SDP nikako ne uspijeva ponuditi neki novi temelj za neko novo zajedni\u0161tvo: bilo po klasnim osnovama ili \u010dak samo socijalnijim politikama. Dapa\u010de, samozvani socijaldemokrati \u010desto su me\u0111u najglasnijim zagovornicima agresivnijih antiradni\u010dkim mjera &#8220;restrukturiranja&#8221; koje name\u0107e me\u0111unarodna zajednica. Umjesto jedinstva radnika razli\u010ditih etni\u010dkih i vjerskih identiteta, oni nude samo sna\u017eniju centraliziranu dr\u017eavu koja \u0107e biti jo\u0161 sna\u017enije podlo\u017ena interesima me\u0111unarodnog kapitala. Istodobno ipak znaju da je u situaciji stalno rastu\u0107e bijede nu\u017eno povremeno kukati zbog posljedica politika koji i sami zagovaraju. Tako u SDP-u \u010desto proizvode bizarna ideolo\u0161ka \u010dudovi\u0161ta, bastarde dr\u017eavotvorstva i demagogije.<\/p>\n<p>Sa subotnjeg Glavnog odbora, SDP je tako odaslao poruku kako se protivi privatizacijama, ali ne zato \u0161to su one mjere u korist kapitala, a protiv radnika, nego zato \u0161to privatizacije &#8220;slabe dr\u017eavu&#8221;. Istodobno su pozvali &#8220;dr\u017eavotvorne snage&#8221; da se usprotive privatizaciji koju provode njihovi konkurenti iz Stranke demokratske akcije i Hrvatske demokratske zajednice, ali i da se proces privatizacije dr\u017eavne imovine dovede &#8220;do kraja na transparentan na\u010din&#8221;. Sli\u010dno ba\u0161 svim ostalim bh. strankama, i &#8220;gra\u0111anske&#8221; opcije u osnovi sve BiH probleme nastoje nasilno ugurati u kontekst nacionalnih netrpeljivosti. \u010cak i ako je njihova vizura manje etni\u010dka, a vi\u0161e dr\u017eavna, ona ostaje jednako antiradni\u010dka i u slu\u017ebi trajnih podjela.<\/p>\n","protected":false},"excerpt":{"rendered":"<p>Da je politi\u010dki sustav Bosne i Hercegovine trajno blokiran podjelom vlasti po etni\u010dkim linijama ve\u0107 je dugo notorna stvar. To je naposljetku i neizbje\u017ena posljedica Dejtonskog mirovnog sporazuma&#8230;<\/p>\n","protected":false},"author":10,"featured_media":17728,"comment_status":"closed","ping_status":"closed","sticky":false,"template":"","format":"standard","meta":{"footnotes":""},"categories":[],"tags":[25],"theme":[456],"country":[35],"articleformat":[205],"coauthors":[26],"class_list":["post-17722","post","type-post","status-publish","format-standard","has-post-thumbnail","hentry","tag-nacionalizam","theme-politika","country-bih","articleformat-vijest"],"_links":{"self":[{"href":"https:\/\/www.bilten.org\/index.php?rest_route=\/wp\/v2\/posts\/17722","targetHints":{"allow":["GET"]}}],"collection":[{"href":"https:\/\/www.bilten.org\/index.php?rest_route=\/wp\/v2\/posts"}],"about":[{"href":"https:\/\/www.bilten.org\/index.php?rest_route=\/wp\/v2\/types\/post"}],"author":[{"embeddable":true,"href":"https:\/\/www.bilten.org\/index.php?rest_route=\/wp\/v2\/users\/10"}],"replies":[{"embeddable":true,"href":"https:\/\/www.bilten.org\/index.php?rest_route=%2Fwp%2Fv2%2Fcomments&post=17722"}],"version-history":[{"count":4,"href":"https:\/\/www.bilten.org\/index.php?rest_route=\/wp\/v2\/posts\/17722\/revisions"}],"predecessor-version":[{"id":17727,"href":"https:\/\/www.bilten.org\/index.php?rest_route=\/wp\/v2\/posts\/17722\/revisions\/17727"}],"wp:featuredmedia":[{"embeddable":true,"href":"https:\/\/www.bilten.org\/index.php?rest_route=\/wp\/v2\/media\/17728"}],"wp:attachment":[{"href":"https:\/\/www.bilten.org\/index.php?rest_route=%2Fwp%2Fv2%2Fmedia&parent=17722"}],"wp:term":[{"taxonomy":"category","embeddable":true,"href":"https:\/\/www.bilten.org\/index.php?rest_route=%2Fwp%2Fv2%2Fcategories&post=17722"},{"taxonomy":"post_tag","embeddable":true,"href":"https:\/\/www.bilten.org\/index.php?rest_route=%2Fwp%2Fv2%2Ftags&post=17722"},{"taxonomy":"theme","embeddable":true,"href":"https:\/\/www.bilten.org\/index.php?rest_route=%2Fwp%2Fv2%2Ftheme&post=17722"},{"taxonomy":"country","embeddable":true,"href":"https:\/\/www.bilten.org\/index.php?rest_route=%2Fwp%2Fv2%2Fcountry&post=17722"},{"taxonomy":"articleformat","embeddable":true,"href":"https:\/\/www.bilten.org\/index.php?rest_route=%2Fwp%2Fv2%2Farticleformat&post=17722"},{"taxonomy":"author","embeddable":true,"href":"https:\/\/www.bilten.org\/index.php?rest_route=%2Fwp%2Fv2%2Fcoauthors&post=17722"}],"curies":[{"name":"wp","href":"https:\/\/api.w.org\/{rel}","templated":true}]}}