{"id":17450,"date":"2017-03-16T10:37:27","date_gmt":"2017-03-16T09:37:27","guid":{"rendered":"http:\/\/www.bilten.org\/?p=17450"},"modified":"2017-03-16T10:39:57","modified_gmt":"2017-03-16T09:39:57","slug":"strah-od-crvenih-pokretnih-slika","status":"publish","type":"post","link":"https:\/\/www.bilten.org\/?p=17450","title":{"rendered":"Strah od crvenih pokretnih slika"},"content":{"rendered":"<p>I dok se hrvatska desnica zabavlja udarom na suvremeni film i nastoji skrenuti prora\u010dunski novac podobnijim autorima, ona albanska i dalje muku mu\u010di s komunisti\u010dkim filmskim naslje\u0111em. Navodno filmovi snimljeni u komunisti\u010dkom periodu i dalje nesmiljeno \u0161ire propagandu. Odlu\u010dan korak u smjeru kona\u010dnog obra\u010duna s crvenim pokretnim slikama poduzeo je ovih dana javno financirani Institut za komunisti\u010dke zlo\u010dine.<\/p>\n<p>Dakle, navedeni Institut je predlo\u017eio da se zabrani emitiranje svih filmova nastalih u komunisti\u010dkom periodu. Kako je za BIRN <a href=\"http:\/\/www.balkaninsight.com\/en\/article\/initiative-to-ban-albanian-communist-movies-couse-backlash-03-15-2017\" target=\"_blank\">izjavio Agron Tufa<\/a>, direktor Instituta i pjesnik po du\u0161i, trenutno u suradnji s nekoliko drugih javnih institucija rade na izradi nacrta zakona kojim bi se sporni filmovi zabranili. Tufa obja\u0161njava i motivaciju: &#8220;Mi stojimo iza inicijative i nastojimo doprinijeti dekomunizaciji dru\u0161tva. Tada\u0161nji su filmovi bili oru\u0111e masovnog pranja mozga u svrhu genocidne propagande i mr\u017enje me\u0111u klasama.&#8221; No, boji se Tufa da bi mogli poprimiti istu funkciju i danas: &#8220;Suo\u010deni smo s rizikom s obzirom na to da prikazivanje ovih filmova odr\u017eava i aktivira nostalgiju za diktaturom&#8230; Oni \u010dine veliku \u0161tetu javnom zdravlju i predstavljaju eti\u010dku i esteti\u010dku katastrofu koja utje\u010de na mla\u0111e generacije.&#8221;<\/p>\n<p>Ipak, Tufa je pristao u\u010diniti mali ustupak u nacrtu prijedloga zakona. Naime, ima tih nekoliko filmova iz tog perioda koji nisu ba\u0161 toliko puni propagande i njih bi se smjelo prikazivati, ali pod posebnim uvjetima. Svakom prikazivanju trebala bi prethoditi najava u kojoj se poja\u0161njava za\u0161to ih se prikazuje. Valjda zbog neke vrijedne gluma\u010dke role ili virtuoznih monta\u017enih prijelaza. No, kao i u mnogim drugim slu\u010dajevima obra\u010duna s komunisti\u010dkom pro\u0161lo\u0161\u0107u, jedno proturje\u010dje prili\u010dno str\u0161i u cijeloj pri\u010di: ako je komunizam raskrinkan kao ideologija i politi\u010dki pora\u017een, odakle onda toliki strah od zastarjele komunisti\u010dke propagande i filmova koji raspiruju &#8220;mr\u017enju me\u0111u klasama&#8221;? Mo\u017eda zato \u0161to suvremena politi\u010dka i ekonomska stvarnost daje toliko povoda za tu mr\u017enju?<\/p>\n","protected":false},"excerpt":{"rendered":"<p>I dok se hrvatska desnica zabavlja udarom na suvremeni film i nastoji skrenuti prora\u010dunski novac podobnijim autorima, ona albanska i dalje muku mu\u010di s komunisti\u010dkim filmskim naslje\u0111em. Navodno filmovi snimljeni u komunisti\u010dkom periodu i dalje nesmiljeno \u0161ire propagandu. Odlu\u010dan korak u smjeru kona\u010dnog obra\u010duna s crvenim pokretnim slikama poduzeo je ovih dana javno financirani Institut [&hellip;]<\/p>\n","protected":false},"author":5,"featured_media":17452,"comment_status":"closed","ping_status":"closed","sticky":false,"template":"","format":"standard","meta":{"footnotes":""},"categories":[],"tags":[74],"theme":[458],"country":[65],"articleformat":[205],"coauthors":[291],"class_list":["post-17450","post","type-post","status-publish","format-standard","has-post-thumbnail","hentry","tag-kultura","theme-drustvo","country-albanija","articleformat-vijest"],"_links":{"self":[{"href":"https:\/\/www.bilten.org\/index.php?rest_route=\/wp\/v2\/posts\/17450","targetHints":{"allow":["GET"]}}],"collection":[{"href":"https:\/\/www.bilten.org\/index.php?rest_route=\/wp\/v2\/posts"}],"about":[{"href":"https:\/\/www.bilten.org\/index.php?rest_route=\/wp\/v2\/types\/post"}],"author":[{"embeddable":true,"href":"https:\/\/www.bilten.org\/index.php?rest_route=\/wp\/v2\/users\/5"}],"replies":[{"embeddable":true,"href":"https:\/\/www.bilten.org\/index.php?rest_route=%2Fwp%2Fv2%2Fcomments&post=17450"}],"version-history":[{"count":1,"href":"https:\/\/www.bilten.org\/index.php?rest_route=\/wp\/v2\/posts\/17450\/revisions"}],"predecessor-version":[{"id":17451,"href":"https:\/\/www.bilten.org\/index.php?rest_route=\/wp\/v2\/posts\/17450\/revisions\/17451"}],"wp:featuredmedia":[{"embeddable":true,"href":"https:\/\/www.bilten.org\/index.php?rest_route=\/wp\/v2\/media\/17452"}],"wp:attachment":[{"href":"https:\/\/www.bilten.org\/index.php?rest_route=%2Fwp%2Fv2%2Fmedia&parent=17450"}],"wp:term":[{"taxonomy":"category","embeddable":true,"href":"https:\/\/www.bilten.org\/index.php?rest_route=%2Fwp%2Fv2%2Fcategories&post=17450"},{"taxonomy":"post_tag","embeddable":true,"href":"https:\/\/www.bilten.org\/index.php?rest_route=%2Fwp%2Fv2%2Ftags&post=17450"},{"taxonomy":"theme","embeddable":true,"href":"https:\/\/www.bilten.org\/index.php?rest_route=%2Fwp%2Fv2%2Ftheme&post=17450"},{"taxonomy":"country","embeddable":true,"href":"https:\/\/www.bilten.org\/index.php?rest_route=%2Fwp%2Fv2%2Fcountry&post=17450"},{"taxonomy":"articleformat","embeddable":true,"href":"https:\/\/www.bilten.org\/index.php?rest_route=%2Fwp%2Fv2%2Farticleformat&post=17450"},{"taxonomy":"author","embeddable":true,"href":"https:\/\/www.bilten.org\/index.php?rest_route=%2Fwp%2Fv2%2Fcoauthors&post=17450"}],"curies":[{"name":"wp","href":"https:\/\/api.w.org\/{rel}","templated":true}]}}