{"id":17197,"date":"2017-03-01T08:00:06","date_gmt":"2017-03-01T07:00:06","guid":{"rendered":"http:\/\/www.bilten.org\/?p=17197"},"modified":"2017-02-28T18:57:29","modified_gmt":"2017-02-28T17:57:29","slug":"kako-je-propao-orbanov-olimpijski-plan","status":"publish","type":"post","link":"https:\/\/www.bilten.org\/?p=17197","title":{"rendered":"Kako je propao Orb\u00e1nov olimpijski plan"},"content":{"rendered":"<p>Me\u0111unarodni olimpijski odbor koji odlu\u010duje o gradovima doma\u0107inima Olimpijskih igara ove se godine nalazi pred ozbiljnim izazovima. Za rujan je predvi\u0111en rok kona\u010dnog izbora mjesta odr\u017eavanja ljetnih igara 2024. godine. No kandidata ima najmanje jo\u0161 od 1980-ih, kada se i sam koncept igara prakti\u010dki raspao, uslijed niza bojkota po hladnoratovskim blokovskim linijama. Kao potencijalni doma\u0107ini za 2024. preostali su samo Los Angeles i Pariz, a oba grada se smatraju donekle neprikladnima. Niz teroristi\u010dkih napada proteklih godina u\u010dinio je Pariz nepo\u017eeljnim mjestom za organiziranje velikih doga\u0111aja dok je putovanje u SAD za dr\u017eavljane nekoliko zemalja trenutno onemogu\u0107eno zbog odluka novog predsjednika.<\/p>\n<p>Kriza je toliko ozbiljna da odbor \u010dak razmi\u0161lja o tome da sasvim odustane od budu\u0107ih natje\u010daja za doma\u0107ine \u2013 igre 2028. bi se automatski odr\u017eale u onom gradu koji bude slabije ocijenjen za igre 2024. godine \u2013 u strahu da se za organizatora kasnijih igara ne\u0107e javiti nitko. No jo\u0161 prije par godina interes je bio znatno ve\u0107i, a kao ozbiljni kandidati ra\u010dunali su se Rim, Hamburg i \u2013 Budimpe\u0161ta. Stanovnici prva dva grada brzo su zaustavili ambicije uprava da organiziraju igre, navode\u0107i velik tro\u0161ak i negativne posljedice po infrastrukturu grada. U Ma\u0111arskoj su stvari i\u0161le puno sporije, osobito s obzirom na to da je tamo\u0161nja Olimpijada zapravo trebala biti veliki nacionalni projekt iza kojeg je \u010dvrsto stala cijela vlada i premijer Viktor Orb\u00e1n.<\/p>\n<p><strong>Od potpisa do izbornih ambicija<\/strong><\/p>\n<p>Kada je slaba\u0161na opozicija stidljivo upozorila na to da se novac mo\u017ee potro\u0161iti i na korisnije stvari, vlada nije bila osobito zabrinuta. I ba\u0161 kad se \u010dinilo da ni\u0161ta ne mo\u017ee zaustaviti kandidaturu, na scenu je stupila do tad nepoznati &#8220;pokret&#8221; Momentum koji je, suprotno svim o\u010dekivanjima, prikupio preko 260 tisu\u0107a potpisa protiv Olimpijade \u0161to je prisililo vladu da odustane od projekta zbog straha od referenduma (za \u010dije raspisivanje je potrebno oko 140 tisu\u0107a potpisa) koji bi se vrlo lako mogao pretvoriti u izja\u0161njavanje o cijeloj vladi. Momentum je tako izborio jednu od rijetkih pobjeda nad ma\u0111arskom vladom pa ne \u010dudi da su mu ambicije u me\u0111uvremenu narasle \u2013 njegov lider Andr\u00e1s Fekete-Gy\u0151r je najavio kako registrira stranku i izlazi na sljede\u0107e izbore.<\/p>\n<p>To \u0107e me\u0111utim biti ve\u0107 \u0161esti poku\u0161aj &#8220;obnove&#8221; opozicije, a svi dosada\u0161nji zavr\u0161ili su daljnjim cijepanjem sve manjeg bira\u010dkog tijela koje podr\u017eava liberalne stranke nasuprot vladaju\u0107em Fideszu i ekstremno desnom Jobbiku. Jo\u0161 gore, \u010dini se kako Fekete-Gy\u0151r, polaznih presti\u017enih privatnih \u0161kola i sveu\u010dili\u0161ta te biv\u0161i asistent zastupnika bavarskog CSU-a u Europskom parlamentu, zapravo i ne nudi nikakav iskorak u odnosu na ostatak opozicije. Kao glavni problem prepoznaje \u010dinjenicu da Ma\u0111arska ima lo\u0161u reputaciju unutar Unije, a kao svoju glavnu prednost \u2013 \u010dinjenicu da je mlad, dobro upoznat sa Zapadom i nekompromitiran.<\/p>\n","protected":false},"excerpt":{"rendered":"<p>Me\u0111unarodni olimpijski odbor koji odlu\u010duje o gradovima doma\u0107inima Olimpijskih igara ove se godine nalazi pred ozbiljnim izazovima. Za rujan je predvi\u0111en rok kona\u010dnog izbora mjesta odr\u017eavanja ljetnih igara 2024. godine&#8230;<\/p>\n","protected":false},"author":10,"featured_media":17198,"comment_status":"closed","ping_status":"closed","sticky":false,"template":"","format":"standard","meta":{"footnotes":""},"categories":[],"tags":[287],"theme":[],"country":[],"articleformat":[205],"coauthors":[26],"class_list":["post-17197","post","type-post","status-publish","format-standard","has-post-thumbnail","hentry","tag-madarska","articleformat-vijest"],"_links":{"self":[{"href":"https:\/\/www.bilten.org\/index.php?rest_route=\/wp\/v2\/posts\/17197","targetHints":{"allow":["GET"]}}],"collection":[{"href":"https:\/\/www.bilten.org\/index.php?rest_route=\/wp\/v2\/posts"}],"about":[{"href":"https:\/\/www.bilten.org\/index.php?rest_route=\/wp\/v2\/types\/post"}],"author":[{"embeddable":true,"href":"https:\/\/www.bilten.org\/index.php?rest_route=\/wp\/v2\/users\/10"}],"replies":[{"embeddable":true,"href":"https:\/\/www.bilten.org\/index.php?rest_route=%2Fwp%2Fv2%2Fcomments&post=17197"}],"version-history":[{"count":1,"href":"https:\/\/www.bilten.org\/index.php?rest_route=\/wp\/v2\/posts\/17197\/revisions"}],"predecessor-version":[{"id":17199,"href":"https:\/\/www.bilten.org\/index.php?rest_route=\/wp\/v2\/posts\/17197\/revisions\/17199"}],"wp:featuredmedia":[{"embeddable":true,"href":"https:\/\/www.bilten.org\/index.php?rest_route=\/wp\/v2\/media\/17198"}],"wp:attachment":[{"href":"https:\/\/www.bilten.org\/index.php?rest_route=%2Fwp%2Fv2%2Fmedia&parent=17197"}],"wp:term":[{"taxonomy":"category","embeddable":true,"href":"https:\/\/www.bilten.org\/index.php?rest_route=%2Fwp%2Fv2%2Fcategories&post=17197"},{"taxonomy":"post_tag","embeddable":true,"href":"https:\/\/www.bilten.org\/index.php?rest_route=%2Fwp%2Fv2%2Ftags&post=17197"},{"taxonomy":"theme","embeddable":true,"href":"https:\/\/www.bilten.org\/index.php?rest_route=%2Fwp%2Fv2%2Ftheme&post=17197"},{"taxonomy":"country","embeddable":true,"href":"https:\/\/www.bilten.org\/index.php?rest_route=%2Fwp%2Fv2%2Fcountry&post=17197"},{"taxonomy":"articleformat","embeddable":true,"href":"https:\/\/www.bilten.org\/index.php?rest_route=%2Fwp%2Fv2%2Farticleformat&post=17197"},{"taxonomy":"author","embeddable":true,"href":"https:\/\/www.bilten.org\/index.php?rest_route=%2Fwp%2Fv2%2Fcoauthors&post=17197"}],"curies":[{"name":"wp","href":"https:\/\/api.w.org\/{rel}","templated":true}]}}