{"id":17106,"date":"2017-02-22T08:00:13","date_gmt":"2017-02-22T07:00:13","guid":{"rendered":"http:\/\/www.bilten.org\/?p=17106"},"modified":"2017-02-21T22:07:34","modified_gmt":"2017-02-21T21:07:34","slug":"satorom-do-povecane-nejednakosti","status":"publish","type":"post","link":"https:\/\/www.bilten.org\/?p=17106","title":{"rendered":"\u0160atorom do pove\u0107ane nejednakosti"},"content":{"rendered":"<p>Kako javljaju agencije, albanska je opozicija nakon prosvjeda koji je organizirala pro\u0161le subote odlu\u010dila podi\u0107i \u0161ator ispred zgrade vlade u Tirani. Rije\u010d je o konstrukciji namijenjenoj ve\u0107em broju osoba kakve se obi\u010dno koriste prilikom organiziranja proslava na otvorenom, a trebala bi (osim za\u0161tite od oborina) slu\u017eiti i kao simbol prosvjednog kontinuiteta tijekom nekoliko mjeseci. Naime, prema najavama lidera opozicije Lulzima Bashe, prosvjednici ne planiraju napustiti \u0161ator sve do izbora koji se odr\u017eavaju u lipnju ove godine ili dok vlada ne podnese ostavku. Ovaj prosvjed, koji je (pomalo eshatolo\u0161ki) najavljen kao &#8220;izraz volje albanskog naroda da zaustavi zlo&#8221; do sad se, prema <a href=\"http:\/\/www.balkaninsight.com\/en\/article\/albanian-opposition-asks-for-technical-government-02-20-2017\" target=\"_blank\">reporta\u017eama<\/a>, uglavnom odvijao uz partiju \u0161aha ili karata za stolovima ispod \u0161atora.<\/p>\n<p>No njega \u0107e pratiti i potpuni bojkot parlamenta od strane opozicije koja tvrdi da jedino ostavka aktualne i postavljanje prijelazne vlade mo\u017ee osigurati regularnost narednih izbora. Svoj zahtjev nadalje poku\u0161avaju &#8220;podebljati&#8221; mobilizacijom cijelog arsenala antikomunisti\u010dke demagogije, povla\u010de\u0107i izravnu vezu izme\u0111u &#8220;ru\u0161enja komunizma&#8221; \u2013 odnosno politi\u010dkih promjena 1991. \u010dije se obljetnice proslavljaju ovih dana \u2013 i potrebe ru\u0161enja aktualne vlade Socijalisti\u010dke stranke. O\u010dekivano, paralele se povla\u010de i s nedavnim prosvjedima u Rumunjskoj u kojoj je, igrom slu\u010daja, tako\u0111er formalno socijaldemokratska stranka na vlasti, no zasad nema nikakvih naznaka da bi \u0161ator mogao na akciju potaknuti velike narodne mase.<\/p>\n<p>Ta \u010dinjenica ne iznena\u0111uje previ\u0161e. Naime, opozicija kritizira rezultate deregulacijskih i privatizacijskih politika vladaju\u0107ih, odnosno pove\u0107anu socijalnu nesigurnost protekle \u010detiri godine. No kao rje\u0161enje predla\u017eu: zao\u0161travanje istih mjera. Me\u0111u <a href=\"http:\/\/www.balkaneu.com\/albanian-opposition-promises-a-9-flat-tax-and-zero-tax-on-dividend\/\" target=\"_blank\">prijedlozima<\/a> su se tako na\u0161li oni o op\u0107em smanjenju poreza za poslovne subjekte na 9%, ukidanju poreza na dividendu te smanjenju jedinstvene porezne stope (PDV) na 15%, \u0161to je <a href=\"https:\/\/www.ricksteves.com\/travel-tips\/money\/vat-rates-in-europe\" target=\"_blank\">razina<\/a> sli\u010dna onoj u &#8220;poreznoj oazi&#8221; Luksemburgu. S obzirom na to da regresivno oporezovanje sna\u017eno poti\u010de socijalne nejednakosti i li\u0161ava dr\u017eavni prora\u010dun sredstava za odr\u017eavanje infrastrukture, stanovni\u0161tvu jedne od najsiroma\u0161nijih i <a href=\"http:\/\/hdr.undp.org\/en\/content\/income-gini-coefficient\" target=\"_blank\">najnejednakijih<\/a> zemalja u Europi se nipo\u0161to ne smije\u0161i bolja budu\u0107nost.<\/p>\n","protected":false},"excerpt":{"rendered":"<p>Kako javljaju agencije, albanska je opozicija nakon prosvjeda koji je organizirala pro\u0161le subote odlu\u010dila podi\u0107i \u0161ator ispred zgrade vlade u Tirani. Rije\u010d je o konstrukciji namijenjenoj ve\u0107em broju osoba kakve se obi\u010dno koriste prilikom organiziranja proslava na otvorenom&#8230;<\/p>\n","protected":false},"author":10,"featured_media":17107,"comment_status":"closed","ping_status":"closed","sticky":false,"template":"","format":"standard","meta":{"footnotes":""},"categories":[],"tags":[12,33],"theme":[456],"country":[65],"articleformat":[205],"coauthors":[26],"class_list":["post-17106","post","type-post","status-publish","format-standard","has-post-thumbnail","hentry","tag-izbori","tag-protest","theme-politika","country-albanija","articleformat-vijest"],"_links":{"self":[{"href":"https:\/\/www.bilten.org\/index.php?rest_route=\/wp\/v2\/posts\/17106","targetHints":{"allow":["GET"]}}],"collection":[{"href":"https:\/\/www.bilten.org\/index.php?rest_route=\/wp\/v2\/posts"}],"about":[{"href":"https:\/\/www.bilten.org\/index.php?rest_route=\/wp\/v2\/types\/post"}],"author":[{"embeddable":true,"href":"https:\/\/www.bilten.org\/index.php?rest_route=\/wp\/v2\/users\/10"}],"replies":[{"embeddable":true,"href":"https:\/\/www.bilten.org\/index.php?rest_route=%2Fwp%2Fv2%2Fcomments&post=17106"}],"version-history":[{"count":3,"href":"https:\/\/www.bilten.org\/index.php?rest_route=\/wp\/v2\/posts\/17106\/revisions"}],"predecessor-version":[{"id":17110,"href":"https:\/\/www.bilten.org\/index.php?rest_route=\/wp\/v2\/posts\/17106\/revisions\/17110"}],"wp:featuredmedia":[{"embeddable":true,"href":"https:\/\/www.bilten.org\/index.php?rest_route=\/wp\/v2\/media\/17107"}],"wp:attachment":[{"href":"https:\/\/www.bilten.org\/index.php?rest_route=%2Fwp%2Fv2%2Fmedia&parent=17106"}],"wp:term":[{"taxonomy":"category","embeddable":true,"href":"https:\/\/www.bilten.org\/index.php?rest_route=%2Fwp%2Fv2%2Fcategories&post=17106"},{"taxonomy":"post_tag","embeddable":true,"href":"https:\/\/www.bilten.org\/index.php?rest_route=%2Fwp%2Fv2%2Ftags&post=17106"},{"taxonomy":"theme","embeddable":true,"href":"https:\/\/www.bilten.org\/index.php?rest_route=%2Fwp%2Fv2%2Ftheme&post=17106"},{"taxonomy":"country","embeddable":true,"href":"https:\/\/www.bilten.org\/index.php?rest_route=%2Fwp%2Fv2%2Fcountry&post=17106"},{"taxonomy":"articleformat","embeddable":true,"href":"https:\/\/www.bilten.org\/index.php?rest_route=%2Fwp%2Fv2%2Farticleformat&post=17106"},{"taxonomy":"author","embeddable":true,"href":"https:\/\/www.bilten.org\/index.php?rest_route=%2Fwp%2Fv2%2Fcoauthors&post=17106"}],"curies":[{"name":"wp","href":"https:\/\/api.w.org\/{rel}","templated":true}]}}