{"id":17086,"date":"2017-02-21T08:30:27","date_gmt":"2017-02-21T07:30:27","guid":{"rendered":"http:\/\/www.bilten.org\/?p=17086"},"modified":"2017-02-21T13:40:09","modified_gmt":"2017-02-21T12:40:09","slug":"ukrajina-u-slijepoj-ulici","status":"publish","type":"post","link":"https:\/\/www.bilten.org\/?p=17086","title":{"rendered":"Ukrajina u slijepoj ulici"},"content":{"rendered":"<p>Prema izvje\u0161tajima s terena, primirje u Donbasu koje je ju\u010der formalno stupilo na snagu uglavnom se ne po\u0161tuje, \u010dime je propao jo\u0161 jedan poku\u0161aj normalizacije situacije na istoku Ukrajine. Nakon gotovo tri godine sukoba i nekoliko potpisanih mirovnih sporazuma, nema ozbiljnijih naznaka skorog rje\u0161enja. Dapa\u010de, proteklih nekoliko tjedana do\u0161lo je do eskalacije vojnih djelovanja s obje strane linije razgrani\u010denja izme\u0111u vlade u Kijevu i samoprogla\u0161enih republika u Donjecku i Lugansku. Me\u0111u predstavnicima Europske unije, koji su s Rusijom dogovorili ovo primirje bez efekta, eskalacija je pripisana nedostatku ameri\u010dkog pritiska na ukrajinskog velikog isto\u010dnog susjeda nakon stupanja na funkciju Donalda Trumpa.<\/p>\n<p>No najavljeni &#8220;proruski&#8221; kurs nove ameri\u010dke administracije do sad nije demonstriran niti u jednom podru\u010dju gdje se ove sile natje\u010du. Vi\u0161e je du\u017enosnika SAD-a posljednjih dana dalo sna\u017enu potporu ukrajinskoj vladi, iako nikome trenutno nije jasno \u0161to ta potpora konkretno zna\u010di. I dok Rusija bez ikakvih posljedica radi na integraciji pobunjenih ukrajinskih podru\u010dja (\u010dije je dokumente nedavno priznala), \u010dini se da je ukrajinska integracija sa Zapadom, koja je bila povod po\u010detku sukoba, sasvim ispala \u010dak i iz dugoro\u010dnih planova. Uz standardnu nevoljkost Unije da se dalje \u0161iri, i op\u0107eg nepovjerenja Zapada u ukrajinske institucije, novi su problemi za ovu zemlju nastali u odnosima s Poljskom.<\/p>\n<p>Neformalni lider najve\u0107eg ukrajinskog zapadnog susjeda, Jaros\u0142aw Kaczy\u0144ski, koji je prije tri godine energi\u010dno podr\u017eavao ukrajinske &#8220;prozapadne&#8221; lidere dr\u017ee\u0107i govore na Majdanu, sada je upozorio tamo\u0161nje vlasi da nikada ne\u0107e u\u0107i u EU ako se ne odreknu pozivanja na tradiciju ukrajinskog nacionalizma iz Drugog svjetskog rata. Istovremeno dok europski saveznici kritiziraju ukrajinsku vladu zbog nacionalizma, na Majdanu traju veliki prosvjedi \u010diji sudionici vladu optu\u017euju za nacionalnu izdaju, prije svega zbog trgovine s pobunjenim republikama. Stije\u0161njena izme\u0111u ovih pritisaka, Ukrajina se na\u0161la u slijepoj ulici.<\/p>\n<p>Gotovo ironi\u010dno u tom smislu zvu\u010de rezultati nedavno objavljenog <a href=\"https:\/\/www.bloomberg.com\/politics\/articles\/2017-02-17\/melania-trump-s-slovenia-would-pick-russian-over-u-s-protection\" target=\"_blank\">istra\u017eivanja<\/a> javnog mnijenja kojim se provjeravalo koju silu stanovnici pojedinih zemalja vide kao svog saveznika u eventualnom ratnom sukobu. Ukrajina je jedna od svega tri europske zemlje \u010dije stanovni\u0161tvo podjednako vjeruje da su im za\u0161titnici Amerika i Rusija: dvije sile \u010diji je sukob zemlju i doveo u ovu situaciju.<\/p>\n","protected":false},"excerpt":{"rendered":"<p>Prema izvje\u0161tajima s terena, primirje u Donbasu koje je ju\u010der formalno stupilo na snagu uglavnom se ne po\u0161tuje, \u010dime je propao jo\u0161 jedan poku\u0161aj normalizacije situacije na istoku Ukrajine&#8230;<\/p>\n","protected":false},"author":10,"featured_media":17087,"comment_status":"closed","ping_status":"closed","sticky":false,"template":"","format":"standard","meta":{"footnotes":""},"categories":[],"tags":[137,307],"theme":[456],"country":[],"articleformat":[205],"coauthors":[26],"class_list":["post-17086","post","type-post","status-publish","format-standard","has-post-thumbnail","hentry","tag-rat","tag-ukrajina","theme-politika","articleformat-vijest"],"_links":{"self":[{"href":"https:\/\/www.bilten.org\/index.php?rest_route=\/wp\/v2\/posts\/17086","targetHints":{"allow":["GET"]}}],"collection":[{"href":"https:\/\/www.bilten.org\/index.php?rest_route=\/wp\/v2\/posts"}],"about":[{"href":"https:\/\/www.bilten.org\/index.php?rest_route=\/wp\/v2\/types\/post"}],"author":[{"embeddable":true,"href":"https:\/\/www.bilten.org\/index.php?rest_route=\/wp\/v2\/users\/10"}],"replies":[{"embeddable":true,"href":"https:\/\/www.bilten.org\/index.php?rest_route=%2Fwp%2Fv2%2Fcomments&post=17086"}],"version-history":[{"count":1,"href":"https:\/\/www.bilten.org\/index.php?rest_route=\/wp\/v2\/posts\/17086\/revisions"}],"predecessor-version":[{"id":17088,"href":"https:\/\/www.bilten.org\/index.php?rest_route=\/wp\/v2\/posts\/17086\/revisions\/17088"}],"wp:featuredmedia":[{"embeddable":true,"href":"https:\/\/www.bilten.org\/index.php?rest_route=\/wp\/v2\/media\/17087"}],"wp:attachment":[{"href":"https:\/\/www.bilten.org\/index.php?rest_route=%2Fwp%2Fv2%2Fmedia&parent=17086"}],"wp:term":[{"taxonomy":"category","embeddable":true,"href":"https:\/\/www.bilten.org\/index.php?rest_route=%2Fwp%2Fv2%2Fcategories&post=17086"},{"taxonomy":"post_tag","embeddable":true,"href":"https:\/\/www.bilten.org\/index.php?rest_route=%2Fwp%2Fv2%2Ftags&post=17086"},{"taxonomy":"theme","embeddable":true,"href":"https:\/\/www.bilten.org\/index.php?rest_route=%2Fwp%2Fv2%2Ftheme&post=17086"},{"taxonomy":"country","embeddable":true,"href":"https:\/\/www.bilten.org\/index.php?rest_route=%2Fwp%2Fv2%2Fcountry&post=17086"},{"taxonomy":"articleformat","embeddable":true,"href":"https:\/\/www.bilten.org\/index.php?rest_route=%2Fwp%2Fv2%2Farticleformat&post=17086"},{"taxonomy":"author","embeddable":true,"href":"https:\/\/www.bilten.org\/index.php?rest_route=%2Fwp%2Fv2%2Fcoauthors&post=17086"}],"curies":[{"name":"wp","href":"https:\/\/api.w.org\/{rel}","templated":true}]}}