{"id":16849,"date":"2017-02-03T08:00:48","date_gmt":"2017-02-03T07:00:48","guid":{"rendered":"http:\/\/www.bilten.org\/?p=16849"},"modified":"2017-02-03T09:06:16","modified_gmt":"2017-02-03T08:06:16","slug":"nasi-i-njihovi-teroristi-dvostruki-arsini-poticu-napade","status":"publish","type":"post","link":"https:\/\/www.bilten.org\/?p=16849","title":{"rendered":"Na\u0161i i njihovi teroristi: dvostruki ar\u0161ini poti\u010du napade"},"content":{"rendered":"<p>Kanadski premijer Justin Trudeau iznenadio je svjetsku javnost kada je 30. sije\u010dnja \u2013 dan nakon napada na d\u017eamiju u gradu Qu\u00e9becu u kojem je poginulo 6 i ranjeno 19 ljudi \u2013 doga\u0111aj okarakterizirao kao teroristi\u010dki napad. To je naime prvi puta da je jedan napad na muslimane na Zapadu nazvan terorizmom. Njegovu &#8220;gre\u0161ku&#8221; smjesta su &#8220;ispravili&#8221; kanadski sudovi, koji su napada\u010da Alexandrea Bissonnettea \u2013 ina\u010de kanadskog frankofonog nacista \u2013 optu\u017eili za vi\u0161estruko ubojstvo i poku\u0161aj ubojstva, ali ne i za <a href=\"http:\/\/balkans.aljazeera.net\/vijesti\/bez-optuznice-za-terorizam-za-napadaca-na-dzamiju-u-quebecu\" target=\"_blank\">terorizam<\/a>. Takva optu\u017enica zapravo nije iznena\u0111enje. Norve\u0161ki nacist Anders Breivik tako\u0111er je originalno optu\u017een za ubojstva (njih 77), a za isto se kazneno djelo upravo <a href=\"https:\/\/www.theguardian.com\/world\/2016\/dec\/15\/neo-nazi-murders-revealing-germanys-darkest-secrets\" target=\"_blank\">goni<\/a> i Beate Zsch\u00e4pe, pripadnica njema\u010dke nacisti\u010dke organizacije koja je ubila devetero ljudi turskog i gr\u010dkog porijekla o \u010demu je snimala i propagandne crti\u0107e.<\/p>\n<p>Sve to skupa ne zna\u010di da su europske ili sjevernoameri\u010dke zemlje nesklone podizanju optu\u017enice za terorizam. Dapa\u010de, rijetki pre\u017eivjeli napada\u010di za koje se poka\u017ee da su gledali propagandne videe tzv. Islamske dr\u017eave ili al-Kaide u pravilu odgovaraju za to kazneno djelo koje se tretira kao te\u017ee u odnosu na obi\u010dno ubojstvo. Za Bissonnettea je, prema navodima policije, utvr\u0111eno da je bio pripadnik nacisti\u010dkih grupa. Njegov napad zapravo je uvelike inspiriran onima koje su po\u010dinili poklonici spomenutih &#8220;d\u017eihadisti\u010dkih&#8221; grupa. Jedino \u0161to je nedostajalo da se njegov \u010din okarakterizira kao terorizam je da napada\u010d bude musliman, a da \u017ertve to ne budu. Ove zapadne pravosudno-politi\u010dke nelogi\u010dnosti posljedica su progla\u0161enog &#8220;rata protiv terorizma&#8221;, koji nema linije fronte i nema definirane sukobljene strane, pa omogu\u0107ava pojedinim zemljama da proizvoljno koriste pravna sredstva ve\u0107 prema potrebi.<\/p>\n<p>Ranije definiran kao namjerno ciljanje civilnog stanovni\u0161tva radi izazivanja panike, terorizam je sada postao oznaka koja se odnosi isklju\u010divo na djela &#8220;nedr\u017eavnih aktera&#8221; ili \u010dak pojedinaca koja se uklapaju u sliku &#8220;islamskog napada na Zapad&#8221;. S druge strane, zapadne dr\u017eave, a osobito SAD, vlastita vanpravosudna ubojstva ili vi\u0161egodi\u0161nja interniranja civila bez su\u0111enja tretiraju po ratnom pravu, pri \u010demu svaki civil mo\u017ee biti progla\u0161en neprijateljskim borcem. Dakako, nema nikakve sumnje da zvjerski napadi za koje odgovornost preuzima tzv. Islamska dr\u017eava predstavljaju terorizam, no on se ujedno hrani osje\u0107ajem neravnopravnosti i nepravde zapadnih &#8220;dvostrukih ar\u0161ina&#8221; te opravdava kao &#8220;nu\u017ena odmazda&#8221;.<\/p>\n<p>U klasi\u010dnom &#8220;za\u010daranom krugu&#8221;, oba terorizma (nacisti\u010dki i d\u017eihadisti\u010dki) prosperiraju na dojmu &#8220;sukoba civilizacija&#8221; koje ovo stvara, a popusti koje zapadno pravosu\u0111e nudi nacistima u odnosu na d\u017eihadiste idealno se uklapaju u taj narativ i daju veliki poticaj rastu rasno-vjerski motiviranog nasilja.<\/p>\n","protected":false},"excerpt":{"rendered":"<p>Kanadski premijer Justin Trudeau iznenadio je svjetsku javnost kada je 30. sije\u010dnja \u2013 dan nakon napada na d\u017eamiju u gradu Qu\u00e9becu u kojem je poginulo 6 i ranjeno 19 ljudi \u2013 doga\u0111aj okarakterizirao kao teroristi\u010dki napad&#8230;<\/p>\n","protected":false},"author":10,"featured_media":16850,"comment_status":"closed","ping_status":"closed","sticky":false,"template":"","format":"standard","meta":{"footnotes":""},"categories":[],"tags":[137],"theme":[456],"country":[],"articleformat":[205],"coauthors":[26],"class_list":["post-16849","post","type-post","status-publish","format-standard","has-post-thumbnail","hentry","tag-rat","theme-politika","articleformat-vijest"],"_links":{"self":[{"href":"https:\/\/www.bilten.org\/index.php?rest_route=\/wp\/v2\/posts\/16849","targetHints":{"allow":["GET"]}}],"collection":[{"href":"https:\/\/www.bilten.org\/index.php?rest_route=\/wp\/v2\/posts"}],"about":[{"href":"https:\/\/www.bilten.org\/index.php?rest_route=\/wp\/v2\/types\/post"}],"author":[{"embeddable":true,"href":"https:\/\/www.bilten.org\/index.php?rest_route=\/wp\/v2\/users\/10"}],"replies":[{"embeddable":true,"href":"https:\/\/www.bilten.org\/index.php?rest_route=%2Fwp%2Fv2%2Fcomments&post=16849"}],"version-history":[{"count":3,"href":"https:\/\/www.bilten.org\/index.php?rest_route=\/wp\/v2\/posts\/16849\/revisions"}],"predecessor-version":[{"id":16866,"href":"https:\/\/www.bilten.org\/index.php?rest_route=\/wp\/v2\/posts\/16849\/revisions\/16866"}],"wp:featuredmedia":[{"embeddable":true,"href":"https:\/\/www.bilten.org\/index.php?rest_route=\/wp\/v2\/media\/16850"}],"wp:attachment":[{"href":"https:\/\/www.bilten.org\/index.php?rest_route=%2Fwp%2Fv2%2Fmedia&parent=16849"}],"wp:term":[{"taxonomy":"category","embeddable":true,"href":"https:\/\/www.bilten.org\/index.php?rest_route=%2Fwp%2Fv2%2Fcategories&post=16849"},{"taxonomy":"post_tag","embeddable":true,"href":"https:\/\/www.bilten.org\/index.php?rest_route=%2Fwp%2Fv2%2Ftags&post=16849"},{"taxonomy":"theme","embeddable":true,"href":"https:\/\/www.bilten.org\/index.php?rest_route=%2Fwp%2Fv2%2Ftheme&post=16849"},{"taxonomy":"country","embeddable":true,"href":"https:\/\/www.bilten.org\/index.php?rest_route=%2Fwp%2Fv2%2Fcountry&post=16849"},{"taxonomy":"articleformat","embeddable":true,"href":"https:\/\/www.bilten.org\/index.php?rest_route=%2Fwp%2Fv2%2Farticleformat&post=16849"},{"taxonomy":"author","embeddable":true,"href":"https:\/\/www.bilten.org\/index.php?rest_route=%2Fwp%2Fv2%2Fcoauthors&post=16849"}],"curies":[{"name":"wp","href":"https:\/\/api.w.org\/{rel}","templated":true}]}}