{"id":16814,"date":"2017-02-01T09:00:59","date_gmt":"2017-02-01T08:00:59","guid":{"rendered":"http:\/\/www.bilten.org\/?p=16814"},"modified":"2017-02-01T09:14:41","modified_gmt":"2017-02-01T08:14:41","slug":"potresi-u-vladajucoj-koaliciji","status":"publish","type":"post","link":"https:\/\/www.bilten.org\/?p=16814","title":{"rendered":"Albanski politi\u010dki ringi\u0161pil"},"content":{"rendered":"<p>&#8220;Izlo\u017een sam osobnoj osveti [&#8230;] od kad sam do\u0161ao u vladu suo\u010den sam postupcima koji nemaju veze s profesionalizmom. Ministri ne smiju uop\u0107e govoriti na sastancima vlade i za mene je to neprihvatljivo&#8221;, <a href=\"http:\/\/www.balkaneu.com\/albanian-pm-discharges-minister-justice\/\" target=\"_blank\">izjavio<\/a> je albanski ministar pravosu\u0111a Ylli Manjani nakon \u0161to je u medijima objavljeno kako je izgubio svoju poziciju. Na nju je ina\u010de zasjeo jo\u0161 u novembru 2015. godine, a za\u0161to je toliko dugo trpio neprofesionalni tretman biv\u0161i ministar nije precizirao, valjda jo\u0161 uvijek po\u0161tuju\u0107i zabranu govorenja navodno propisanu albanskim ministrima. U narednim danima, u optu\u017ebama je oti\u0161ao i korak dalje: svoje je biv\u0161e kolege izravno prozvao za trgovinu <a href=\"http:\/\/www.bilten.org\/?p=16099\" target=\"_blank\">drogom<\/a>, ponavljaju\u0107i u na\u010delu ono za \u0161to i opozicija optu\u017euje vladaju\u0107e uo\u010di izbora koji se odr\u017eavaju sredinom godine.<\/p>\n<p>Naposljetku, kako bi svoju pri\u010du u\u010dinio uvjerljivijom, Manjani je <a href=\"http:\/\/www.balkaneu.com\/aggravations-left-wing-majority-albania\/\" target=\"_blank\">konstatirao<\/a> kako zapravo nikada nije izba\u010den iz vlade ve\u0107 ju je \u2013 demonstrativno napustio. Komentatori skepti\u010dni prema njegovim obrazlo\u017eenjima koncentrirali su se ipak na \u010dinjenicu da je Manjani \u010dlan manje stranke u vladi, Pokreta za socijalisti\u010dku integraciju (LSI), koji se 2004. godine odvojio od svojeg aktualnog koalicijskog partnera Socijalisti\u010dke stranke (PS). Unato\u010d sli\u010dnom imenu, PS i LSI nisu &#8220;prirodni saveznici&#8221;. Dapa\u010de, manja od ove dvije stranke redoviti je koalicijski partner desnice, a s PS-om je vrlo \u010desto u otvorenom konfliktu, koji je povremeno znao zadobiti i <a href=\"http:\/\/www.bilten.org\/?p=9410\" target=\"_blank\">oru\u017eani<\/a> oblik. S obzirom na pribli\u017eavanje izbora, izgleda da se LSI priprema za jo\u0161 jednu promjenu strane.<\/p>\n<p>Iako je Manjani, kao jedan od glasnijih kriti\u010dara PS-a, u me\u0111uvremenu zamijenjen svojim strana\u010dkim kolegom, \u010dlanovi LSI-ja su proteklih dana nastavili ofenzivu prema svojim partnerima. U tome im se pridru\u017eila nova stranka LIBRA, sa\u010dinjena tako\u0111er od PS-ovih disidenata. Iako je prilikom osnivanja pro\u0161le godine najavljena kao sna\u017enije liberalna i proeuropska stranka, posljednjih je dana po\u010dela <a href=\"http:\/\/www.balkaneu.com\/ibna-analysisblushi-albania-lost-importance-balkans\/\" target=\"_blank\">puhati<\/a> u nacionalisti\u010dke trube, optu\u017euju\u0107i PS za &#8220;izdaju Kosova&#8221; i &#8220;flert sa Srbijom&#8221;. Sve ostavlja dojam da se priprema nova parlamentarna ve\u0107ina s dijelom starih aktera i bez ikakvih politi\u010dkih principa. Uostalom, oni su odavno napu\u0161teni jer se sve stranke u osnovi sla\u017eu oko razvojnog puta Albanije koji uporno ne daje rezultate.<\/p>\n","protected":false},"excerpt":{"rendered":"<p>&#8220;Izlo\u017een sam osobnoj osveti [&#8230;] od kad sam do\u0161ao u vladu suo\u010den sam postupcima koji nemaju veze s profesionalizmom. Ministri ne smiju uop\u0107e govoriti na sastancima vlade i za mene je to neprihvatljivo&#8221;, izjavio je albanski ministar pravosu\u0111a Ylli Manjani nakon \u0161to je u medijima objavljeno kako je izgubio svoju poziciju&#8230;<\/p>\n","protected":false},"author":10,"featured_media":7884,"comment_status":"closed","ping_status":"closed","sticky":false,"template":"","format":"standard","meta":{"footnotes":""},"categories":[],"tags":[],"theme":[],"country":[65],"articleformat":[205],"coauthors":[26],"class_list":["post-16814","post","type-post","status-publish","format-standard","has-post-thumbnail","hentry","country-albanija","articleformat-vijest"],"_links":{"self":[{"href":"https:\/\/www.bilten.org\/index.php?rest_route=\/wp\/v2\/posts\/16814","targetHints":{"allow":["GET"]}}],"collection":[{"href":"https:\/\/www.bilten.org\/index.php?rest_route=\/wp\/v2\/posts"}],"about":[{"href":"https:\/\/www.bilten.org\/index.php?rest_route=\/wp\/v2\/types\/post"}],"author":[{"embeddable":true,"href":"https:\/\/www.bilten.org\/index.php?rest_route=\/wp\/v2\/users\/10"}],"replies":[{"embeddable":true,"href":"https:\/\/www.bilten.org\/index.php?rest_route=%2Fwp%2Fv2%2Fcomments&post=16814"}],"version-history":[{"count":4,"href":"https:\/\/www.bilten.org\/index.php?rest_route=\/wp\/v2\/posts\/16814\/revisions"}],"predecessor-version":[{"id":16828,"href":"https:\/\/www.bilten.org\/index.php?rest_route=\/wp\/v2\/posts\/16814\/revisions\/16828"}],"wp:featuredmedia":[{"embeddable":true,"href":"https:\/\/www.bilten.org\/index.php?rest_route=\/wp\/v2\/media\/7884"}],"wp:attachment":[{"href":"https:\/\/www.bilten.org\/index.php?rest_route=%2Fwp%2Fv2%2Fmedia&parent=16814"}],"wp:term":[{"taxonomy":"category","embeddable":true,"href":"https:\/\/www.bilten.org\/index.php?rest_route=%2Fwp%2Fv2%2Fcategories&post=16814"},{"taxonomy":"post_tag","embeddable":true,"href":"https:\/\/www.bilten.org\/index.php?rest_route=%2Fwp%2Fv2%2Ftags&post=16814"},{"taxonomy":"theme","embeddable":true,"href":"https:\/\/www.bilten.org\/index.php?rest_route=%2Fwp%2Fv2%2Ftheme&post=16814"},{"taxonomy":"country","embeddable":true,"href":"https:\/\/www.bilten.org\/index.php?rest_route=%2Fwp%2Fv2%2Fcountry&post=16814"},{"taxonomy":"articleformat","embeddable":true,"href":"https:\/\/www.bilten.org\/index.php?rest_route=%2Fwp%2Fv2%2Farticleformat&post=16814"},{"taxonomy":"author","embeddable":true,"href":"https:\/\/www.bilten.org\/index.php?rest_route=%2Fwp%2Fv2%2Fcoauthors&post=16814"}],"curies":[{"name":"wp","href":"https:\/\/api.w.org\/{rel}","templated":true}]}}