{"id":16766,"date":"2017-01-27T08:00:34","date_gmt":"2017-01-27T07:00:34","guid":{"rendered":"http:\/\/www.bilten.org\/?p=16766"},"modified":"2017-01-26T21:30:15","modified_gmt":"2017-01-26T20:30:15","slug":"iznevjereni-snovi-zaboravljenih-asova","status":"publish","type":"post","link":"https:\/\/www.bilten.org\/?p=16766","title":{"rendered":"Iznevjereni snovi &#8220;zaboravljenih asova&#8221;"},"content":{"rendered":"<p>Povodom dvadeset i \u0161este obljetnice niza prosvjeda koji su potresli Albaniju nakon socijalisti\u010dkog perioda, regionalni medij <a href=\"http:\/\/www.balkaninsight.com\/en\/article\/albania-s-old-activists-ponder-new-political-revolution-01-26-2017\" target=\"_blank\">BIRN<\/a> odlu\u010dio je pokucati na vrata zaboravljenih asova tih doga\u0111aja, odnosno ljudi koji su kao studenti zapo\u010deli masovna okupljanja protiv re\u017eima. U o\u010dekivano romanti\u010dnom tonu, doga\u0111aji su interpretirani kao proces &#8220;ru\u0161enja komunizma&#8221;, unato\u010d \u010dinjenici da vladaju\u0107a stranka, koja je usred tih doga\u0111aja uvjerljivo pobijedila na vi\u0161estrana\u010dkim izborima, ve\u0107 izvjesno vrijeme nije proklamirala bilo kakav socijalizam kao svoj cilj. Uz to, glavni govornik na spomenutim prosvjedima bio je Sali Berisha, kasniji predsjednik Albanije, a u tom trenutku istodobno \u010dlan partije i budu\u0107i vo\u0111a opozicije.<\/p>\n<p>Nasuprot Berishi, BIRN-ovi heroji antikomunizma karakteristi\u010dni su upravo po tome \u0161to se nisu okoristili svojim prosvjedovanjem po\u010detkom 1991. godine. Dapa\u010de, neki od njih, poput izvjesnog Vullneta Spahiua, osobito su te\u0161ko pro\u0161li u albanskoj tranziciji, prisiljeni da ilegalno emigriraju u Gr\u010dku i te\u0161kim fizi\u010dkim radom prehranjuju svoje obitelji. Ne \u010dudi stoga \u0161to je dominantan osje\u0107aj me\u0111u njima onaj dubokog razo\u010darenja. No ako je protok vremena razagnao naivna o\u010dekivanja brzog prosperiteta nakon &#8220;ru\u0161enja komunizma&#8221;, \u010dini se da nije previ\u0161e u\u010dinio po pitanju ra\u0161\u010di\u0161\u0107avanja ideolo\u0161ke magle. Bez obzira na razli\u010dite sudbine, veterani 1991. jednoglasni su u ideji da osnovni problem nije pod\u010dinjeni polo\u017eaj zemlje u me\u0111unarodnoj podjeli rada ili pak proma\u0161ene razvoje strategije ve\u0107 \u2013 korumpirana elita.<\/p>\n<p>S obzirom na specifi\u010dno politi\u010dko sazrijevanje, nije neo\u010dekivano da smatraju kako je korijen problema nedovr\u0161eni obra\u010dun s &#8220;komunizmom&#8221;. No nepopustljivim optimizmom, BIRN-ovi sugovornici najavljuju svoj povratak politici. Spahiu \u010dak tvrdi da se upravo s tim motivom i vratio u Albaniju. Naime, jedan od njihovih biv\u0161ih kolega (i najpoznatiji me\u0111u studentskim vo\u0111ama) Shinasi Rama, koji je 1992. umjesto na privremeni rad u Gr\u010dku oti\u0161ao na studij u Ameriku, nedavno je osnovao svoju stranku, nazvanu sasvim ozbiljno Albanska p\u010dela (sic) i predanu borbi protiv &#8220;korumpiranih elita&#8221;. Veteranskom optimizmu unato\u010d, te\u0161ko je zamisliti da bi &#8220;ru\u0161enje korumpiranih elita&#8221; 2017. moglo polu\u010diti druga\u010dije rezultate od &#8220;ru\u0161enja korumpiranih elita&#8221; 1991. godine.<\/p>\n<p>Osobito ako se kao alternativa tim elitama nudi lov na komunisti\u010dke vje\u0161tice te zao\u0161travanje istih proma\u0161enih razvojnih strategija, odnosno nacionalni patos i ekonomski kaos.<\/p>\n","protected":false},"excerpt":{"rendered":"<p>Povodom dvadeset i \u0161este obljetnice niza prosvjeda koji su potresli Albaniju nakon socijalisti\u010dkog perioda, regionalni medij BIRN odlu\u010dio je pokucati na vrata zaboravljenih asova tih doga\u0111aja, odnosno ljudi koji su kao studenti zapo\u010deli masovna okupljanja protiv re\u017eima&#8230;<\/p>\n","protected":false},"author":10,"featured_media":16767,"comment_status":"closed","ping_status":"closed","sticky":false,"template":"","format":"standard","meta":{"footnotes":""},"categories":[],"tags":[103,144],"theme":[458,456],"country":[65],"articleformat":[205],"coauthors":[26],"class_list":["post-16766","post","type-post","status-publish","format-standard","has-post-thumbnail","hentry","tag-ideologija","tag-revizionizam","theme-drustvo","theme-politika","country-albanija","articleformat-vijest"],"_links":{"self":[{"href":"https:\/\/www.bilten.org\/index.php?rest_route=\/wp\/v2\/posts\/16766","targetHints":{"allow":["GET"]}}],"collection":[{"href":"https:\/\/www.bilten.org\/index.php?rest_route=\/wp\/v2\/posts"}],"about":[{"href":"https:\/\/www.bilten.org\/index.php?rest_route=\/wp\/v2\/types\/post"}],"author":[{"embeddable":true,"href":"https:\/\/www.bilten.org\/index.php?rest_route=\/wp\/v2\/users\/10"}],"replies":[{"embeddable":true,"href":"https:\/\/www.bilten.org\/index.php?rest_route=%2Fwp%2Fv2%2Fcomments&post=16766"}],"version-history":[{"count":1,"href":"https:\/\/www.bilten.org\/index.php?rest_route=\/wp\/v2\/posts\/16766\/revisions"}],"predecessor-version":[{"id":16768,"href":"https:\/\/www.bilten.org\/index.php?rest_route=\/wp\/v2\/posts\/16766\/revisions\/16768"}],"wp:featuredmedia":[{"embeddable":true,"href":"https:\/\/www.bilten.org\/index.php?rest_route=\/wp\/v2\/media\/16767"}],"wp:attachment":[{"href":"https:\/\/www.bilten.org\/index.php?rest_route=%2Fwp%2Fv2%2Fmedia&parent=16766"}],"wp:term":[{"taxonomy":"category","embeddable":true,"href":"https:\/\/www.bilten.org\/index.php?rest_route=%2Fwp%2Fv2%2Fcategories&post=16766"},{"taxonomy":"post_tag","embeddable":true,"href":"https:\/\/www.bilten.org\/index.php?rest_route=%2Fwp%2Fv2%2Ftags&post=16766"},{"taxonomy":"theme","embeddable":true,"href":"https:\/\/www.bilten.org\/index.php?rest_route=%2Fwp%2Fv2%2Ftheme&post=16766"},{"taxonomy":"country","embeddable":true,"href":"https:\/\/www.bilten.org\/index.php?rest_route=%2Fwp%2Fv2%2Fcountry&post=16766"},{"taxonomy":"articleformat","embeddable":true,"href":"https:\/\/www.bilten.org\/index.php?rest_route=%2Fwp%2Fv2%2Farticleformat&post=16766"},{"taxonomy":"author","embeddable":true,"href":"https:\/\/www.bilten.org\/index.php?rest_route=%2Fwp%2Fv2%2Fcoauthors&post=16766"}],"curies":[{"name":"wp","href":"https:\/\/api.w.org\/{rel}","templated":true}]}}