{"id":16420,"date":"2016-12-23T08:00:36","date_gmt":"2016-12-23T07:00:36","guid":{"rendered":"http:\/\/www.bilten.org\/?p=16420"},"modified":"2021-02-25T10:59:51","modified_gmt":"2021-02-25T09:59:51","slug":"proslost-svu-kriminalizirajmo-za-svagda","status":"publish","type":"post","link":"https:\/\/www.bilten.org\/?p=16420","title":{"rendered":"Pro\u0161lost svu kriminalizirajmo za svagda"},"content":{"rendered":"<p><strong>Politi\u010dke, socijalne i ekonomske promjene 1990-ih godina u ve\u0107ini su isto\u010dnoeuropskih zemalja uklju\u010divale i obra\u010dun s nedavnom povije\u0161\u0107u. Uvijek kontradiktorni i nespretni, poku\u0161aji kriminalizacije socijalizma mo\u017eda su i najbolja ilustracija nesposobnosti novih re\u017eima da ponude vlastiti uvjerljivi ideolo\u0161ki narativ. Ne \u010dudi stoga \u0161to se kampanje revizije povijesti intenziviraju paralelno s rastu\u0107im razo\u010daranjem u tranziciju.<\/strong><\/p>\n<p>Sude\u0107i prema broju doga\u0111anja, projekata, politi\u010dkih stranaka i inicijativa civilnog dru\u0161tva usmjerenih protiv bugarske socijalisti\u010dke pro\u0161losti \u010dini se kako, \u0161to se vi\u0161e udaljavamo od 1989. godine, tako raste urgentnost &#8220;dekomunizacije&#8221;. Razli\u010diti segmenti vladaju\u0107e elite u Bugarskoj periodi\u010dno i s obnovljenim entuzijazmom poduzimaju napore kako bi oslobodili Bugarsku tragova komunizma. Grad Varna tako je nedavno u\u010dinio odlu\u010dan korak prema prevladavanju nepotpune destaljinizacije grada (koji se od 1949. do 1956. godine zvao &#8220;Staljin&#8221;) sve\u010danim <a href=\"https:\/\/www.24chasa.bg\/novini\/article\/5937448\" target=\"_blank\" rel=\"noopener\">oduzimanjem<\/a> statusa po\u010dasnog gra\u0111anina sovjetskom vo\u0111i umrlom prije \u0161ezdeset godina.<\/p>\n<p>Manje zabavan primjer bilo je dono\u0161enje amandmana u studenome ove godine na zakon koji osu\u0111uje &#8220;kriminalnu prirodu komunizma&#8221;. Zakon je izvorno predlo\u017eio Georgi Panev, \u010dlan jedne od manjih liberalnih stranaka, a u parlamentu je izglasan 26. travnja 2000. godine. Radilo se o dokumentu koji se sastojao od svega \u010detiri \u010dlanka te je imao isklju\u010divo deklarativan u\u010dinak, odnosno iz njegove implementacije nisu slijedile nikakve konkretne posljedice. U vremenu kada je donesen, ovaj zakon je bio predmet kritika zbog svoje nedovoljne radikalnosti, izostanka obavezne lustracije itd. Na trenutak se suzdr\u017eimo od ismijavanja evidentnoj apsurdnosti zakona i promotrimo njegov sadr\u017eaj.<\/p>\n<p>\u010clanak prvi tvrdi da su: &#8220;Vo\u0111e Komunisti\u010dke partije Bugarske odgovorni za (1) namjerno i plansko uni\u0161tavanje tradicionalnih vrijednosti europske civilizacije&#8221;. Stavak sedam istog \u010dlanka Partiju smatra odgovornom za &#8220;uni\u0161tavanje moralnih vrijednosti naroda&#8221;. Drugim rije\u010dima, radi se o figuri zle Partije koja radi protiv naroda, a smatra se odgovornom i za &#8220;sustavno uni\u0161tavanje prirode&#8221; (stavak 10). \u010clanak tre\u0107i tvrdi da su komunisti\u010dki re\u017eim i Komunisti\u010dka partija &#8220;kriminalni&#8221;. \u010clanak \u010detiri rehabilitira borbu &#8220;svih&#8221; koji su se ikada borili protiv komunizma kao &#8220;pravednu, moralno opravdanu i hvalevrijednu&#8221; (\u0161to o\u010dito uklju\u010duje i fa\u0161iste).<\/p>\n<p><strong>Velika \u010distka javnog prostora<\/strong><\/p>\n<p>Poseban predmet pa\u017enje zakona su &#8220;komunisti\u010dke elite&#8221;. \u0160tovi\u0161e, elita je prikazana kao izvor neopravdanog nasilja (odnosno &#8220;terora&#8221;) usmjerenog protiv &#8220;naroda&#8221;. Npr. \u010dlanak drugi tvrdi da je &#8220;re\u017eim [&#8230;] oduzeo narodu bilo kakvu mogu\u0107nost slobodnog izra\u017eavanja&#8230;&#8221; i &#8220;potla\u0107ivao velike grupe stanovni\u0161tva&#8221;. Ukratko, Zakon je usmjeren eksplicitno protiv vodstva Komunisti\u010dke partije: rije\u010d &#8220;Partija&#8221; pojavljuje se \u0161est puta, &#8220;vodstvo&#8221; dva puta, &#8220;re\u017eim&#8221; \u010detiri puta, a svako spominjanje &#8220;naroda&#8221; povezano je s pojmovima &#8220;\u017ertve&#8221;, osim u \u010dlanku \u010detvrtom gdje su pomilovani svi koji su se borili protiv komunizma i koje je zbog toga re\u017eim kaznio ili pogubio.<\/p>\n<p>U <a href=\"http:\/\/www.segabg.com\/article.php?id=213406\" target=\"_blank\" rel=\"noopener\">intervjuu<\/a> objavljenom 30. o\u017eujka 2000. autor zakona Panev na pitanje &#8220;Ima li va\u0161 prijedlog ikakvu prakti\u010dnu vrijednost?&#8221; odgovorio je: &#8220;Ogromnu, budu\u0107i da nam je za egzistenciju potrebno vi\u0161e od kruha. Ako pratimo povijest \u010dovje\u010danstva, vidjet \u0107emo da su i u trenucima velike patnje nacije ipak iskusile moralni napredak [&#8230;] ako materijalna djela imaju vidljive rezultate, to je zbog toga \u0161to iza njih stoji moralni poticaj, odnosno motivacija. A gdje postoji nepravda, tamo nema motivacije. Zbog toga sam uvjeren da za ve\u0107inu na\u0161eg naroda, a <strong>samo 30%<\/strong> Bugara je izravno ili neizravno povezano s Komunisti\u010dkom partijom, ovaj zakon predstavlja \u010din ponovnog uvo\u0111enja pravde.&#8221;<\/p>\n<p>Nedavno izglasani amandman na ovaj zakon sada name\u0107e i materijalne, a ne samo simboli\u010dke, posljedice. Nacrt amandmana predlo\u017eili su zastupnik tada vladaju\u0107e stranke Gra\u0111ani za europski razvoj Bugarske (GERB) Metodi Andrejev i tri zastupnika liberalnog Reformskog bloka: Petar Slavov, Vili Lilkov i Martin Dimitrov. Usmjeren je primarno protiv komunisti\u010dkih simbola. No ti se simboli mogu na\u0107i posvuda u bugarskim selima i gradovima. Oni koji ne uklone sporni simbol sa svoga posjeda, ili gra\u0111ani uhva\u0107eni kako npr. nose majicu s likom Che Guevare, mogu platiti 100 eura kazne, odnosno 1000 eura ako se radi o pravnim osobama. Time se otvara prostor za uklanjanje spomenika iz javnog prostora i njihovo preseljenje u muzeje. Oni simboli koji su preveliki da bi ih se premjestilo u muzeje (poput stambenih blokova) trebali bi biti &#8220;ukra\u0161eni&#8221; plo\u010dom koja obja\u0161njava da se radi o simbolima &#8220;kriminalnog re\u017eima&#8221;.<\/p>\n<p><strong>Od &#8220;narodnog neprijatelja&#8221; do naroda kao neprijatelja<\/strong><\/p>\n<p>Uz kazne za simbole, amandman propisuje obavezno pou\u010davanje o &#8220;komunisti\u010dkim zlo\u010dinima&#8221; u \u0161kolama. Naravno, socijalisti\u010dki period je ve\u0107 <a href=\"http:\/\/terminal3.bg\/vizualna-lustraciq-ili-krai-na-debatitie-za-minaloto\/\" target=\"_blank\" rel=\"noopener\">pokriven<\/a> \u0161kolskim ud\u017ebenicima, ali to ne sprje\u010dava obrazovne aktiviste da zahtijevaju daljnje izmjene kurikuluma. Napad na simbole i intervencija u \u0161kolski program \u010dine amandman ne samo prakti\u010dnom dopunom \u010disto simboli\u010dke prirode originalnog zakona, ve\u0107 se njime \u010dini pomak u shva\u0107anju izvora i nositelja odgovornosti za komunizam. Ako je stara verzija zakona dodjeljivala simboli\u010dku odgovornost za zlo\u010dine komunizma vodstvu Partije, novi materijalno ka\u017enjava \u0161iru bugarsku populaciju.<\/p>\n<p>Budu\u0107i da je interpretacija &#8220;simbola&#8221; koja se nudi izuzetno \u0161iroka (zgrade, spomenici&#8230;), pod ovu definiciju spadaju i ogromni stambeni blokovi iz socijalisti\u010dke ere u kojima i dalje \u017eivi ve\u0107ina bugarskog urbanog stanovni\u0161tva. Da ne spominjemo majice s likom Che Guevare za koje je vjerojatnije da \u0107e ih nositi &#8220;obi\u010dni gra\u0111ani&#8221; nego biv\u0161i \u010dlanovi komunisti\u010dkog rukovodstva. Sli\u010dno tome, mije\u0161anje u \u0161kolski program imat \u0107e potencijalno trajni utjecaj na tisu\u0107e \u0111aka. Ukratko, ako je na po\u010detku komunizam bio povezan s &#8220;elitom&#8221; (i to &#8220;ne vi\u0161e od 30% populacije&#8221;, kao \u0161to je izjavio Panev), danas su &#8220;totalitarne mase&#8221; u srcu stalno eskaliraju\u0107eg liberalnog projekta pro\u010di\u0161\u0107avanja dr\u017eave od &#8220;metastaza komunizma&#8221;.<\/p>\n<p>\u0160to mo\u017ee objasniti ovu promjenu? Mo\u017eda financijska kriza, smatraju <a href=\"http:\/\/scholar.harvard.edu\/files\/kristenghodsee\/files\/history_of_the_present_galleys.pdf\" target=\"_blank\" rel=\"noopener\">istra\u017eiva\u010di<\/a> Isto\u010dne Europe poput Kristen Ghodsee koja povezuje <a href=\"https:\/\/hr.wikipedia.org\/wiki\/Pra%C5%A1ka_deklaracija_o_savjesti_Europe_i_o_komunizmu\" target=\"_blank\" rel=\"noopener\">dokumente<\/a> kao \u0161to je &#8220;Pra\u0161ka deklaracija o europskoj savjesti i komunizmu&#8221; s po\u010detkom financijske krize 2008. godine. Zapravo, ekonomske i financijske krize tipi\u010dan su kontekst u kojem se antikomunizam intenzivira i cvjeta. Ali ne mo\u017eemo objasniti erupcije ogor\u010denog antikomunizma samo oscilacijama u globalnoj politi\u010dkoj ekonomiji. Va\u017ena je i lokalna povijest. Posvetimo se stoga Bugarskoj u kratkoj povijesnoj digresiji.<\/p>\n<p><strong>Spasitelji su nam Car i Bog<\/strong><\/p>\n<p>Iako su na prvim vi\u0161estrana\u010dkim izborima pobijedili &#8220;reformirani komunisti&#8221;, odnosno Bugarska socijalisti\u010dka stranka (BSP), tranzicija prema &#8220;liberalnoj demokraciji&#8221; zapravo je u\u017eivala veliku podr\u0161ku u javnosti. Izlaznost na prve izbore bila je dva puta ve\u0107a od dana\u0161nje \u0161to pokazuje entuzijazam za izborni proces koji danas vi\u0161e ne postoji. Masovni prosvjedi u Sofiji 1997. godine, koji su kulminirali opsadom parlamenta, s vlasti su otjerali BSP, a prijevremene izbore osvojila je antikomunisti\u010dka opozicija na platformi koja je obe\u0107avala tr\u017ei\u0161na rje\u0161enja za podivljalu ekonomsku krizu i krizu hiperinflacije te brzu integraciju s Europom.<\/p>\n<p>Euroatlantski liberalni konsenzus izdr\u017eao je do 2005. godine, iako je 2001. zamijenjen njegov glavni predstavnik, kada se biv\u0161i bugarski car Simeon Sakskoburggotski vratio se iz egzila i neo\u010dekivano sa svojom strankom pobijedio na izborima. Prve pukotine u konsenzusu pojavile su se 2005. godine sa \u0161okantnim izbornim uspjehom ekstremno desne &#8220;euroskepti\u010dne&#8221; stranke ATAKA. <sup><a href=\"#footnote_1_16420\" id=\"identifier_1_16420\" class=\"footnote-link footnote-identifier-link\" title=\"&ldquo;Euroskepti\u010dna stranka&rdquo; je, naravno, termin liberalnih politologa koji vi&scaron;e prikriva nego &scaron;to razotkriva stavove takvih stranaka o Europi. One zapravo \u010desto tvrde kako se zala\u017eu za &ldquo;europsku civilizaciju&rdquo; nasuprot azijskom\/islamskom\/komunisti\u010dkom\/izbjegli\u010dkom barbarizmu.\">1<\/a><\/sup> Ona je s vremenom evoluirala u prorusku stranku, posebno nakon geopoliti\u010dkih sukoba 2013. godine koji su dosegli vrhunac aneksijom Krima. Rasprave intelektualaca o &#8220;opasnostima populizma&#8221;, koje su se ve\u0107 odr\u017eavale nakon neo\u010dekivane pobjede biv\u0161eg cara, <sup><a href=\"#footnote_2_16420\" id=\"identifier_2_16420\" class=\"footnote-link footnote-identifier-link\" title=\"Sakskoburggotski je me\u0111u prvima inzistirao na eksplicitno anti-politi\u010dkoj platformi vladavine stru\u010dnjaka i &ldquo;nove moralnosti&rdquo;, onkraj ljevice i desnice.\">2<\/a><\/sup> intenzivirale su se nakon 2005. godine. Liberali su prona\u0161li novog zastra\u0161uju\u0107eg neprijatelja: &#8220;populizam&#8221;.<\/p>\n<p>U prvim godinama 21. stolje\u0107a razo\u010daranje intelektualne klase time kako se tranzicija odvijala prona\u0161lo je odu\u0161ka u sanjarenjima o &#8220;totalitarnim masama&#8221; i njihovoj &#8220;atavisti\u010dkom balkanskom nesvjesnom&#8221;. Ovo su citati iz poznatog <a href=\"http:\/\/www.librev.com\/index.php\/discussion-culture-publisher\/2870-2015-12-12-12-25-03#ftnref5\" target=\"_blank\" rel=\"noopener\">\u010dlanka<\/a> profesora Aleksandera Kioseva koji se bavi propadanjem javne sfere nakon 1989. godine za koju su postojale velike nade nakon pada socijalizma, ali koja je navodno postala plijenom psihopatologija bugarskog naroda.<\/p>\n<p><strong>Kadrovi odlu\u010duju sve<\/strong><\/p>\n<p>Ovo je dio ve\u0107eg problema s kojim se suo\u010davaju bugarski antikomunisti\u010dki intelektualci i aktivisti: formalno, Bugarska je liberalna demokracija s glatkim prijenosom vlasti nakon izbora, suprotstavljenim strankama, diobom vlasti, zakonski zajam\u010denim privatnim vlasni\u0161tvom itd. Kada to ne bi bila, ne bi mogla biti ni \u010dlanicom Europske unije. Ipak, iako je Bugarska parlamentarna demokracija, desne stranke nisu uvijek zadovoljne s rezultatom. Jedini na\u010din na koji netko mo\u017ee zadr\u017eati svoju vjeru u liberalnu demokraciju, ali istodobno biti bijesan na njene u\u010dinke, jest da proziva skrivene deficite.<\/p>\n<p>Drugim rije\u010dima, nedostaci liberalnog kapitalisti\u010dkog sustava eksternaliziraju se i projiciraju u mitski &#8220;balkanski mentalitet&#8221; koji je dom &#8220;metastazama komunizma&#8221; i time kriv za subvertiranje bugarskog &#8220;povratka Europi&#8221;. Nitko nije sa\u017eeo &#8220;problem&#8221; bolje od donedavnog premijera Bojka Borisova koji je 2009. godine na susretu s Bugarima koji \u017eive u Chicagu <a href=\"http:\/\/www.dnevnik.bg\/bulgaria\/2009\/02\/05\/669511_boiko_borisov_nedovolen_ot_loshiia_choveshki_material\/\" target=\"_blank\" rel=\"noopener\">izjavio<\/a> kako &#8220;u Bugarskoj imamo lo\u0161 ljudski materijal&#8221;. &#8220;\u0160to je trenutno temelj stanovni\u0161tva? Milijun Roma, 700-800 tisu\u0107a Turaka, dva i pol milijuna umirovljenika. [odnosno &#8220;neproduktivno&#8221; stanovni\u0161tvo]. Glupi umirovljenici motivirani su samo svojom nostalgijom [za socijalizmom]. I onda imamo vas [odnosi se na Bugare na Zapadu], koji ste pobjegli. Materijal koji izlazi na izbore i iz kojeg mo\u017eemo birati kadrove nije jako bogat.&#8221;<\/p>\n<p>Pojam &#8220;metastaza komunizma&#8221; u \u0161irokoj je cirkulaciji i prati ve\u0107inu napora antikomunisti\u010dki nastrojenih intelektualaca da usade &#8220;pravilno sje\u0107anje&#8221; na komunizam bugarskom stanovni\u0161tvu, kojega se, nakon ulaska u Europsku uniju, \u010desto optu\u017euje da uop\u0107e nema sje\u0107anja. Na primjer, zaklada Konrad Adenauer 2013. je godine sponzorirala konferenciju na kojoj su povjesni\u010dari i sociolozi obznanili &#8220;zabrinjavaju\u0107e&#8221; rezultate istra\u017eivanja prema kojemu 60% mladih Bugara ne zna \u0161to zna\u010de pojmovi poput &#8220;gulaga&#8221; ili &#8220;\u017eeljezne zavjese&#8221;, dok 14% misli da je socijalizam bio demokratski re\u017eim.<\/p>\n<p><strong>Nevolje s in\u017einjeringom du\u0161a<\/strong><\/p>\n<p>Aktivisti su prokazali obrazovni sustav kao glavnog krivca za ovu neprihvatljivu situaciju, ali i nedostatak javnih muzeja posve\u0107enih &#8220;komunisti\u010dkoj umjetnosti&#8221; ili mjesta sje\u0107anja poput &#8220;Memento parka&#8221; ili &#8220;Ku\u0107e terora&#8221; (Terror H\u00e1za) u Budimpe\u0161ti. Privatni sektor u me\u0111uvremenu nije oklijevao okupirati ovu ni\u0161u, s <em>think-tankovima<\/em> poput &#8220;Instituta Hannah Arendt&#8221; ili izdava\u010dkih ku\u0107a poput &#8220;Instituta za istra\u017eivanje recentne pro\u0161losti&#8221; koji regularno &#8220;\u0161tancaju&#8221; znanstvene kao i propagandne publikacije o socijalisti\u010dkom periodu, ili pak privatnih internetskih <a href=\"http:\/\/desebg.com\/\" target=\"_blank\" rel=\"noopener\">stranica<\/a> koje slu\u017ee kao la\u017eni arhivi tajnih slu\u017ebi.<\/p>\n<p>Moralna panika koju su uzrokovali rezultati istra\u017eivanja dovela je do daljnje intenzifikacije napora intelektualne klase za &#8220;dekomunizaciju&#8221;. Jedna od najutjecajnijih aktivistkinja i najplodnijih komentatorica na temu &#8220;nedostatka sje\u0107anja&#8221; je profesorica Evelina Kelba\u010deva koja predaje povijest na Ameri\u010dkom institutu u Bugarskoj. Manje je poznata po svojem akademskom (o kojem jedva da postoje dokazi), a vi\u0161e po politi\u010dkom radu i bezbrojnim intervjuima u kojima proziva bugarsku naciju zbog toga \u0161to &#8220;nema sje\u0107anja&#8221; o komunizmu i zbog toga se navodno ne mo\u017ee oduprijeti zamci &#8220;socijalisti\u010dke nostalgije&#8221;. Izme\u0111u ostalog, inicirala je peticiju 2013. godine koju je <a href=\"http:\/\/desebg.com\/2011-01-06-11-52-00\/2613-2016-01-29-13-03-31\" target=\"_blank\" rel=\"noopener\">podr\u017ealo<\/a> vi\u0161e od 2000 &#8220;potpisnika iz civilnog dru\u0161tva&#8221; a kasnije ju je potpisao i bugarski predsjednik na odlasku Rosen Plevnelijev.<\/p>\n<p>Tijekom cijelog svog mandata (2012.-2016.), predsjednik je aktivno sudjelovao u sli\u010dnim aktivnostima. Na primjer, predsjedao je <a href=\"http:\/\/25freebg.com\/\" target=\"_blank\" rel=\"noopener\">inicijativom<\/a> &#8220;25 godina slobodne Bugarske&#8221; koja se sastojala od izlo\u017ebi, predavanja i javnih rasprava. Jo\u0161 je jedna peticija za uvo\u0111enje &#8220;dubinskog&#8221; znanja o komunizmu u \u0161kole pokrenuta 2016. godine, ovog puta od Metodija Andrejeva, parlamentarnog zastupnika GERB-a. Kao \u0161to je spomenuto, Andrejev je i koautor posljednjeg amandmana na zakon koji zabranjuje &#8220;simbole komunizma&#8221;.<\/p>\n<p><strong>Sve ima na Internetu&#8230;<\/strong><\/p>\n<p>Zastupnika Andrejeva jedan je sportski novinar nedavno <a href=\"http:\/\/www.novsport.com\/news2179271_1003.html\" target=\"_blank\" rel=\"noopener\">upitao<\/a> ho\u0107e li poznati sportski klub CSKA biti ka\u017enjen jer njegov logo sadr\u017ei petokraku zvijezdu, na \u0161to je Andrejev odgovorio: &#8220;Ne! Ne vidim nikakvu vezu izme\u0111u te zvijezde i komunisti\u010dkog pentagrama. Kada je Rusija stvorila komunisti\u010dku dr\u017eavu, vlasti su je htjele povezati s nekim simbolom. Birali su izme\u0111u dvaju simbola: petokrake zvijezde i svastike. Oba su pradavni simboli. Zvijezda je izabrana na inzistiranje Trockog i Rothschilda koji je financirao komunisti\u010dku revoluciju. Zvijezda simbolizira petoricu Rothschildovih sinova. Zbog toga nema ni\u0161ta zajedni\u010dkog sa zvijezdom CSKA-a. Ove su \u010dinjenice dostupne na internetu. Dopustimo mladima da ih pro\u010ditaju.&#8221;<\/p>\n<p>Parlamentarni zastupnik koji otvoreno zagovara tipi\u010dno nacisti\u010dko poimanje komunizma kao &#8220;\u017eidovsko-bolj\u0161evi\u010dke&#8221; urote, i poti\u010de sve da &#8220;provjere \u010dinjenice&#8221; na Internetu, odlu\u010dan je u namjeri reformiranja \u0161kolskog sustava kako bi uveo &#8220;dubinsko&#8221; poznavanje komunizma. Mo\u017eemo pretpostaviti da dubina tog znanja otprilike odgovara njegovoj vlastitoj &#8220;erudiciji&#8221; o Oktobarskoj revoluciji. Andrejev je ina\u010de <a href=\"http:\/\/www.bilten.org\/?p=14941\" target=\"_blank\" rel=\"noopener\">podr\u017eao<\/a> i zakonske poku\u0161aje da se bugarsko sudstvo pro\u010disti od &#8220;utjecaja masonskih grupa&#8221;.<\/p>\n<p>Rije\u010d &#8220;totalitarizam&#8221; obi\u010dno se koristi za opisivanje takozvanih &#8220;dvojnih zala&#8221; komunizma i nacizma ali obje spomenute peticije o\u010dito <a href=\"http:\/\/www.peticiq.com\/132137\" target=\"_blank\" rel=\"noopener\">operiraju<\/a> ograni\u010denim razumijevanjem &#8220;totalitarizma&#8221;, u kojemu je jedina konotacija komunizam, bez ikakvog paralelnog poziva za produbljivanjem znanja u\u010denika o nacizmu\/fa\u0161izmu. Da ne spominjemo da ove liberalne intelektualne elite\u00a0nikada nisu inicirale nikakvu posebnu peticiju kojom bi se tra\u017eilo pou\u010davanje u\u010denika dubljem znanju o fa\u0161izmu od onoga \u0161to ve\u0107 postoji u ud\u017ebenicima.<\/p>\n<p><strong>Novi bauci komunizma<\/strong><\/p>\n<p>Opis ove situacije ne bi bio potpun bez nekoliko rije\u010di o protivnicima ovih zakonodavnih poku\u0161aja. Ta opozicija uglavnom dolazi iz akademskih krugova koji se bore protiv pretvaranja razli\u010ditih sje\u0107anja i iskustava socijalizma u nedemokratsku propagandnu kategoriju &#8220;nesje\u0107anja&#8221; s jedne strane, te za slobodu od politi\u010dkog mije\u0161anja u autonomiju sveu\u010dili\u0161ta i neovisno istra\u017eivanje. Ipak, nisu svi akademski radnici uvijek nepristrani, ne samo zato \u0161to neki od njih potpisuju\/prire\u0111uju navedene peticije, poput profesorice Kelbe\u010deve, nego i zato \u0161to je njihovo nezadovoljstvo politi\u010dkim mije\u0161anjem izra\u017eeno selektivno, sli\u010dno <a href=\"http:\/\/www.bilten.org\/?p=11566\" target=\"_blank\" rel=\"noopener\">sporovima<\/a> oko pou\u010davanja osmanske povijesti.<\/p>\n<p>Javljaju se i inteligentna razmi\u0161ljanja koja izra\u017eavaju bojazan da zakon u krajnjoj instanci name\u0107e kraj ne\u010dega \u0161to bi trebala biti &#8220;beskrajna&#8221; i slobodna javna rasprava o povijesti socijalisti\u010dkog re\u017eima. Na primjer, povjesni\u010darka Eliza Stanojeva jedna je od rijetkih liberalnih komentatora koja pitanju pristupa iz perspektive &#8220;slobodnih debata&#8221; i u detalje navodi prakti\u010dne apsurde do kojih bi sigurno dovela implementacija zakona, kao \u0161to je ka\u017enjavanje autora i istra\u017eiva\u010da, poput nje, zbog izdavanja knjiga koje sadr\u017ee &#8220;komunisti\u010dke simbole&#8221;.<\/p>\n<p>Ona tako\u0111er upozorava na opasnosti rehabilitacije fa\u0161izma i mogu\u0107e posljedice po stru\u010dnjake daju\u0107i primjere iz Poljske gdje su sli\u010dni poku\u0161aji dr\u017eave da zakonski utje\u010de na sje\u0107anje doveli do <a href=\"https:\/\/www.theguardian.com\/world\/2016\/apr\/14\/holocaust-scholar-questioned-on-claim-poles-killed-more-jews-than-germans-in-war vode\u0107ih\" target=\"_blank\" rel=\"noopener\">progona<\/a> povjesni\u010dara poput Jana Grossa zbog propitkivanja dogme o poljskoj &#8220;nedu\u017enosti&#8221; u Holokaustu. Ukazuje i na neke zgodne oma\u0161ke od strane zakonodavaca: na primjer, dok su u zakonu iz 2000. zlo\u010dini komunizma ilustrirani spominjanjem &#8220;narodnih sudova&#8221; koji su sudili kolaboracionistima iz vremena Drugog svjetskog rata kao i radnih logora za politi\u010dke zatvorenike, ne spominje se tzv. &#8220;Proces preporoda&#8221;, odnosno <a href=\"http:\/\/www.bilten.org\/?p=13554\" target=\"_blank\" rel=\"noopener\">kampanja<\/a> etni\u010dkog \u010di\u0161\u0107enja bugarskih Turaka 1980-ih godina.<\/p>\n<p>Dvadeset i sedam godina nakon 1989. \u010dini se da su politike &#8220;dekomunizacije&#8221; postale jo\u0161 tvr\u0111e, i time kontraproduktivnije. Kao da je na njega utjecala knjiga Jacquesa Derride <em>Spectres de Marx<\/em> (Bauci Marxa), parlamentarni zastupnik BSP-a Janaki Stojilov <a href=\"http:\/\/offnews.bg\/news\/Politika_8\/BSP-za-komunizma-Dnes-polovin-Balgariia-haresva-Todor-Zhivkov_640617.html\" target=\"_blank\" rel=\"noopener\">upozorio<\/a> je nedavno kako je &#8220;Krajem osamdesetih [komunisti\u010dki predsjednik] Todor \u017divkov bio manje popularan nego danas. Prema nedavnom istra\u017eivanju, 50% Bugara ima pozitivno mi\u0161ljenje o njemu&#8221;.<\/p>\n<p style=\"text-align: right;\">S engleskog prevela Lahorka Nikolovski<\/p>\n<ol class=\"footnotes\"><li id=\"footnote_1_16420\" class=\"footnote\">&#8220;Euroskepti\u010dna stranka&#8221; je, naravno, termin liberalnih politologa koji vi\u0161e prikriva nego \u0161to razotkriva stavove takvih stranaka o Europi. One zapravo \u010desto tvrde kako se zala\u017eu za &#8220;europsku civilizaciju&#8221; nasuprot azijskom\/islamskom\/komunisti\u010dkom\/izbjegli\u010dkom barbarizmu.<span class=\"footnote-back-link-wrapper\">[<a href=\"#identifier_1_16420\" class=\"footnote-link footnote-back-link\">&#8617;<\/a>]<\/span><\/li><li id=\"footnote_2_16420\" class=\"footnote\">Sakskoburggotski je me\u0111u prvima inzistirao na eksplicitno anti-politi\u010dkoj platformi vladavine stru\u010dnjaka i &#8220;nove moralnosti&#8221;, onkraj ljevice i desnice.<span class=\"footnote-back-link-wrapper\">[<a href=\"#identifier_2_16420\" class=\"footnote-link footnote-back-link\">&#8617;<\/a>]<\/span><\/li><\/ol>","protected":false},"excerpt":{"rendered":"<p>Sude\u0107i prema broju doga\u0111anja, projekata, politi\u010dkih stranaka i inicijativa civilnog dru\u0161tva usmjerenih protiv bugarske socijalisti\u010dke pro\u0161losti \u010dini se kako, \u0161to se vi\u0161e udaljavamo od 1989. godine, tako raste urgentnost &#8220;dekomunizacije&#8221;&#8230;<\/p>\n","protected":false},"author":10,"featured_media":16421,"comment_status":"closed","ping_status":"closed","sticky":false,"template":"","format":"standard","meta":{"footnotes":""},"categories":[454,1],"tags":[144],"theme":[458],"country":[48],"articleformat":[450],"coauthors":[191],"class_list":["post-16420","post","type-post","status-publish","format-standard","has-post-thumbnail","hentry","category-naslovnica","category-uncategorized","tag-revizionizam","theme-drustvo","country-bugarska","articleformat-tema"],"_links":{"self":[{"href":"https:\/\/www.bilten.org\/index.php?rest_route=\/wp\/v2\/posts\/16420","targetHints":{"allow":["GET"]}}],"collection":[{"href":"https:\/\/www.bilten.org\/index.php?rest_route=\/wp\/v2\/posts"}],"about":[{"href":"https:\/\/www.bilten.org\/index.php?rest_route=\/wp\/v2\/types\/post"}],"author":[{"embeddable":true,"href":"https:\/\/www.bilten.org\/index.php?rest_route=\/wp\/v2\/users\/10"}],"replies":[{"embeddable":true,"href":"https:\/\/www.bilten.org\/index.php?rest_route=%2Fwp%2Fv2%2Fcomments&post=16420"}],"version-history":[{"count":7,"href":"https:\/\/www.bilten.org\/index.php?rest_route=\/wp\/v2\/posts\/16420\/revisions"}],"predecessor-version":[{"id":36681,"href":"https:\/\/www.bilten.org\/index.php?rest_route=\/wp\/v2\/posts\/16420\/revisions\/36681"}],"wp:featuredmedia":[{"embeddable":true,"href":"https:\/\/www.bilten.org\/index.php?rest_route=\/wp\/v2\/media\/16421"}],"wp:attachment":[{"href":"https:\/\/www.bilten.org\/index.php?rest_route=%2Fwp%2Fv2%2Fmedia&parent=16420"}],"wp:term":[{"taxonomy":"category","embeddable":true,"href":"https:\/\/www.bilten.org\/index.php?rest_route=%2Fwp%2Fv2%2Fcategories&post=16420"},{"taxonomy":"post_tag","embeddable":true,"href":"https:\/\/www.bilten.org\/index.php?rest_route=%2Fwp%2Fv2%2Ftags&post=16420"},{"taxonomy":"theme","embeddable":true,"href":"https:\/\/www.bilten.org\/index.php?rest_route=%2Fwp%2Fv2%2Ftheme&post=16420"},{"taxonomy":"country","embeddable":true,"href":"https:\/\/www.bilten.org\/index.php?rest_route=%2Fwp%2Fv2%2Fcountry&post=16420"},{"taxonomy":"articleformat","embeddable":true,"href":"https:\/\/www.bilten.org\/index.php?rest_route=%2Fwp%2Fv2%2Farticleformat&post=16420"},{"taxonomy":"author","embeddable":true,"href":"https:\/\/www.bilten.org\/index.php?rest_route=%2Fwp%2Fv2%2Fcoauthors&post=16420"}],"curies":[{"name":"wp","href":"https:\/\/api.w.org\/{rel}","templated":true}]}}