{"id":16215,"date":"2016-12-06T11:09:45","date_gmt":"2016-12-06T10:09:45","guid":{"rendered":"http:\/\/www.bilten.org\/?p=16215"},"modified":"2016-12-06T11:18:43","modified_gmt":"2016-12-06T10:18:43","slug":"ekonomska-sloboda-socijalna-katastrofa","status":"publish","type":"post","link":"https:\/\/www.bilten.org\/?p=16215","title":{"rendered":"Ekonomska sloboda, socijalna katastrofa"},"content":{"rendered":"<p>Albanska ministrica ekonomije, Milva Ekonomi, pohvalila se nedavno sjajnim rezultatima rada svoje vlade. Naime, prema ljestvici koju je za sljede\u0107u godinu objavila ameri\u010dka neokonzervativna zaklada The Heritage Foundation, Albanija nije samo &#8220;ekonomski najslobodnija&#8221; zemlja regije, ve\u0107 i trinaesta zemlja svijeta! Za ministricu nema boljeg znaka da su poduzete reforme korak u pravom smjeru. Svjetsko liderstvo se me\u0111utim slabo osje\u0107a u zemlji koja spada me\u0111u najsiroma\u0161nije ne samo u Europi, nego i na Balkanu, gdje se Albanija za zadnje mjesto u siroma\u0161tvu natje\u010de s Kosovom, Makedonijom i BiH. Nesrazmjer izme\u0111u &#8220;ekonomske slobode&#8221; i \u017eivotnog standarda nije me\u0111utim nikoga osobito potaknuo na promi\u0161ljanje.<\/p>\n<p>Siroma\u0161tvo se naj\u010de\u0161\u0107e mjeri &#8220;Indeksom ljudskog razvoja&#8221; (HDI) koji predstavlja kompleksnu formulu i uklju\u010duje kupovnu mo\u0107, dostupnost socijalnih usluga, \u017eivotni vijek itd&#8230; Heritage ima puno jednostavniju formulu: zemlja je tim &#8220;slobodnija&#8221; \u010dim ima manje carina, taksi i poreza. Albanija je doista intenzivno radila na smanjenju svih tipova oporezivanja uskra\u0107uju\u0107i istodobno svojem stanovni\u0161tvu dostupnost socijalnih usluga i ru\u0161e\u0107i kupovnu mo\u0107, a sve u cilju pove\u0107anja &#8220;konkurentnosti&#8221; i &#8220;ekonomskih sloboda&#8221; koje \u2013 svim iskustvima unato\u010d \u2013 prema zakladama poput Heritagea jedini mogu donijeti razvoj i bogatstvo. Koliko je &#8220;trka prema dnu&#8221; doista doprinijela razvoju dobro ilustrira nedavni primjer.<\/p>\n<p><strong>Naknada eksploatatoru<\/strong><\/p>\n<p>Gotovo istodobno s objavom ljestvice neokonzervativne fondacije izbila je prava panika me\u0111u 25 tisu\u0107a radnika koji za zapadne tvrtke obavljaju poslove &#8220;usluga za korisnike&#8221;. Naime, zbog gotovo nepostoje\u0107ih poreza i niske cijene rada, preko 800 talijanskih kompanija je proteklih godina svoje poslove telefonske komunikacije s klijentima preselilo u Albaniju. No uskoro bi se moglo sve promijeniti. Zbog visoke nezaposlenosti u Italiji, tamo\u0161nja vlada planira uvesti zna\u010dajne restrikcije i dodatne poreze za sve koji call centre sele u druge zemlje. Time se planira ne samo smanjenje nezaposlenosti unutar Italije, ve\u0107 i ograni\u010davanje izbjegavanje pla\u0107anja poreza za autsorsane djelatnosti. Heritage vjerojatno negoduje, pa je Italija plasirana tek na 19. mjestu, daleko iza lidera Albanije.<\/p>\n<p>Kako bi izbjegla da nekoliko desetaka tisu\u0107a ljudi preko no\u0107i izgubi posao, albanska je vlada u dogovoru s talijanskim poslodavcima smislila plan, sasvim u skladu sa svojom predano\u0161\u0107u &#8220;ekonomskim slobodama&#8221;. Pored ostalih pogodnosti koje daje investitorima, u budu\u0107nosti bi im mogla iz prora\u010duna ispla\u0107ivati i zna\u010dajnu subvenciju, takvu koja bi investitorima nadoknadila gubitke koje imaju zbog oporezivanja u mati\u010dnim zemljama. Time bi se, drugim rije\u010dima, novac iz albanskog prora\u010duna zapravo slijevao u talijanski prora\u010dun, a Albanija bi \u2013 paradoksalno \u2013 pla\u0107ala naknadu za zaradu koje talijanske kompanije ostvaruju na njezinom teritoriju. Nikome me\u0111utim ne\u0107e pasti na pamet da u ovom tipu dogovora postoji neki sistemski problem.<\/p>\n","protected":false},"excerpt":{"rendered":"<p>Albanska ministrica ekonomije, Milva Ekonomi, pohvalila se nedavno sjajnim rezultatima rada svoje vlade. Naime, prema ljestvici koju je za sljede\u0107u godinu objavila ameri\u010dka neokonzervativna zaklada The Heritage Foundation, Albanija nije samo &#8220;ekonomski najslobodnija&#8221; zemlja regije, ve\u0107 i trinaesta zemlja svijeta..<\/p>\n","protected":false},"author":10,"featured_media":16216,"comment_status":"closed","ping_status":"closed","sticky":false,"template":"","format":"standard","meta":{"footnotes":""},"categories":[],"tags":[34],"theme":[455],"country":[65],"articleformat":[205],"coauthors":[26],"class_list":["post-16215","post","type-post","status-publish","format-standard","has-post-thumbnail","hentry","tag-tranzicija","theme-rad","country-albanija","articleformat-vijest"],"_links":{"self":[{"href":"https:\/\/www.bilten.org\/index.php?rest_route=\/wp\/v2\/posts\/16215","targetHints":{"allow":["GET"]}}],"collection":[{"href":"https:\/\/www.bilten.org\/index.php?rest_route=\/wp\/v2\/posts"}],"about":[{"href":"https:\/\/www.bilten.org\/index.php?rest_route=\/wp\/v2\/types\/post"}],"author":[{"embeddable":true,"href":"https:\/\/www.bilten.org\/index.php?rest_route=\/wp\/v2\/users\/10"}],"replies":[{"embeddable":true,"href":"https:\/\/www.bilten.org\/index.php?rest_route=%2Fwp%2Fv2%2Fcomments&post=16215"}],"version-history":[{"count":3,"href":"https:\/\/www.bilten.org\/index.php?rest_route=\/wp\/v2\/posts\/16215\/revisions"}],"predecessor-version":[{"id":16219,"href":"https:\/\/www.bilten.org\/index.php?rest_route=\/wp\/v2\/posts\/16215\/revisions\/16219"}],"wp:featuredmedia":[{"embeddable":true,"href":"https:\/\/www.bilten.org\/index.php?rest_route=\/wp\/v2\/media\/16216"}],"wp:attachment":[{"href":"https:\/\/www.bilten.org\/index.php?rest_route=%2Fwp%2Fv2%2Fmedia&parent=16215"}],"wp:term":[{"taxonomy":"category","embeddable":true,"href":"https:\/\/www.bilten.org\/index.php?rest_route=%2Fwp%2Fv2%2Fcategories&post=16215"},{"taxonomy":"post_tag","embeddable":true,"href":"https:\/\/www.bilten.org\/index.php?rest_route=%2Fwp%2Fv2%2Ftags&post=16215"},{"taxonomy":"theme","embeddable":true,"href":"https:\/\/www.bilten.org\/index.php?rest_route=%2Fwp%2Fv2%2Ftheme&post=16215"},{"taxonomy":"country","embeddable":true,"href":"https:\/\/www.bilten.org\/index.php?rest_route=%2Fwp%2Fv2%2Fcountry&post=16215"},{"taxonomy":"articleformat","embeddable":true,"href":"https:\/\/www.bilten.org\/index.php?rest_route=%2Fwp%2Fv2%2Farticleformat&post=16215"},{"taxonomy":"author","embeddable":true,"href":"https:\/\/www.bilten.org\/index.php?rest_route=%2Fwp%2Fv2%2Fcoauthors&post=16215"}],"curies":[{"name":"wp","href":"https:\/\/api.w.org\/{rel}","templated":true}]}}