{"id":16134,"date":"2016-11-30T10:49:34","date_gmt":"2016-11-30T09:49:34","guid":{"rendered":"http:\/\/www.bilten.org\/?p=16134"},"modified":"2016-11-30T10:49:34","modified_gmt":"2016-11-30T09:49:34","slug":"igre-na-srecu-ili-ratne-igre-u-bih","status":"publish","type":"post","link":"https:\/\/www.bilten.org\/?p=16134","title":{"rendered":"Igre na sre\u0107u ili ratne igre u BiH"},"content":{"rendered":"<p>Kada je prije manje od mjesec dana posjetio Zagreb, lider Hrvatske demokratske zajednice Bosne i Hercegovine Dragan \u010covi\u0107 iznio je niz apokalipti\u010dnih predvi\u0111anja. Prema njemu, uhi\u0107enja ratnih veterana Hrvatskog vije\u0107a obrane u Ora\u0161ju dio su &#8220;plana stvaranje BiH bez Hrvata&#8221;, \u0161to, obja\u0161njavao je lider bh. Hrvata, nije agresija samo prema Hrvatima, nego i Republici Hrvatskoj. Od tada hrvatski mediji, osobito oni pod \u010dvr\u0161\u0107om kontrolom materinske Hrvatske demokratske zajednice, naveliko diskutiraju o tome kako spasiti Hrvate u BiH, a onda i Republiku Hrvatsku od zajedni\u010dke agresije Sarajeva i Banja Luke. Osobito je pritom velika pa\u017enja pridana \u010dinjenici da je do uhi\u0107enja do\u0161lo nedugo nakon posjeta novog hrvatskog premijera Andreja Plenkovi\u0107a Sarajevu.<\/p>\n<p>Nikakva pa\u017enja me\u0111utim u hrvatskim medijima nije pridana informaciji da se svega nekoliko tjedana prije uhi\u0107enja isti Dragan \u010covi\u0107 u Banja Luci sastao s Miloradom Dodikom. Dvojica etni\u010dkih poglavica tada su dogovorila usku suradnju u Parlamentarnoj skup\u0161tini BiH &#8220;do kraja godine&#8221; do kada bi njihove stranke trebale &#8220;dogovoriti nekoliko zajedni\u010dkih zakonskih prijedloga&#8221;. Jednako nezapa\u017eeno pro\u0161ao je i ju\u010dera\u0161nji sarajevski sastanak \u010covi\u0107a s dvojicom bo\u0161nja\u010dkih etni\u010dkih poglavica, Bakirom Izetbegovi\u0107em i Fahrudinom Radon\u010di\u0107em, na kojem su ponovno dogovorili usku suradnju svojih stranaka u institucijama Federacije BiH, pri \u010demu je \u010covi\u0107 \u2013 opet \u2013 najavio &#8220;nekoliko zajedni\u010dkih zakonskih prijedloga do kraja godine&#8221;.<\/p>\n<p>Pritom su i ti najavljeni &#8220;zajedni\u010dki prijedlozi do kraja godine&#8221; vi\u0161e nego indikativni. Naime, s Dodikom je \u010covi\u0107 isplanirao zajedni\u010dki napad na instituciju Ustavnog suda BiH za koju zajedni\u010dki smatraju da je pod prevelikom kontrolom &#8220;bo\u0161nja\u010dkih stranaka&#8221;. S tim istim bo\u0161nja\u010dkim strankama, HDZ BiH se namjerava u narednih dvadesetak dana dogovoriti oko zakona o borcima, \u0161umama i \u2013 najva\u017enije \u2013 oporezivanja igara na sre\u0107u, odnosno kladionica za koje mnogi u BiH tvrde da zapravo predstavljaju HDZ-ovo &#8220;leno&#8221;. Drugim rije\u010dima, dok se u Hrvatskoj diskutira o spa\u0161avanju Hrvata, u BiH se dogovara o spa\u0161avanju kladionica. To je uostalom i neizbje\u017ena posljedica dejtonske kri\u017ealjke koja je zacementirala vode\u0107u ulogu etni\u010dkih lidera i obavezala susjedne dr\u017eave da \u0161tite &#8220;vitalne nacionalne interese&#8221; pretvaraju\u0107i raspodjelu plijena u bh. institucijama u verbalne nastavke rata.<\/p>\n","protected":false},"excerpt":{"rendered":"<p>Kada je prije manje od mjesec dana posjetio Zagreb, lider Hrvatske demokratske zajednice Bosne i Hercegovine Dragan \u010covi\u0107 iznio je niz apokalipti\u010dnih predvi\u0111anja. Prema njemu, uhi\u0107enja ratnih veterana Hrvatskog vije\u0107a obrane u Ora\u0161ju dio su&#8230;<\/p>\n","protected":false},"author":10,"featured_media":16135,"comment_status":"closed","ping_status":"closed","sticky":false,"template":"","format":"standard","meta":{"footnotes":""},"categories":[],"tags":[],"theme":[],"country":[35],"articleformat":[205],"coauthors":[26],"class_list":["post-16134","post","type-post","status-publish","format-standard","has-post-thumbnail","hentry","country-bih","articleformat-vijest"],"_links":{"self":[{"href":"https:\/\/www.bilten.org\/index.php?rest_route=\/wp\/v2\/posts\/16134","targetHints":{"allow":["GET"]}}],"collection":[{"href":"https:\/\/www.bilten.org\/index.php?rest_route=\/wp\/v2\/posts"}],"about":[{"href":"https:\/\/www.bilten.org\/index.php?rest_route=\/wp\/v2\/types\/post"}],"author":[{"embeddable":true,"href":"https:\/\/www.bilten.org\/index.php?rest_route=\/wp\/v2\/users\/10"}],"replies":[{"embeddable":true,"href":"https:\/\/www.bilten.org\/index.php?rest_route=%2Fwp%2Fv2%2Fcomments&post=16134"}],"version-history":[{"count":1,"href":"https:\/\/www.bilten.org\/index.php?rest_route=\/wp\/v2\/posts\/16134\/revisions"}],"predecessor-version":[{"id":16136,"href":"https:\/\/www.bilten.org\/index.php?rest_route=\/wp\/v2\/posts\/16134\/revisions\/16136"}],"wp:featuredmedia":[{"embeddable":true,"href":"https:\/\/www.bilten.org\/index.php?rest_route=\/wp\/v2\/media\/16135"}],"wp:attachment":[{"href":"https:\/\/www.bilten.org\/index.php?rest_route=%2Fwp%2Fv2%2Fmedia&parent=16134"}],"wp:term":[{"taxonomy":"category","embeddable":true,"href":"https:\/\/www.bilten.org\/index.php?rest_route=%2Fwp%2Fv2%2Fcategories&post=16134"},{"taxonomy":"post_tag","embeddable":true,"href":"https:\/\/www.bilten.org\/index.php?rest_route=%2Fwp%2Fv2%2Ftags&post=16134"},{"taxonomy":"theme","embeddable":true,"href":"https:\/\/www.bilten.org\/index.php?rest_route=%2Fwp%2Fv2%2Ftheme&post=16134"},{"taxonomy":"country","embeddable":true,"href":"https:\/\/www.bilten.org\/index.php?rest_route=%2Fwp%2Fv2%2Fcountry&post=16134"},{"taxonomy":"articleformat","embeddable":true,"href":"https:\/\/www.bilten.org\/index.php?rest_route=%2Fwp%2Fv2%2Farticleformat&post=16134"},{"taxonomy":"author","embeddable":true,"href":"https:\/\/www.bilten.org\/index.php?rest_route=%2Fwp%2Fv2%2Fcoauthors&post=16134"}],"curies":[{"name":"wp","href":"https:\/\/api.w.org\/{rel}","templated":true}]}}