{"id":15826,"date":"2016-11-09T09:30:49","date_gmt":"2016-11-09T08:30:49","guid":{"rendered":"http:\/\/www.bilten.org\/?p=15826"},"modified":"2016-11-09T10:20:36","modified_gmt":"2016-11-09T09:20:36","slug":"babo-u-sarajevu-ironije-jedne-karizme","status":"publish","type":"post","link":"https:\/\/www.bilten.org\/?p=15826","title":{"rendered":"Babo u Sarajevu: ironije jedne karizme"},"content":{"rendered":"<p>U sarajevskoj &#8220;zgradi prijateljstva izme\u0111u Gr\u010dke i Bosne i Hercegovine&#8221; \u2013 poznatijoj po svom predratnom imenu &#8220;zgrada Izvr\u0161nog vije\u0107a&#8221; \u2013 Centralna izborna komisija ju\u010der je novoizabranim na\u010delnicima op\u0107ina podijelila certifikate kojima im potvr\u0111uje funkcije. Ova ceremonija, kojom je formalno zavr\u0161en proces lokalnih izbora u BiH, te\u0161ko da bi privukla ve\u0107u pa\u017enju javnosti da nije uklju\u010divala dolazak u Sarajevo Fikreta Abdi\u0107a &#8220;Babe&#8221;, novoizabranog na\u010delnika op\u0107ine Velika Kladu\u0161a, i bojkot od strane na\u010delnika susjednih op\u0107ina koji su prosvjedovali protiv Abdi\u0107evog prisustva. Dan je tako obilje\u017eila zao\u0161trena retorika i gu\u017evanje kamermana koji su htjeli uhvatiti senzaciju, a sve to zbog na\u010delnika jedne male op\u0107ine na rubu zemlje i \u010dovjeka na pragu svoje osamdesete godine.<\/p>\n<p>Naravno, Abdi\u0107 nije tek jedan od na\u010delnika. U maloj op\u0107ini kojom opet vlada jo\u0161 uvijek ima status &#8220;babe&#8221;, \u0161to je potvrdio i uvjerljivom pobjedom na posljednjim izborima. Njegova karijera zapo\u010dela je ranih 1970-ih kada je kao mladi diplomirani agronom porijeklom iz obli\u017enjeg sela postao direktor Agrokomerca, prehrambenog poduze\u0107a koje \u0107e kroz narednih 20 godina postati jedna od najve\u0107ih jugoslavenskih firmi u ovom sektoru. Uspon firme i kraja koji je ranije bio jedan od najsiroma\u0161nijih u biv\u0161oj federaciji, znatno su doprinijeli razvoju Abdi\u0107eve karizme. Njegovo upravljanje uklju\u010divalo je kombinaciju agresivnih poslovnih metoda te zloupotrebu sna\u017ene potpore koju su poduze\u0107a mogla u\u017eivati od dr\u017eave. Sve je kulminiralo poznatom aferom 1987. godine zbog koje je Abdi\u0107 zavr\u0161io u pritvoru.<\/p>\n<p><strong>Vje\u010dni povratci<\/strong><\/p>\n<p>Slu\u017eenje zatvorske kazne zbog pronevjere javnog novca nije ugrozilo njegovu karizmu, dapa\u010de. Uo\u010di prvih vi\u0161estrana\u010dkih izbora u BiH, Abdi\u0107 dobiva vi\u0161e ponuda da se politi\u010dki aktivira, a naposljetku prihva\u0107a onu Alije Izetbegovi\u0107a i njegove Stranke demokratske akcije. Na tim se izborima Abdi\u0107 pokazuje kao uvjerljivo najpopularniji kandidat za predsjedni\u0161tvo i dobiva vi\u0161e glasova od Izetbegovi\u0107a kojem naposljetku ipak prepu\u0161ta predsjedni\u010dko mjesto i nakratko naizgled nestaje iz politi\u010dkog \u017eivota. No u septembru 1993. godine ponovno se aktivira kao samoprogla\u0161eni \u0161ef Autonomne Pokrajine, a kasnije i Republike Zapadne Bosne, mikrodr\u017eave koja je uglavnom obuhva\u0107ala samo malenu kladu\u0161ku op\u0107inu i \u2013 kombinat Agrokomerc. Povijest te &#8220;dr\u017eave&#8221; obilje\u017eio je progon politi\u010dkih protivnika te uska suradnja s Hrvatskom i Srbijom, odnosno njihovih paradr\u017eavama u BiH.<\/p>\n<p>U sljede\u0107e dvije godine, Abdi\u0107 je dvaput gubio kontrolu nad Kladu\u0161om, bje\u017ee\u0107i prvi puta na teritorij &#8220;Republike Srpske Krajine&#8221;, a drugi puta Republike Hrvatske, vode\u0107i u oba slu\u010daja sa sobom nekoliko desetaka tisu\u0107a lojalnih izbjeglica. Njegovu uspje\u0161nu poslijeratnu poslovnu karijeru u Hrvatskoj prekinulo je su\u0111enje za ratne zlo\u010dine kojim je 2002. godine osu\u0111en na 15 godina zatvora. Odle\u017eao je dvije tre\u0107ine kazne u Puli gdje se na njegovom osloba\u0111anju pojavilo vi\u0161e tisu\u0107a pristalica. S obzirom na dramati\u010dnu karijeru, mnoge je iznenadio ne samo interes 77-godi\u0161njeg Abdi\u0107a da se vrati politici i upravljanju Kladu\u0161om, ve\u0107 i \u010dinjenica da on i dalje u\u017eivo veliku popularnost u svojem kraju. No unato\u010d svim preokretima, njegova se putanja naposljetku ne razlikuje osobito od one ve\u0107ine uspje\u0161nih tranzicijskih politi\u010dara biv\u0161e Jugoslavije.<\/p>\n<p>Na neki na\u010din &#8220;Babo&#8221; je zapravo prototip postjugoslavenskog &#8220;dr\u017eavnika&#8221;. Svi su oni, na ovaj ili onaj na\u010din, zloupotrebljavali i dalje zloupotrebljavaju golemu imovinu i infrastrukturu koju je ostavila biv\u0161a dr\u017eava da bi je komadali i razdjeljivali utvr\u0111uju\u0107i svoju poziciju lokalnog &#8220;babe&#8221;. Njegovo je kratkotrajno predsjednikovanje &#8220;Zapadnom Bosnom&#8221; u su\u0161tini sa\u017eelo pri\u010du o svakoj od malih dr\u017eavica i paradr\u017eavica nastalih na razvalinama Jugoslavije, a njegov povratak na vlast ilustracija je na\u0161e op\u0107e nesposobnosti da se rije\u0161imo &#8220;baba&#8221; koji nas, nakon rata, nastavljaju voditi prema jo\u0161 ve\u0107oj bijedi.<\/p>\n","protected":false},"excerpt":{"rendered":"<p>U sarajevskoj &#8220;zgradi prijateljstva izme\u0111u Gr\u010dke i Bosne i Hercegovine&#8221; \u2013 poznatijoj po svom predratnom imenu &#8220;zgrada Izvr\u0161nog vije\u0107a&#8221; i ratnom imenu &#8220;zgrada Predsjedni\u0161tva&#8221; \u2013 Centralna izborna komisija je ju\u010der novoizabranim na\u010delnicima op\u0107ina podijelila certifikate kojima im potvr\u0111uje nove funkcije&#8230;<\/p>\n","protected":false},"author":10,"featured_media":15827,"comment_status":"closed","ping_status":"closed","sticky":false,"template":"","format":"standard","meta":{"footnotes":""},"categories":[],"tags":[12],"theme":[456],"country":[35],"articleformat":[205],"coauthors":[16],"class_list":["post-15826","post","type-post","status-publish","format-standard","has-post-thumbnail","hentry","tag-izbori","theme-politika","country-bih","articleformat-vijest"],"_links":{"self":[{"href":"https:\/\/www.bilten.org\/index.php?rest_route=\/wp\/v2\/posts\/15826","targetHints":{"allow":["GET"]}}],"collection":[{"href":"https:\/\/www.bilten.org\/index.php?rest_route=\/wp\/v2\/posts"}],"about":[{"href":"https:\/\/www.bilten.org\/index.php?rest_route=\/wp\/v2\/types\/post"}],"author":[{"embeddable":true,"href":"https:\/\/www.bilten.org\/index.php?rest_route=\/wp\/v2\/users\/10"}],"replies":[{"embeddable":true,"href":"https:\/\/www.bilten.org\/index.php?rest_route=%2Fwp%2Fv2%2Fcomments&post=15826"}],"version-history":[{"count":4,"href":"https:\/\/www.bilten.org\/index.php?rest_route=\/wp\/v2\/posts\/15826\/revisions"}],"predecessor-version":[{"id":15833,"href":"https:\/\/www.bilten.org\/index.php?rest_route=\/wp\/v2\/posts\/15826\/revisions\/15833"}],"wp:featuredmedia":[{"embeddable":true,"href":"https:\/\/www.bilten.org\/index.php?rest_route=\/wp\/v2\/media\/15827"}],"wp:attachment":[{"href":"https:\/\/www.bilten.org\/index.php?rest_route=%2Fwp%2Fv2%2Fmedia&parent=15826"}],"wp:term":[{"taxonomy":"category","embeddable":true,"href":"https:\/\/www.bilten.org\/index.php?rest_route=%2Fwp%2Fv2%2Fcategories&post=15826"},{"taxonomy":"post_tag","embeddable":true,"href":"https:\/\/www.bilten.org\/index.php?rest_route=%2Fwp%2Fv2%2Ftags&post=15826"},{"taxonomy":"theme","embeddable":true,"href":"https:\/\/www.bilten.org\/index.php?rest_route=%2Fwp%2Fv2%2Ftheme&post=15826"},{"taxonomy":"country","embeddable":true,"href":"https:\/\/www.bilten.org\/index.php?rest_route=%2Fwp%2Fv2%2Fcountry&post=15826"},{"taxonomy":"articleformat","embeddable":true,"href":"https:\/\/www.bilten.org\/index.php?rest_route=%2Fwp%2Fv2%2Farticleformat&post=15826"},{"taxonomy":"author","embeddable":true,"href":"https:\/\/www.bilten.org\/index.php?rest_route=%2Fwp%2Fv2%2Fcoauthors&post=15826"}],"curies":[{"name":"wp","href":"https:\/\/api.w.org\/{rel}","templated":true}]}}