{"id":15793,"date":"2016-11-07T12:21:02","date_gmt":"2016-11-07T11:21:02","guid":{"rendered":"http:\/\/www.bilten.org\/?p=15793"},"modified":"2016-11-07T12:21:02","modified_gmt":"2016-11-07T11:21:02","slug":"erdoganov-san-o-unistenju-opozicije","status":"publish","type":"post","link":"https:\/\/www.bilten.org\/?p=15793","title":{"rendered":"Erdo\u011fanov san o uni\u0161tenju opozicije"},"content":{"rendered":"<p>Krajem pro\u0161log tjedna, re\u017eim turskog predsjednika Recepa Tayyipa Erdo\u011fana zapo\u010deo je opse\u017enu akciju uhi\u0107enja \u010dlanova i du\u017enosnika opozicijske Narodne demokratske stranke (HDP). Nekoliko desetaka novih uhi\u0107enja nastavlja se na ve\u0107 ranije zapo\u010det <a href=\"http:\/\/www.bilten.org\/?p=13236\" target=\"_blank\">proces<\/a> sustavne eliminacije iz politi\u010dkog \u017eivota svih onih koji glasno kritiziraju predsjednika i njegove diktatorske ambicije. Do sad su ovim procesom zahva\u0107eni svi parlamentarni predstavnici HDP-a, ali i velika ve\u0107ina njihovih lokalnih du\u017enosnika, gradona\u010delnika itd&#8230; Ne postoje tako\u0111er nikakve indicije da bi se ovaj udar mogao skoro zaustaviti. Dapa\u010de, re\u017eim otvoreno najavljuje njegovo zao\u0161travanje, jasno potvr\u0111uju\u0107i pretpostavku da se zapravo radi o poku\u0161aju potpunog uni\u0161tenja opozicije.<\/p>\n<p>Velika ve\u0107ina optu\u017eenih osumnji\u010dena je za &#8220;sudjelovanje u aktivnostima zabranjenih organizacija&#8221; koje uklju\u010duju govorenje na tribinama, pisanje \u010dlanaka u novinama ili \u2013 pojavljivanje na sprovodima. Radi se uglavnom o aktivnostima koje su sastavni dio rada svakog politi\u010dara, a koje je re\u017eim arbitrarno odredio kao zabranjene i to nekoliko godina nakon \u0161to je kazneno djelo sudjelovanja u javnom \u017eivotu po\u010dinjeno. Potpuno uni\u0161tavanje stranke koja je na izborima pro\u0161le godine <a href=\"http:\/\/www.bilten.org\/?p=8932\" target=\"_blank\">dobila<\/a> \u0161est milijuna glasova doga\u0111a se paralelno s kriminalizacijom Cumhuriyeta, mo\u017eda i posljednjeg velikog medija eksplicitno kriti\u010dnog prema vlasti u zemlji i to nakon \u0161to je zadnjih nekoliko godina policija izravno preuzela niz televizijskih i medijskih ku\u0107a u oru\u017eanim racijama.<\/p>\n<p>Uz to, Erdo\u011fan je nedavno po svemu sude\u0107i uspio sumnjivim upravnim odlukama svojih podlo\u017enika preuzeti kontrolu nad jo\u0161 jednom od svega \u010detiriju parlamentarnih stranaka u Turskoj. Stranka nacionalisti\u010dkog pokreta (MHP) je tako mimo volje svojih \u010dlanova postala tek prirepak vladaju\u0107e Stranke pravde i razvoja (AKP) unato\u010d tome \u0161to je ranije \u010dinila va\u017enu stranku desne opozicije. Nakon vojske, medija, pravosu\u0111a i parlamenta, Erdo\u011fan je tako sada na korak do toga da sasvim preuzme kontrolu nad svakim segmentom turskog politi\u010dkog \u017eivota. No sli\u010dno se za Ergo\u011fana govorilo i 2013. godine, svega nekoliko tjedana prije nego \u0161to je gotovo desetina stanovni\u0161tva Turske sudjelovala u prosvjedima protiv vlade koji su zapo\u010deli oko parka Gezi.<\/p>\n<p>Naposljetku, politi\u010dka represija nije ni po \u010demu novi element u turskom dru\u0161tvu, a do sad niti jedan <a href=\"http:\/\/www.bilten.org\/?p=9458\" target=\"_blank\">masakr<\/a>, niti jedan <a href=\"http:\/\/www.bilten.org\/?p=8245\" target=\"_blank\">pu\u010d<\/a> nije uspio trajno ugu\u0161iti demokratsku i socijalisti\u010dku opoziciju. U HDP-u jasno najavljuju da to ne\u0107e uspjeti ni zadnji potezi re\u017eima.<\/p>\n","protected":false},"excerpt":{"rendered":"<p>Krajem pro\u0161log tjedna, re\u017eim turskog predsjednika Recepa Tayyipa Erdo\u011fana zapo\u010deo je opse\u017enu akciju uhi\u0107enja \u010dlanova i du\u017enosnika opozicijske Narodne demokratske stranke (HDP)&#8230;<\/p>\n","protected":false},"author":10,"featured_media":15794,"comment_status":"closed","ping_status":"closed","sticky":false,"template":"","format":"standard","meta":{"footnotes":""},"categories":[],"tags":[234],"theme":[],"country":[],"articleformat":[205],"coauthors":[26],"class_list":["post-15793","post","type-post","status-publish","format-standard","has-post-thumbnail","hentry","tag-turska","articleformat-vijest"],"_links":{"self":[{"href":"https:\/\/www.bilten.org\/index.php?rest_route=\/wp\/v2\/posts\/15793","targetHints":{"allow":["GET"]}}],"collection":[{"href":"https:\/\/www.bilten.org\/index.php?rest_route=\/wp\/v2\/posts"}],"about":[{"href":"https:\/\/www.bilten.org\/index.php?rest_route=\/wp\/v2\/types\/post"}],"author":[{"embeddable":true,"href":"https:\/\/www.bilten.org\/index.php?rest_route=\/wp\/v2\/users\/10"}],"replies":[{"embeddable":true,"href":"https:\/\/www.bilten.org\/index.php?rest_route=%2Fwp%2Fv2%2Fcomments&post=15793"}],"version-history":[{"count":1,"href":"https:\/\/www.bilten.org\/index.php?rest_route=\/wp\/v2\/posts\/15793\/revisions"}],"predecessor-version":[{"id":15795,"href":"https:\/\/www.bilten.org\/index.php?rest_route=\/wp\/v2\/posts\/15793\/revisions\/15795"}],"wp:featuredmedia":[{"embeddable":true,"href":"https:\/\/www.bilten.org\/index.php?rest_route=\/wp\/v2\/media\/15794"}],"wp:attachment":[{"href":"https:\/\/www.bilten.org\/index.php?rest_route=%2Fwp%2Fv2%2Fmedia&parent=15793"}],"wp:term":[{"taxonomy":"category","embeddable":true,"href":"https:\/\/www.bilten.org\/index.php?rest_route=%2Fwp%2Fv2%2Fcategories&post=15793"},{"taxonomy":"post_tag","embeddable":true,"href":"https:\/\/www.bilten.org\/index.php?rest_route=%2Fwp%2Fv2%2Ftags&post=15793"},{"taxonomy":"theme","embeddable":true,"href":"https:\/\/www.bilten.org\/index.php?rest_route=%2Fwp%2Fv2%2Ftheme&post=15793"},{"taxonomy":"country","embeddable":true,"href":"https:\/\/www.bilten.org\/index.php?rest_route=%2Fwp%2Fv2%2Fcountry&post=15793"},{"taxonomy":"articleformat","embeddable":true,"href":"https:\/\/www.bilten.org\/index.php?rest_route=%2Fwp%2Fv2%2Farticleformat&post=15793"},{"taxonomy":"author","embeddable":true,"href":"https:\/\/www.bilten.org\/index.php?rest_route=%2Fwp%2Fv2%2Fcoauthors&post=15793"}],"curies":[{"name":"wp","href":"https:\/\/api.w.org\/{rel}","templated":true}]}}