{"id":15722,"date":"2016-11-02T11:54:39","date_gmt":"2016-11-02T10:54:39","guid":{"rendered":"http:\/\/www.bilten.org\/?p=15722"},"modified":"2016-11-02T12:04:51","modified_gmt":"2016-11-02T11:04:51","slug":"diplomatsko-rjesenje-za-ratne-zlocine","status":"publish","type":"post","link":"https:\/\/www.bilten.org\/?p=15722","title":{"rendered":"Diplomatsko rje\u0161enje za ratne zlo\u010dine?"},"content":{"rendered":"<p>Kao \u0161to to obi\u010dno biva kad se dogodi ne\u0161to van redovitog politi\u010dkog \u017eivota, zastupnici u hrvatskom parlamentu zatra\u017ee stanku kako bi doga\u0111aju priu\u0161tili zaslu\u017eenu pa\u017enju. Tako su danas <a href=\"http:\/\/www.tportal.hr\/vijesti\/hrvatska\/450830\/Zastupnicko-bombardiranje-stankama.html\" target=\"_blank\">na red do\u0161la<\/a> uhi\u0107enja u Bosni i Hercegovini. Naime, <a href=\"http:\/\/www.index.hr\/vijesti\/clanak\/u-bih-uhiceno-10-pripadnika-hvoa-zbog-ratnih-zlocina-nad-srbima-\/929100.aspx\" target=\"_blank\">deset biv\u0161ih \u010dasnika<\/a> Hrvatskog vije\u0107a obrane osumnji\u010deno je za ratni zlo\u010din nad ve\u0107im brojem \u017ertava srpske nacionalnosti u Ora\u0161ju u periodu od aprila 1992. godine do juna 1993. godine.<\/p>\n<p>Ono \u0161to odmah upada u o\u010di u pregledu svih reakcija na doga\u0111aj, pa tako i onih u Saboru, izostanak je bilo kakvog tretmana samog sadr\u017eaja optu\u017enica. Tu i tamo bi se za\u010duo standardan retori\u010dki odmak o tome kako sve ratne zlo\u010dine treba procesuirati, ali sva pa\u017enja je usmjerena na navodne politi\u010dko-pravosudne igre u re\u017eiji Sarajeva (i Banja Luke) kojima se \u017eeli na\u0161tetiti hrvatskom narodu kao takvome. O stupnju zami\u0161ljene ugroze dovoljno govori i \u017eelja Mostova saborskog zastupnika Mira Bulja da predsjednica sazove sjednicu Vije\u0107a za nacionalnu sigurnost. Iako rad policijsko-pravosudnih struktura u tretmanu ratnih zlo\u010dina na postjugoslavenskim prostorima ostavlja dovoljno prostora za sumnju u politi\u010dko tempiranje i kori\u0161tenje optu\u017enica, dosljedno zanemarivanje samog sadr\u017eaja dovoljno govori o politi\u010dkoj klimi.<\/p>\n<p>Tako se SDP-ov umirovljeni general Ante Kotromanovi\u0107 <a href=\"http:\/\/www.tportal.hr\/vijesti\/hrvatska\/450803\/Kotromanovic-napao-Plenkovica-i-Stiera-Sto-ste-radili-dolje-dva-dana.html\" target=\"_blank\">obru\u0161io<\/a> na premijera Andreja Plenkovi\u0107a i ministra vanjskih poslova Davora Ivu Stiera koji su par dana prije uhi\u0107enja boravili u BiH. Kotromanovi\u0107 ih je u objavi na Facebooku pitao: \u0161to ste tamo radili?, kao da je cilj diplomatskih posjeta dogovor o bunkeriranju optu\u017enica. I gotovo sve ostale reakcije uhi\u0107enja tretiraju kao neuspjeh hrvatske diplomacije. Miro Kova\u010d je u Saboru je ironi\u010dno primijetio kako su optu\u017enice nagrada Hrvatskoj \u0161to se zalo\u017eila za BiH na eurointegracijskom putu. No, mo\u017eda je najindikativnija re\u010denica u njegovom govoru ona po kojoj bi se sve zlo\u010dine trebalo procesuirati, ali da ipak treba paziti na politi\u010dki kontekst. Kakav je to kontekst u BiH? Upravo onaj sagra\u0111en na politikama iz devedesetih i zlo\u010dinima koji su ih pratili.<\/p>\n","protected":false},"excerpt":{"rendered":"<p>Kao \u0161to to obi\u010dno biva kad se dogodi ne\u0161to van redovitog politi\u010dkog \u017eivota, zastupnici u hrvatskom parlamentu zatra\u017ee stanku kako bi doga\u0111aju priu\u0161tili zaslu\u017eenu pa\u017enju. Tako su danas na red do\u0161la uhi\u0107enja u Bosni i Hercegovini. Naime, deset biv\u0161ih \u010dasnika Hrvatskog vije\u0107a obrane osumnji\u010deno je za ratni zlo\u010din nad ve\u0107im brojem \u017ertava srpske nacionalnosti u [&hellip;]<\/p>\n","protected":false},"author":5,"featured_media":15724,"comment_status":"closed","ping_status":"closed","sticky":false,"template":"","format":"standard","meta":{"footnotes":""},"categories":[],"tags":[],"theme":[],"country":[35,38],"articleformat":[205],"coauthors":[16],"class_list":["post-15722","post","type-post","status-publish","format-standard","has-post-thumbnail","hentry","country-bih","country-hrvatska","articleformat-vijest"],"_links":{"self":[{"href":"https:\/\/www.bilten.org\/index.php?rest_route=\/wp\/v2\/posts\/15722","targetHints":{"allow":["GET"]}}],"collection":[{"href":"https:\/\/www.bilten.org\/index.php?rest_route=\/wp\/v2\/posts"}],"about":[{"href":"https:\/\/www.bilten.org\/index.php?rest_route=\/wp\/v2\/types\/post"}],"author":[{"embeddable":true,"href":"https:\/\/www.bilten.org\/index.php?rest_route=\/wp\/v2\/users\/5"}],"replies":[{"embeddable":true,"href":"https:\/\/www.bilten.org\/index.php?rest_route=%2Fwp%2Fv2%2Fcomments&post=15722"}],"version-history":[{"count":4,"href":"https:\/\/www.bilten.org\/index.php?rest_route=\/wp\/v2\/posts\/15722\/revisions"}],"predecessor-version":[{"id":15727,"href":"https:\/\/www.bilten.org\/index.php?rest_route=\/wp\/v2\/posts\/15722\/revisions\/15727"}],"wp:featuredmedia":[{"embeddable":true,"href":"https:\/\/www.bilten.org\/index.php?rest_route=\/wp\/v2\/media\/15724"}],"wp:attachment":[{"href":"https:\/\/www.bilten.org\/index.php?rest_route=%2Fwp%2Fv2%2Fmedia&parent=15722"}],"wp:term":[{"taxonomy":"category","embeddable":true,"href":"https:\/\/www.bilten.org\/index.php?rest_route=%2Fwp%2Fv2%2Fcategories&post=15722"},{"taxonomy":"post_tag","embeddable":true,"href":"https:\/\/www.bilten.org\/index.php?rest_route=%2Fwp%2Fv2%2Ftags&post=15722"},{"taxonomy":"theme","embeddable":true,"href":"https:\/\/www.bilten.org\/index.php?rest_route=%2Fwp%2Fv2%2Ftheme&post=15722"},{"taxonomy":"country","embeddable":true,"href":"https:\/\/www.bilten.org\/index.php?rest_route=%2Fwp%2Fv2%2Fcountry&post=15722"},{"taxonomy":"articleformat","embeddable":true,"href":"https:\/\/www.bilten.org\/index.php?rest_route=%2Fwp%2Fv2%2Farticleformat&post=15722"},{"taxonomy":"author","embeddable":true,"href":"https:\/\/www.bilten.org\/index.php?rest_route=%2Fwp%2Fv2%2Fcoauthors&post=15722"}],"curies":[{"name":"wp","href":"https:\/\/api.w.org\/{rel}","templated":true}]}}