{"id":15663,"date":"2016-10-28T09:13:55","date_gmt":"2016-10-28T08:13:55","guid":{"rendered":"http:\/\/www.bilten.org\/?p=15663"},"modified":"2016-10-28T09:20:15","modified_gmt":"2016-10-28T08:20:15","slug":"tursko-albanski-lov-na-vjestice","status":"publish","type":"post","link":"https:\/\/www.bilten.org\/?p=15663","title":{"rendered":"Tursko-albanski lov na vje\u0161tice"},"content":{"rendered":"<p>&#8220;FET\u00d6 djeluje u Albaniji, traju pregovori da ga se uni\u0161ti&#8221;, borbeno <a href=\"http:\/\/www.balkaneu.com\/fetos-structure-albania-negotiations-turkey-destroy\/\" target=\"_blank\">najavljuje<\/a> jedan regionalni portal. Zaklju\u010dak je to sastanka koji su nedavno u Ankari odr\u017eali turski i albanski ministri vanjskih poslova Mevl\u00fct \u00c7avu\u015fo\u011flu i Ditmir Bushati. Doma\u0107in je, saznajemo iz medija, svojeg kolegu detaljno upoznao s do tad nepoznatim podatkom da u njegovoj zemlji djeluje opasna teroristi\u010dka organizacija. No tko ili \u0161to je FET\u00d6 i kako su albanskim vlastima do sad promaknule njezine teroristi\u010dke aktivnosti? Kratica je zapravo proizvod turskih tajnih slu\u017ebi i re\u017eimskih medija, a trebala bi ozna\u010davati &#8220;Fethullahisti\u010dku teroristi\u010dku organizaciju&#8221;.<\/p>\n<p>Nikakva organizacija pod tim imenom dakako nikada nije postojala, a FET\u00d6 je samo oznaka koju turski re\u017eim koristi za vlastite kadrove lojalne svom disidentu Fethullahu G\u00fclenu. Isti kadrovi su proteklih godina bili klju\u010dni u re\u017eimskim \u010distkama ostalih protivnika predsjednika Recepa Tayyipa Erdo\u011fana. Zbog svojih bliskih veza s ameri\u010dkim slu\u017ebama i dobre ukorijenjenosti u ultrakonzervativne vjerske i kulturne strukture u Turskoj, G\u00fclen je Erdo\u011fanu bio va\u017ean saveznik. Stoga je turska vlada godinama aktivno promovirala \u0161irenje G\u00fclenove mre\u017ee obrazovnih i drugih institucija, ne samo u Turskoj, ve\u0107 i po Zapadu i osobito \u2013 na Balkanu.<\/p>\n<p><strong>Pravne prepreke<\/strong><\/p>\n<p>No odnos dvojice ultrakonzervativnih islamista u me\u0111uvremenu se znatno pogor\u0161ao. Naime, tijekom 2013. godine, G\u00fclenovi su kadrovi u sudstvu uz podr\u0161ku G\u00fclenovih medija zapo\u010deli agresivnu antikorupcijsku kampanju koja je ciljala dijelove Erdo\u011fanove Stranke pravde i razvoja (AKP). Bliski je saveznik stoga postao dio nove i do tad neotkrivene &#8220;teroristi\u010dke organizacije&#8221;. Sve se dodatno zao\u0161trilo u srpnju ove godine kada je AKP G\u00fclena optu\u017eio za poku\u0161aj organiziranja pu\u010da, uz vrlo slabe dokaze. Otada, turski re\u017eim poku\u0161ava nagovoriti i sve ostale zemlje da progone G\u00fclenove sljedbenike kao teroriste.<\/p>\n<p>Posebno se to odnosi na SAD u kojima se nalazi i Fethullah G\u00fclen. No sve je to bez uspjeha, jer ni jedna druga zemlja ne priznaju postojanje nekakvog &#8220;FET\u00d6-a&#8221;. To\u010dnije, ni jedna sna\u017enija zemlja, jer je turski pritisak urodio plodom jedino u pojedinim balkanskim zemljama poput Bugarske i Albanije. &#8220;Dijelimo stajali\u0161te Turske i podupiremo ih u ovom pitanju [&#8230;] \u0161to se ti\u010de pravne procedure, sura\u0111ujemo s turskom vladom da prevladamo sve prepreke&#8221;, izjavio je Bushati u Ankari. Drugim rije\u010dima, pravne procedure mogu kroz prozor jer je tako tra\u017eila Turska. Bizarni moment u cijeloj pri\u010di je dakako \u010dinjenica da je sve G\u00fclenove institucije u Albaniji otvorila upravo turska dr\u017eava, uz iste pritiske koje koristi i sada.<\/p>\n","protected":false},"excerpt":{"rendered":"<p>&#8220;FET\u00d6 djeluje u Albaniji, traju pregovori da ga se uni\u0161ti&#8221;, borbeno najavljuje jedan regionalni portal. Zaklju\u010dak je to sastanka koji su nedavno u Ankari odr\u017eali turski i albanski ministri vanjskih poslova Mevl\u00fct \u00c7avu\u015fo\u011flu i Ditmir Bushati&#8230;<\/p>\n","protected":false},"author":10,"featured_media":15664,"comment_status":"closed","ping_status":"closed","sticky":false,"template":"","format":"standard","meta":{"footnotes":""},"categories":[],"tags":[234],"theme":[],"country":[65],"articleformat":[205],"coauthors":[16],"class_list":["post-15663","post","type-post","status-publish","format-standard","has-post-thumbnail","hentry","tag-turska","country-albanija","articleformat-vijest"],"_links":{"self":[{"href":"https:\/\/www.bilten.org\/index.php?rest_route=\/wp\/v2\/posts\/15663","targetHints":{"allow":["GET"]}}],"collection":[{"href":"https:\/\/www.bilten.org\/index.php?rest_route=\/wp\/v2\/posts"}],"about":[{"href":"https:\/\/www.bilten.org\/index.php?rest_route=\/wp\/v2\/types\/post"}],"author":[{"embeddable":true,"href":"https:\/\/www.bilten.org\/index.php?rest_route=\/wp\/v2\/users\/10"}],"replies":[{"embeddable":true,"href":"https:\/\/www.bilten.org\/index.php?rest_route=%2Fwp%2Fv2%2Fcomments&post=15663"}],"version-history":[{"count":3,"href":"https:\/\/www.bilten.org\/index.php?rest_route=\/wp\/v2\/posts\/15663\/revisions"}],"predecessor-version":[{"id":15667,"href":"https:\/\/www.bilten.org\/index.php?rest_route=\/wp\/v2\/posts\/15663\/revisions\/15667"}],"wp:featuredmedia":[{"embeddable":true,"href":"https:\/\/www.bilten.org\/index.php?rest_route=\/wp\/v2\/media\/15664"}],"wp:attachment":[{"href":"https:\/\/www.bilten.org\/index.php?rest_route=%2Fwp%2Fv2%2Fmedia&parent=15663"}],"wp:term":[{"taxonomy":"category","embeddable":true,"href":"https:\/\/www.bilten.org\/index.php?rest_route=%2Fwp%2Fv2%2Fcategories&post=15663"},{"taxonomy":"post_tag","embeddable":true,"href":"https:\/\/www.bilten.org\/index.php?rest_route=%2Fwp%2Fv2%2Ftags&post=15663"},{"taxonomy":"theme","embeddable":true,"href":"https:\/\/www.bilten.org\/index.php?rest_route=%2Fwp%2Fv2%2Ftheme&post=15663"},{"taxonomy":"country","embeddable":true,"href":"https:\/\/www.bilten.org\/index.php?rest_route=%2Fwp%2Fv2%2Fcountry&post=15663"},{"taxonomy":"articleformat","embeddable":true,"href":"https:\/\/www.bilten.org\/index.php?rest_route=%2Fwp%2Fv2%2Farticleformat&post=15663"},{"taxonomy":"author","embeddable":true,"href":"https:\/\/www.bilten.org\/index.php?rest_route=%2Fwp%2Fv2%2Fcoauthors&post=15663"}],"curies":[{"name":"wp","href":"https:\/\/api.w.org\/{rel}","templated":true}]}}