{"id":15580,"date":"2016-10-21T10:42:41","date_gmt":"2016-10-21T09:42:41","guid":{"rendered":"http:\/\/www.bilten.org\/?p=15580"},"modified":"2016-10-21T10:46:05","modified_gmt":"2016-10-21T09:46:05","slug":"general-schauble","status":"publish","type":"post","link":"https:\/\/www.bilten.org\/?p=15580","title":{"rendered":"General Sch\u00e4uble"},"content":{"rendered":"<p>Nakon burnog prolje\u0107a 2015. i &#8220;gr\u010dke drame&#8221; u pregovorima izme\u0111u Sirizine vlade i predstavnike notorne Trojke, danas se bez imalo oklijevanja da ustvrditi da su javnu slavu stekle tek dvije dramske figure, \u0161to dovoljno govori i o politi\u010dkoj prirodi samog procesa, kao i o njegovom epilogu. Tu je, naravno, biv\u0161i gr\u010dki ministar financija, Janis Varufakis, koji polugodi\u0161nji proboj iz akademije u visoku politiku nastoji kapitalizirati kroz novi medijsko-politi\u010dki projekt, DiEM25.<\/p>\n<p>S druge strane je Wolfgang\u00a0Sch\u00e4uble, njema\u010dki ministar financija, koji je u pregovorima zaslu\u017eio reputaciju beskompromisnog i okrutnog \u010duvara evropske &#8220;ekonomske realnosti&#8221; od gr\u010dkog eksperimenta. Toj reputaciji je pridonio i sam Varufakis kroz niz usput doziranih\u00a0<em>leakova\u00a0<\/em>iz pregovara\u010dkog procesa.\u00a0Sch\u00e4ubleovo hladnokrvno odbijanje bilo kakvog rje\u0161enja gr\u010dke krize na evropskoj razini kooperacije i solidarnosti, \u010dak i pod cijenu izbacivanja Gr\u010dke iz eurozone, s nekim je njegovim novim idejama zadobilo sasvim nove dimenzije.<\/p>\n<p>Naime, kako izvje\u0161tava <em>Financial Times<\/em>, na <a href=\"https:\/\/www.ft.com\/content\/a20e8ade-9554-11e6-a1dc-bdf38d484582\" target=\"_blank\">predavanju<\/a> pred jednim <em>think thankom<\/em>, odr\u017eanom prije koji dan u Berlinu,\u00a0Sch\u00e4uble je iznio ideju o zajedni\u010dkom evropskom vojnom prora\u010dunu. Oslanjaju\u0107i svoju ideju na kontekst uzdrmane, postbrexitovske Evrope i cijelog niza geopoliti\u010dkih nestabilnosti,\u00a0Sch\u00e4uble je slavodobitno predstavio izra\u010dun po kojem bi taj prora\u010dun prema\u0161ivao vojni prora\u010dun nove\/stare prijetnje s Istoka &#8211; Rusije. Premda i sam\u00a0Sch\u00e4uble isti\u010de da se radi o ideji koja je daleko od bilo kakve realizacije, \u010dinjenica da se ministar financija najmo\u0107nije \u010dlanice Unije bavi vojno-geopoliti\u010dkim kalkulacija dovoljan je indikator stanja te iste Unije. Dok unutar vlastitog resora odbija bilo kakav zajedni\u010dki prora\u010dun i koordiniranu sanaciju dugova, vojno zajedni\u0161tvo mu je itekako intrigantno.<\/p>\n","protected":false},"excerpt":{"rendered":"<p>Nakon burnog prolje\u0107a 2015. i &#8220;gr\u010dke drame&#8221; u pregovorima izme\u0111u Sirizine vlade i predstavnike notorne Trojke, danas se bez imalo oklijevanja da ustvrditi da su javnu slavu stekle tek dvije dramske figure, \u0161to dovoljno govori i o politi\u010dkoj prirodi samog procesa, kao i o njegovom epilogu. Tu je, naravno, biv\u0161i gr\u010dki ministar financija, Janis Varufakis, [&hellip;]<\/p>\n","protected":false},"author":5,"featured_media":15582,"comment_status":"closed","ping_status":"closed","sticky":false,"template":"","format":"standard","meta":{"footnotes":""},"categories":[],"tags":[243],"theme":[456],"country":[],"articleformat":[205],"coauthors":[16],"class_list":["post-15580","post","type-post","status-publish","format-standard","has-post-thumbnail","hentry","tag-eu","theme-politika","articleformat-vijest"],"_links":{"self":[{"href":"https:\/\/www.bilten.org\/index.php?rest_route=\/wp\/v2\/posts\/15580","targetHints":{"allow":["GET"]}}],"collection":[{"href":"https:\/\/www.bilten.org\/index.php?rest_route=\/wp\/v2\/posts"}],"about":[{"href":"https:\/\/www.bilten.org\/index.php?rest_route=\/wp\/v2\/types\/post"}],"author":[{"embeddable":true,"href":"https:\/\/www.bilten.org\/index.php?rest_route=\/wp\/v2\/users\/5"}],"replies":[{"embeddable":true,"href":"https:\/\/www.bilten.org\/index.php?rest_route=%2Fwp%2Fv2%2Fcomments&post=15580"}],"version-history":[{"count":1,"href":"https:\/\/www.bilten.org\/index.php?rest_route=\/wp\/v2\/posts\/15580\/revisions"}],"predecessor-version":[{"id":15581,"href":"https:\/\/www.bilten.org\/index.php?rest_route=\/wp\/v2\/posts\/15580\/revisions\/15581"}],"wp:featuredmedia":[{"embeddable":true,"href":"https:\/\/www.bilten.org\/index.php?rest_route=\/wp\/v2\/media\/15582"}],"wp:attachment":[{"href":"https:\/\/www.bilten.org\/index.php?rest_route=%2Fwp%2Fv2%2Fmedia&parent=15580"}],"wp:term":[{"taxonomy":"category","embeddable":true,"href":"https:\/\/www.bilten.org\/index.php?rest_route=%2Fwp%2Fv2%2Fcategories&post=15580"},{"taxonomy":"post_tag","embeddable":true,"href":"https:\/\/www.bilten.org\/index.php?rest_route=%2Fwp%2Fv2%2Ftags&post=15580"},{"taxonomy":"theme","embeddable":true,"href":"https:\/\/www.bilten.org\/index.php?rest_route=%2Fwp%2Fv2%2Ftheme&post=15580"},{"taxonomy":"country","embeddable":true,"href":"https:\/\/www.bilten.org\/index.php?rest_route=%2Fwp%2Fv2%2Fcountry&post=15580"},{"taxonomy":"articleformat","embeddable":true,"href":"https:\/\/www.bilten.org\/index.php?rest_route=%2Fwp%2Fv2%2Farticleformat&post=15580"},{"taxonomy":"author","embeddable":true,"href":"https:\/\/www.bilten.org\/index.php?rest_route=%2Fwp%2Fv2%2Fcoauthors&post=15580"}],"curies":[{"name":"wp","href":"https:\/\/api.w.org\/{rel}","templated":true}]}}