{"id":15527,"date":"2016-10-18T15:41:28","date_gmt":"2016-10-18T14:41:28","guid":{"rendered":"http:\/\/www.bilten.org\/?p=15527"},"modified":"2016-10-18T15:41:28","modified_gmt":"2016-10-18T14:41:28","slug":"sve-veci-broj-nepravilnosti-na-unizg-i-vizija-dobrobiti-studenata","status":"publish","type":"post","link":"https:\/\/www.bilten.org\/?p=15527","title":{"rendered":"Sve ve\u0107i broj nepravilnosti na UNIZG i vizija &#8220;dobrobiti studenata&#8221;"},"content":{"rendered":"<p>Na plenumu Tekstilno-tehnolo\u0161kog fakulteta (TTF) Sveu\u010dili\u0161ta u Zagrebu, odr\u017eanog u ponedjeljak, izglasana je blokada Fakultetskog vije\u0107a (31. oktobra). Studenti tra\u017ee <a href=\"http:\/\/m.srednja.hr\/Studenti\/Vijesti\/Teske-optuzbe-studenata-TTF-a-na-racun-dekanice-ona-ih-odbacuje-i-najavljuje-da-nece-dati-ostavku\" target=\"_blank\">ostavku<\/a> cijele aktualne dekanske ekipe koju optu\u017euju za niz nezakonitosti, poput sumnje u korupciju i nepravilnosti u poslovanju, zatim sumnje na nepravilnosti pri knji\u017eenju \u0161kolarina, pa i nepravilnosti u bilje\u017eenju studentskih uspjeha, kao i neisplatu honorara studentima za <a href=\"http:\/\/www.index.hr\/vijesti\/clanak\/pobuna-na-tekstilnotehnoloskom-fakultetu-dekanica-zabranila-plenum-pa-je-odrzan-ispred-fakulteta\/924988.aspx\" target=\"_blank\">odra\u0111ene poslove<\/a>.<\/p>\n<p>Nezadovoljstvo studenata ovog fakulteta po\u010delo je u svibnju 2016. godine, kada su apsolventima oduzeti indeksi pod izlikom provo\u0111enja istra\u017eivanja kako bi im se &#8220;protuzakonito i bez njihovog znanja upisao pad predmeta na kraju akademske godine&#8221;. Oni kontinuirano ukazuju na kr\u0161enje Statuta Sveu\u010dili\u0161ta u Zagrebu i kao statuta i pravilnika fakulteta tokom cijelog mandata aktualne dekanice. Osim nedopu\u0161tenog otu\u0111ivanja indeksa od studenata, nije jasno ni za\u0161to se u <a href=\"http:\/\/www.isvu.hr\/javno\/hr\/index.shtml\" target=\"_blank\">ISVU sustavu<\/a>, elektroni\u010dkom mehanizmu pra\u0107enja studentskih prava i obveza, nisu zabilje\u017eene pla\u0107ene \u0161kolarine. Ovo dakako, smatraju studenti, upu\u0107uje na nelegalan na\u010din baratanja \u0161kolarina. Nadalje, da ne\u0161to &#8220;ne \u0161tima&#8221; na TTF-u pokazuje i o\u010ditovanje Sveu\u010dili\u0161ta u Zagrebu u kojem stoji da su &#8220;svjesni svih protuzakonitih postupaka&#8221; uprave fakulteta koje smatraju u\u010dinjenima za dobrobit studenata.<\/p>\n<p>Posebno je pitanje, kako to da jo\u0161 uop\u0107e postoje \u0161kolarine ako od 2009. godine Ministarstvo obrazovanja znanosti i sporta uz pomo\u0107 Vlade Republike Hrvatske tvrdi da studenti u Hrvatskoj besplatno studiraju? Ako Vlada ne pokriva tro\u0161kove studiranja za studente koji pla\u0107aju \u0161kolarine, tko financira njihovo zdravstveno osiguranje i druga prava iz studentskog standarda? Koliki je uop\u0107e to\u010dan broj studenata upisanih na Sveu\u010dili\u0161te u Zagrebu? Kako ISVU bilje\u017ei razliku izme\u0111u &#8220;legalno&#8221; i &#8220;nelegalno&#8221; upisanih studenata? Ako Vlada pak pokriva prava &#8220;ilegalno&#8221; upisanih studenata za\u0161to se jo\u0161 uz to dodatno napla\u0107uju i \u0161kolarine, odnosno za\u0161to se ista stvar pla\u0107a dva puta?<\/p>\n<p>Posebno je zanimljivo kako se plenumi pokazuju naju\u010dinkovitijim na\u010dinom organiziranja studenata, bilo da se radi o politi\u010dkim zahtjevima poput onih koje iznose studenti i profesori sa Filozofskog fakulteta istog sveu\u010dili\u0161ta, okupljeni u Inicijativu Akademske solidarnosti, ili kada se radi o strogo internim pitanjima rada samih fakulteta kao ustrojbenih jedinica Sveu\u010dili\u0161ta. Pred studentima je \u010dini se jo\u0161 jedno zanimljivo razdoblje, a njihove zahtjeve kao i metode borbe nije vi\u0161e mogu\u0107e odbaciti uz klevetu i diskvalifikaciju. Oni su \u010dini se, jedini dio akademske zajednice koji poku\u0161ava otkriti brojne nepravilnosti godinama &#8220;metene pod tepih&#8221;. A rektor Damir Boras i njegova prorektorska ekipa \u010dini se pod svaku cijenu svoje karijere \u017eeli <a href=\"http:\/\/www.portalnovosti.com\/vladavina-staraca\" target=\"_blank\">zavr\u0161iti<\/a> jo\u0161 jednim u nizu skandala popra\u0107enih zasad neotkrivenim nepravilnostima.<\/p>\n","protected":false},"excerpt":{"rendered":"<p>Na plenumu Tekstilno-tehnolo\u0161kog fakulteta (TTF) Sveu\u010dili\u0161ta u Zagrebu, odr\u017eanog u ponedjeljak, izglasana je blokada Fakultetskog vije\u0107a (31. oktobra). Studenti tra\u017ee ostavku cijele aktualne dekanske ekipe koju optu\u017euju za niz nezakonitosti, poput sumnje u korupciju i nepravilnosti u poslovanju, zatim sumnje na nepravilnosti pri knji\u017eenju \u0161kolarina, pa i nepravilnosti u bilje\u017eenju studentskih uspjeha, kao i neisplatu [&hellip;]<\/p>\n","protected":false},"author":4,"featured_media":15528,"comment_status":"closed","ping_status":"closed","sticky":false,"template":"","format":"standard","meta":{"footnotes":""},"categories":[],"tags":[63],"theme":[458],"country":[38],"articleformat":[205],"coauthors":[16],"class_list":["post-15527","post","type-post","status-publish","format-standard","has-post-thumbnail","hentry","tag-obrazovanje","theme-drustvo","country-hrvatska","articleformat-vijest"],"_links":{"self":[{"href":"https:\/\/www.bilten.org\/index.php?rest_route=\/wp\/v2\/posts\/15527","targetHints":{"allow":["GET"]}}],"collection":[{"href":"https:\/\/www.bilten.org\/index.php?rest_route=\/wp\/v2\/posts"}],"about":[{"href":"https:\/\/www.bilten.org\/index.php?rest_route=\/wp\/v2\/types\/post"}],"author":[{"embeddable":true,"href":"https:\/\/www.bilten.org\/index.php?rest_route=\/wp\/v2\/users\/4"}],"replies":[{"embeddable":true,"href":"https:\/\/www.bilten.org\/index.php?rest_route=%2Fwp%2Fv2%2Fcomments&post=15527"}],"version-history":[{"count":1,"href":"https:\/\/www.bilten.org\/index.php?rest_route=\/wp\/v2\/posts\/15527\/revisions"}],"predecessor-version":[{"id":15529,"href":"https:\/\/www.bilten.org\/index.php?rest_route=\/wp\/v2\/posts\/15527\/revisions\/15529"}],"wp:featuredmedia":[{"embeddable":true,"href":"https:\/\/www.bilten.org\/index.php?rest_route=\/wp\/v2\/media\/15528"}],"wp:attachment":[{"href":"https:\/\/www.bilten.org\/index.php?rest_route=%2Fwp%2Fv2%2Fmedia&parent=15527"}],"wp:term":[{"taxonomy":"category","embeddable":true,"href":"https:\/\/www.bilten.org\/index.php?rest_route=%2Fwp%2Fv2%2Fcategories&post=15527"},{"taxonomy":"post_tag","embeddable":true,"href":"https:\/\/www.bilten.org\/index.php?rest_route=%2Fwp%2Fv2%2Ftags&post=15527"},{"taxonomy":"theme","embeddable":true,"href":"https:\/\/www.bilten.org\/index.php?rest_route=%2Fwp%2Fv2%2Ftheme&post=15527"},{"taxonomy":"country","embeddable":true,"href":"https:\/\/www.bilten.org\/index.php?rest_route=%2Fwp%2Fv2%2Fcountry&post=15527"},{"taxonomy":"articleformat","embeddable":true,"href":"https:\/\/www.bilten.org\/index.php?rest_route=%2Fwp%2Fv2%2Farticleformat&post=15527"},{"taxonomy":"author","embeddable":true,"href":"https:\/\/www.bilten.org\/index.php?rest_route=%2Fwp%2Fv2%2Fcoauthors&post=15527"}],"curies":[{"name":"wp","href":"https:\/\/api.w.org\/{rel}","templated":true}]}}