{"id":15434,"date":"2016-10-13T14:05:02","date_gmt":"2016-10-13T13:05:02","guid":{"rendered":"http:\/\/www.bilten.org\/?p=15434"},"modified":"2016-10-13T14:05:02","modified_gmt":"2016-10-13T13:05:02","slug":"presuceni-uzroci-zagadenja","status":"publish","type":"post","link":"https:\/\/www.bilten.org\/?p=15434","title":{"rendered":"Pre\u0161u\u0107eni uzroci zaga\u0111enja"},"content":{"rendered":"<p>Prema pro\u0161lotjednom izvje\u0161taju koje je objavila Europska agencija za okoli\u0161, Sofija je najzaga\u0111eniji glavni grad u Uniji. Ti rezultati ne iznena\u0111uju, jer sli\u010dan status ne samo Sofija, ve\u0107 i cijela Bugarska, imaju ve\u0107 godinama, i to po mjerenjima i drugih institucija, poput Svjetske zdravstvene organizacije (WHO), pogotovo kada se radi o zaga\u0111enju zraka. S obzirom da je rije\u010d o tipu zaga\u0111enja koji ima ozbiljne zdravstvene posljedice po stanovni\u0161tvo (osobito u smislu kardio-vaskularnih, reproduktivnih i bolesti nervnog sustava), od kojih prema procjenama udruga pacijenata godi\u0161nje umire izme\u0111u 14 i 18 tisu\u0107a ljudi, bugarske su institucije najavile postavljanje mehanizama sustavnog mjerenja kvalitete zraka koji bi trebali sakupljati podatke nu\u017ene za uspostavu politika saniranja \u0161tete.<\/p>\n<p>Kao uzroci ovog zaga\u0111enja uglavnom se identificiraju dva izvora \u2013 gradski promet, odnosno automobili, i sustav grijanja u velikim gradovima. Sofija, naravno, kao ni Bugarska u cjelini, nema vi\u0161e automobila nego drugi gradovi i zemlje sli\u010dne veli\u010dine. No njihova prosje\u010dna dob znatno je vi\u0161a. Uz to, sustav javnog transporta u te\u0161koj je krizi, \u0161to prisiljava sve vi\u0161e stanovnika da se za prijevoz snalaze privatnim vozilima slabe kvalitete. Sli\u010dno je sa sustavom grijanja. Dramati\u010dki porast cijene javnih sustava toplana kao i plina u cjelini prisiljava sve vi\u0161e stanovnika da se okre\u0107u grijanju na drva ili \u010dak ugljen, \u0161to je sve doprinijelo dramati\u010dnom pogor\u0161anju kvalitete zraka u zemlji, i to unato\u010d tome \u0161to je te\u0161ka industrija, raniji najve\u0107i zaga\u0111iva\u010d, uglavnom propala.<\/p>\n<p>Ukratko, gotovo svi se problemi zaga\u0111enja zraka u osnovi mogu svesti na rastu\u0107e siroma\u0161tvo u ovoj zemlji. A to je problem koji se te\u0161ko mo\u017ee rije\u0161iti &#8220;podizanjem svijesti&#8221; ili pa\u017eljivijim mjerenjem.<\/p>\n","protected":false},"excerpt":{"rendered":"<p>Prema pro\u0161lotjednom izvje\u0161taju koje je objavila Europska agencija za okoli\u0161, Sofija je najzaga\u0111eniji glavni grad u Uniji. Ti rezultati ne iznena\u0111uju, jer sli\u010dan status ne samo Sofija, ve\u0107 i cijela Bugarska, imaju ve\u0107 godinama&#8230;<\/p>\n","protected":false},"author":10,"featured_media":15435,"comment_status":"closed","ping_status":"closed","sticky":false,"template":"","format":"standard","meta":{"footnotes":""},"categories":[],"tags":[182],"theme":[457],"country":[48],"articleformat":[205],"coauthors":[16],"class_list":["post-15434","post","type-post","status-publish","format-standard","has-post-thumbnail","hentry","tag-okolis","theme-klima","country-bugarska","articleformat-vijest"],"_links":{"self":[{"href":"https:\/\/www.bilten.org\/index.php?rest_route=\/wp\/v2\/posts\/15434","targetHints":{"allow":["GET"]}}],"collection":[{"href":"https:\/\/www.bilten.org\/index.php?rest_route=\/wp\/v2\/posts"}],"about":[{"href":"https:\/\/www.bilten.org\/index.php?rest_route=\/wp\/v2\/types\/post"}],"author":[{"embeddable":true,"href":"https:\/\/www.bilten.org\/index.php?rest_route=\/wp\/v2\/users\/10"}],"replies":[{"embeddable":true,"href":"https:\/\/www.bilten.org\/index.php?rest_route=%2Fwp%2Fv2%2Fcomments&post=15434"}],"version-history":[{"count":1,"href":"https:\/\/www.bilten.org\/index.php?rest_route=\/wp\/v2\/posts\/15434\/revisions"}],"predecessor-version":[{"id":15436,"href":"https:\/\/www.bilten.org\/index.php?rest_route=\/wp\/v2\/posts\/15434\/revisions\/15436"}],"wp:featuredmedia":[{"embeddable":true,"href":"https:\/\/www.bilten.org\/index.php?rest_route=\/wp\/v2\/media\/15435"}],"wp:attachment":[{"href":"https:\/\/www.bilten.org\/index.php?rest_route=%2Fwp%2Fv2%2Fmedia&parent=15434"}],"wp:term":[{"taxonomy":"category","embeddable":true,"href":"https:\/\/www.bilten.org\/index.php?rest_route=%2Fwp%2Fv2%2Fcategories&post=15434"},{"taxonomy":"post_tag","embeddable":true,"href":"https:\/\/www.bilten.org\/index.php?rest_route=%2Fwp%2Fv2%2Ftags&post=15434"},{"taxonomy":"theme","embeddable":true,"href":"https:\/\/www.bilten.org\/index.php?rest_route=%2Fwp%2Fv2%2Ftheme&post=15434"},{"taxonomy":"country","embeddable":true,"href":"https:\/\/www.bilten.org\/index.php?rest_route=%2Fwp%2Fv2%2Fcountry&post=15434"},{"taxonomy":"articleformat","embeddable":true,"href":"https:\/\/www.bilten.org\/index.php?rest_route=%2Fwp%2Fv2%2Farticleformat&post=15434"},{"taxonomy":"author","embeddable":true,"href":"https:\/\/www.bilten.org\/index.php?rest_route=%2Fwp%2Fv2%2Fcoauthors&post=15434"}],"curies":[{"name":"wp","href":"https:\/\/api.w.org\/{rel}","templated":true}]}}