{"id":15404,"date":"2016-10-12T09:40:20","date_gmt":"2016-10-12T08:40:20","guid":{"rendered":"http:\/\/www.bilten.org\/?p=15404"},"modified":"2016-10-12T10:36:45","modified_gmt":"2016-10-12T09:36:45","slug":"zadnja-tocka-izdaja","status":"publish","type":"post","link":"https:\/\/www.bilten.org\/?p=15404","title":{"rendered":"Zadnja to\u010dka: izdaja"},"content":{"rendered":"<p>Te\u0161ko je zamisliti primjereniji kraj vlade Tihomira Ore\u0161kovi\u0107a od dnevnog reda dana\u0161nje, njene posljednje sjednice. Naime, <a href=\"http:\/\/hr.n1info.com\/a154962\/Vijesti\/Zadnja-tocka-zadnje-sjednice-Oreskoviceve-vlade-je-CETA.html\" target=\"_blank\">zadnja to\u010dka<\/a> otvorenog dijela sjednice ti\u010de se Prijedloga o pokretanju postupka za sklapanje Sveobuhvatnog ekonomskog i trgovinskog sporazuma izme\u0111u Europske unije i Kanade (CETA). Pored toga \u0161to je zgodan dramatur\u0161ki u\u010dinak da se kanadski menad\u017eer opra\u0161ta od hrvatske politike putem takvog sporazuma, puno je zanimljivija dimenzija koja sasvim irelevantnim \u010dini glavni razlog raspu\u0161tanja te vlade. Kao \u0161to \u010dini i Mostov kredibilitet potpuno iscrpljenim.<\/p>\n<p>CETA je zapravo pandan drugom, poznatijem <a href=\"http:\/\/lemondediplomatique.hr\/ttip-deset-prijetnji-europljanima\/\" target=\"_blank\">trgovinskom sporazumu<\/a> koji je uslijed prosvjeda i sna\u017enih izraza otpora zapravo manje-vi\u0161e stavljen po strani. Radi se o Transantlantskom sporazumu o trgovini i investicijama (TTIP) koji su trebali potpisati Evropska unija i Sjedinjene Ameri\u010dke Dr\u017eave. Sve ono \u0161to je uklju\u010divao TTIP, uklju\u010duje i CETA. Izme\u0111u ostalog, poguban u\u010dinak na radna prava i potro\u0161a\u010dke standarde, zaobila\u017eenje ekolo\u0161kih regulativa i privilegiranja investitora u odnosu na dr\u017eave uspostavom pravnih mehanizama po kojima kompanije mogu tu\u017eiti dr\u017eave zbog bilo kakvog oblika ugro\u017eavanja profitabilnosti. Pored toga, CETA slu\u017ei i kao na\u010din da se sanira &#8220;\u0161teta&#8221; u\u010dinjena odbacivanjem TTIP-a: ameri\u010dkoj kompaniji je dovoljno da ima u vlasni\u0161tvu tvrtku-k\u0107er u Kanadi da mo\u017ee pokrenuti spor protiv nacionalne dr\u017eave koja joj nekim oblikom regulative, npr. porezima ili radnim zakonodavstvom, ugro\u017eava profitabilnost.<\/p>\n<p>Sad se prisjetimo razloga raspada Ore\u0161kovi\u0107eve vlade i navodno nepokolobljivog politi\u010dko-moralnog stava Mosta i njegova \u010delnika Bo\u017ee Petrova u tom procesu. Biv\u0161i predsjednik HDZ-a i biv\u0161i potpredsjednik vlade, Tomislav Karamarko, bio je optu\u017een da je pogodovao interesima MOL-a, dakle stranoj kompaniji, u slu\u010daju INA-e. Most i Petrov su cijelu stvar predstavili kao neoprostivu izdaju nacionalnih interesa, premda pritom nisu bili u stanju artikulirati \u0161to bi to bili ti nacionalni interesi. E da bi mandat zavr\u0161ili sa CETA-om, sporazumom \u010dija je jedna od klju\u010dnih funkcija eliminacija bilo kakvih nacionalnih ili javnih interesa, kao i op\u0107enito suverenosti dr\u017eava u odnosu na multinacionalne kompanije. Dok je Karamarko za sitnu proviziju zastupao interese jedne strane kompanije, Most bez ikakve zadr\u0161ke sudjeluje u procesu ozakonjenja privilegiranog statusa stranih kompanija u odnosu na javni interes. \u0160to je najtragi\u010dnije, oni to vjerojatno uop\u0107e i ne shva\u0107aju.<\/p>\n","protected":false},"excerpt":{"rendered":"<p>Te\u0161ko je zamisliti primjereniji kraj vlade Tihomira Ore\u0161kovi\u0107a od dnevnog reda dana\u0161nje, njene posljednje sjednice. Naime, zadnja to\u010dka otvorenog dijela sjednice ti\u010de se Prijedloga o pokretanju postupka za sklapanje Sveobuhvatnog ekonomskog i trgovinskog sporazuma izme\u0111u Europske unije i Kanade (CETA). Pored toga \u0161to je zgodan dramatur\u0161ki u\u010dinak da se kanadski menad\u017eer opra\u0161ta od hrvatske politike [&hellip;]<\/p>\n","protected":false},"author":5,"featured_media":15406,"comment_status":"closed","ping_status":"closed","sticky":false,"template":"","format":"standard","meta":{"footnotes":""},"categories":[],"tags":[228],"theme":[455],"country":[38],"articleformat":[205],"coauthors":[16],"class_list":["post-15404","post","type-post","status-publish","format-standard","has-post-thumbnail","hentry","tag-ekonomija","theme-rad","country-hrvatska","articleformat-vijest"],"_links":{"self":[{"href":"https:\/\/www.bilten.org\/index.php?rest_route=\/wp\/v2\/posts\/15404","targetHints":{"allow":["GET"]}}],"collection":[{"href":"https:\/\/www.bilten.org\/index.php?rest_route=\/wp\/v2\/posts"}],"about":[{"href":"https:\/\/www.bilten.org\/index.php?rest_route=\/wp\/v2\/types\/post"}],"author":[{"embeddable":true,"href":"https:\/\/www.bilten.org\/index.php?rest_route=\/wp\/v2\/users\/5"}],"replies":[{"embeddable":true,"href":"https:\/\/www.bilten.org\/index.php?rest_route=%2Fwp%2Fv2%2Fcomments&post=15404"}],"version-history":[{"count":4,"href":"https:\/\/www.bilten.org\/index.php?rest_route=\/wp\/v2\/posts\/15404\/revisions"}],"predecessor-version":[{"id":15412,"href":"https:\/\/www.bilten.org\/index.php?rest_route=\/wp\/v2\/posts\/15404\/revisions\/15412"}],"wp:featuredmedia":[{"embeddable":true,"href":"https:\/\/www.bilten.org\/index.php?rest_route=\/wp\/v2\/media\/15406"}],"wp:attachment":[{"href":"https:\/\/www.bilten.org\/index.php?rest_route=%2Fwp%2Fv2%2Fmedia&parent=15404"}],"wp:term":[{"taxonomy":"category","embeddable":true,"href":"https:\/\/www.bilten.org\/index.php?rest_route=%2Fwp%2Fv2%2Fcategories&post=15404"},{"taxonomy":"post_tag","embeddable":true,"href":"https:\/\/www.bilten.org\/index.php?rest_route=%2Fwp%2Fv2%2Ftags&post=15404"},{"taxonomy":"theme","embeddable":true,"href":"https:\/\/www.bilten.org\/index.php?rest_route=%2Fwp%2Fv2%2Ftheme&post=15404"},{"taxonomy":"country","embeddable":true,"href":"https:\/\/www.bilten.org\/index.php?rest_route=%2Fwp%2Fv2%2Fcountry&post=15404"},{"taxonomy":"articleformat","embeddable":true,"href":"https:\/\/www.bilten.org\/index.php?rest_route=%2Fwp%2Fv2%2Farticleformat&post=15404"},{"taxonomy":"author","embeddable":true,"href":"https:\/\/www.bilten.org\/index.php?rest_route=%2Fwp%2Fv2%2Fcoauthors&post=15404"}],"curies":[{"name":"wp","href":"https:\/\/api.w.org\/{rel}","templated":true}]}}