{"id":15366,"date":"2016-10-11T10:14:32","date_gmt":"2016-10-11T09:14:32","guid":{"rendered":"http:\/\/www.bilten.org\/?p=15366"},"modified":"2016-10-11T10:19:15","modified_gmt":"2016-10-11T09:19:15","slug":"dedlajn-za-zivu-lovu","status":"publish","type":"post","link":"https:\/\/www.bilten.org\/?p=15366","title":{"rendered":"Dedlajn za \u017divu lovu"},"content":{"rendered":"<p>Postizborni raspad koalicije Jedina opcija, predvo\u0111ene \u017divim zidom, zasigurno spada u anale suvremenog parlamentarizma. Zametci raspada mogli su se uo\u010diti na samom po\u010detku ulaskom biv\u0161ih \u010dlanova Mosta predvo\u0111enih ekonomistom Ivanom Lovrinovi\u0107em u koaliciju. Njihova za tu prigodu osnovana stranka, Promijenimo Hrvatsku, iskoristila je glasa\u010dki potencijal \u017divog zida kako bi u\u0161la u Sabor i odmah se elegantno odmetnula. Ludilo koje se doga\u0111a u ostatku koalicije li\u0161ilo ih je optu\u017ebi za parazitizam i njihovom ljigavom \u0161lepanju priu\u0161tilo status racionalnog distanciranja.<\/p>\n<p>Sli\u010dan put je naknadno izabrao i u zati\u0161ju ga odradio jo\u0161 jedan \u010dlan koalicije. Kako donosi <a href=\"http:\/\/www.novilist.hr\/Vijesti\/Hrvatska\/Ne-prestaje-kaos-s-izbornih-lista-Zivog-zida-I-Goran-Aleksic-osnovao-svoju-stranku-SNAGA?meta_refresh=true\" target=\"_blank\">Novi list<\/a>, Goran Aleksi\u0107 koji je u Sabor u\u0161ao kao predstavnik Udruge Franak, osnovao je novu stranku. Naime, 3.10. je u Registar politi\u010dkih stranaka upisana SNAGA &#8211; Stranka narodnog i gra\u0111anskog aktivizma. Iza ovog nespretno sklepanog akronima krije se mehanizam za povla\u010denje prora\u010dunskog novca. Prema slovu zakonu, pravo na prora\u010dunsko financiranje imaju jedino stranke zastupljene u parlamentu na dan konstituiranja. Aleksi\u0107 i nepoznatih stotinu ljudi \u010diji su potpisi potrebni za osnivanje stranke su na vrijeme reagirali i tako si priskrbili otprilike 1,8 milijuna kuna za sljede\u0107e \u010detiri godine. Naravno, samim tim su ih uskratili i \u017divom zidu koji ih je lansirao zapravo u parlament. No, \u010dini se da \u017divom zidu na kraju mo\u017eda ne\u0107e ostati niti novac namijenjen \u017divom zidu.<\/p>\n<p>Na rasporedu je posljednja scena politi\u010dkog <em>slapsticka<\/em> u re\u017eiji vode\u0107ih figura \u017divog zida. Nakon \u0161to su demolirali stranku, nastoje preuzeti i prora\u010dunska sredstva &#8220;zaslu\u017eena&#8221; ulaskom u parlament. Dramatur\u0161ku dra\u017e daje utrka s vremenom. Sin\u010di\u0107, Pernar, Palfi i ekipa moraju do petka imati stranku upisanu u Registar. Prvi poku\u0161aj sa strankom &#8220;\u017divi zid Ivan Vilibor Sin\u010di\u0107&#8221; nije pro\u0161ao na Ministarstvu upravu zbog prevelike sli\u010dnosti s ve\u0107 postoje\u0107im \u017divim zidom. Stoga je u nedjelju osnovana nova stranka, naziva identi\u010dnog onome koalicije &#8211; Jedina opcija. Problema s ispunjavanjem formalnih zahtjeva vjerojatno ne bi trebalo biti, ali vremenski okvir im ne ide u prilog: Ministarstvo uprave ima zakonski rok da u roku od 30 dana odgovori na podneseni zahtjev, a Sabor se konstituira u petak. Preostaje za vidjeti ho\u0107e li birokracija zako\u010diti ovu politi\u010dku investiciju.<\/p>\n","protected":false},"excerpt":{"rendered":"<p>Postizborni raspad koalicije Jedina opcija, predvo\u0111ene \u017divim zidom, zasigurno spada u anale suvremenog parlamentarizma. Zametci raspada mogli su se uo\u010diti na samom po\u010detku ulaskom biv\u0161ih \u010dlanova Mosta predvo\u0111enih ekonomistom Ivanom Lovrinovi\u0107em u koaliciju. Njihova za tu prigodu osnovana stranka, Promijenimo Hrvatsku, iskoristila je glasa\u010dki potencijal \u017divog zida kako bi u\u0161la u Sabor i odmah se [&hellip;]<\/p>\n","protected":false},"author":5,"featured_media":15368,"comment_status":"closed","ping_status":"closed","sticky":false,"template":"","format":"standard","meta":{"footnotes":""},"categories":[],"tags":[12],"theme":[456],"country":[38],"articleformat":[205],"coauthors":[16],"class_list":["post-15366","post","type-post","status-publish","format-standard","has-post-thumbnail","hentry","tag-izbori","theme-politika","country-hrvatska","articleformat-vijest"],"_links":{"self":[{"href":"https:\/\/www.bilten.org\/index.php?rest_route=\/wp\/v2\/posts\/15366","targetHints":{"allow":["GET"]}}],"collection":[{"href":"https:\/\/www.bilten.org\/index.php?rest_route=\/wp\/v2\/posts"}],"about":[{"href":"https:\/\/www.bilten.org\/index.php?rest_route=\/wp\/v2\/types\/post"}],"author":[{"embeddable":true,"href":"https:\/\/www.bilten.org\/index.php?rest_route=\/wp\/v2\/users\/5"}],"replies":[{"embeddable":true,"href":"https:\/\/www.bilten.org\/index.php?rest_route=%2Fwp%2Fv2%2Fcomments&post=15366"}],"version-history":[{"count":4,"href":"https:\/\/www.bilten.org\/index.php?rest_route=\/wp\/v2\/posts\/15366\/revisions"}],"predecessor-version":[{"id":15371,"href":"https:\/\/www.bilten.org\/index.php?rest_route=\/wp\/v2\/posts\/15366\/revisions\/15371"}],"wp:featuredmedia":[{"embeddable":true,"href":"https:\/\/www.bilten.org\/index.php?rest_route=\/wp\/v2\/media\/15368"}],"wp:attachment":[{"href":"https:\/\/www.bilten.org\/index.php?rest_route=%2Fwp%2Fv2%2Fmedia&parent=15366"}],"wp:term":[{"taxonomy":"category","embeddable":true,"href":"https:\/\/www.bilten.org\/index.php?rest_route=%2Fwp%2Fv2%2Fcategories&post=15366"},{"taxonomy":"post_tag","embeddable":true,"href":"https:\/\/www.bilten.org\/index.php?rest_route=%2Fwp%2Fv2%2Ftags&post=15366"},{"taxonomy":"theme","embeddable":true,"href":"https:\/\/www.bilten.org\/index.php?rest_route=%2Fwp%2Fv2%2Ftheme&post=15366"},{"taxonomy":"country","embeddable":true,"href":"https:\/\/www.bilten.org\/index.php?rest_route=%2Fwp%2Fv2%2Fcountry&post=15366"},{"taxonomy":"articleformat","embeddable":true,"href":"https:\/\/www.bilten.org\/index.php?rest_route=%2Fwp%2Fv2%2Farticleformat&post=15366"},{"taxonomy":"author","embeddable":true,"href":"https:\/\/www.bilten.org\/index.php?rest_route=%2Fwp%2Fv2%2Fcoauthors&post=15366"}],"curies":[{"name":"wp","href":"https:\/\/api.w.org\/{rel}","templated":true}]}}