{"id":15363,"date":"2016-10-10T21:06:40","date_gmt":"2016-10-10T20:06:40","guid":{"rendered":"http:\/\/www.bilten.org\/?p=15363"},"modified":"2016-10-11T10:29:13","modified_gmt":"2016-10-11T09:29:13","slug":"sukob-poslednjih-na-svetu","status":"publish","type":"post","link":"https:\/\/www.bilten.org\/?p=15363","title":{"rendered":"Sukob &#8220;poslednjih na svetu&#8221;"},"content":{"rendered":"<p>Uo\u010di predsjedni\u010dkih izbori koji bi se u Srbiji trebali odr\u017eati sljede\u0107e godine, obnovljena su politi\u010dka iskrenja koja su u velikoj mjeri obilje\u017eila i period neposredno prije izvanrednih parlamentarnih izbora odr\u017eanih u aprilu. Naime, s obzirom na slabost opozicije, politi\u010dki konflikti u najve\u0107oj se mjeri odvijaju unutar vladaju\u0107e koalicije. Situacija i nije toliko neobi\u010dna, ako se zna da parlamentarnu ve\u0107inu \u010dine dvije najve\u0107e stranke i njihovi sateliti, koji zajedno dr\u017ee gotovo dvije tre\u0107ine poslani\u010dkih mjesta u Narodnoj skup\u0161tini. Vladaju\u0107im naprednjacima, Socijalisti\u010dka partija Srbije tako je istodobno glavni partner i najve\u0107i konkurent. Verbalni ratovi izme\u0111u relativno sporednih predstavnika dvije stranke zato \u010desto pune politi\u010dke rubrike srbijanskih medija bez da ozbiljnije dovode u pitanje stabilnost vlade.<\/p>\n<p>Posljednji od tih ratova, me\u0111utim, ne\u0161to je ozbiljniji. Njegovi su glavni akteri potpredsjednici vlade Zorana Mihajlovi\u0107 iz SNS-a i \u0161ef SPS-a Ivica Da\u010di\u0107. Sve je zapo\u010delo usputnim Da\u010di\u0107evim komentarom jednom beogradskog tabloidu o pripremama socijalista za predsjedni\u010dke izbore. Iako se spekulira kako bi upravo Da\u010di\u0107 mogao biti kandidat, on to uporno odbija potvrditi navode\u0107i, izme\u0111u ostalog, kako to ovisi o dogovoru u vladaju\u0107oj koaliciji. Nejasno je pritom nada li se Da\u010di\u0107 eventualnoj pre\u0161utnoj podr\u0161ci SNS-a ili pak samo poku\u0161ava izbje\u0107i konflikt koji bi njegovu stranku mogao izbaciti iz vlade. Jedino oko \u010dega je bio kategori\u010dan je to da SPS nikako ne mo\u017ee podr\u017eati Mihajlovi\u0107evu ako bi ona bila kandidat ve\u0107ine. Potpredsjednica vlade, koja se sama o\u010dito nada kandidaturi, odgovorila je kako je Da\u010di\u0107 &#8220;poslednji \u010dovek na svetu koji \u0107e se pitati o kandidatu SNS za predsednika&#8221;.<\/p>\n<p>O\u010dekivano, SPS je stvar dodatno zao\u0161trio odgovoriv\u0161i kako je &#8220;Zorana Mihajlovi\u0107 poslednji \u010dovek na svetu koga mo\u017eemo podr\u017eati kao zajedni\u010dkog predsedni\u010dkog kandidata&#8221;, oprezno me\u0111utim dodaju\u0107i kako &#8220;nemaju nameru da se me\u0161aju u to ko \u0107e biti predsedni\u010dki kandidat SNS-a&#8221;. Nervoza Da\u010di\u0107a i Mihajlovi\u0107eve o\u010dito proizlazi iz njihove izrazito nestabilne pozicije. Naime, strana\u010dka dinamika u Srbiji ima sve karakteristike &#8220;dvorske politike&#8221;: ambiciozni politi\u010dari mogu se povremeno me\u0111usobno podbadati u utrci za pojedine pozicije, ali svi zajedno moraju paziti da ne nagaze previsoko. Kao \u0161to naposljetku oboje stalno nagla\u0161avaju, tko \u0107e biti kandidat ve\u0107ine na predsjedni\u010dkim izborima odlu\u010duje premijer Aleksandar Vu\u010di\u0107. Po utjecaju na utrku za ceremonijalnu poziciju predsjednika republike, dvoje aspiranata na tu funkciju su o\u010dito \u2013 &#8220;poslednji ljudi na svetu&#8221;.<\/p>\n","protected":false},"excerpt":{"rendered":"<p>Uo\u010di predsjedni\u010dkih izbori koji bi se u Srbiji trebali odr\u017eati sljede\u0107e godine, obnovljena su politi\u010dka iskrenja koja su u velikoj mjeri obilje\u017eila i period neposredno prije izvanrednih parlamentarnih izbora odr\u017eanih u aprilu. Naime, s obzirom na slabost opozicije, politi\u010dki konflikti u najve\u0107oj se mjeri odvijaju unutar vladaju\u0107e koalicije&#8230;<\/p>\n","protected":false},"author":10,"featured_media":15364,"comment_status":"closed","ping_status":"closed","sticky":false,"template":"","format":"standard","meta":{"footnotes":""},"categories":[],"tags":[12],"theme":[456],"country":[11],"articleformat":[205],"coauthors":[16],"class_list":["post-15363","post","type-post","status-publish","format-standard","has-post-thumbnail","hentry","tag-izbori","theme-politika","country-srbija","articleformat-vijest"],"_links":{"self":[{"href":"https:\/\/www.bilten.org\/index.php?rest_route=\/wp\/v2\/posts\/15363","targetHints":{"allow":["GET"]}}],"collection":[{"href":"https:\/\/www.bilten.org\/index.php?rest_route=\/wp\/v2\/posts"}],"about":[{"href":"https:\/\/www.bilten.org\/index.php?rest_route=\/wp\/v2\/types\/post"}],"author":[{"embeddable":true,"href":"https:\/\/www.bilten.org\/index.php?rest_route=\/wp\/v2\/users\/10"}],"replies":[{"embeddable":true,"href":"https:\/\/www.bilten.org\/index.php?rest_route=%2Fwp%2Fv2%2Fcomments&post=15363"}],"version-history":[{"count":2,"href":"https:\/\/www.bilten.org\/index.php?rest_route=\/wp\/v2\/posts\/15363\/revisions"}],"predecessor-version":[{"id":15376,"href":"https:\/\/www.bilten.org\/index.php?rest_route=\/wp\/v2\/posts\/15363\/revisions\/15376"}],"wp:featuredmedia":[{"embeddable":true,"href":"https:\/\/www.bilten.org\/index.php?rest_route=\/wp\/v2\/media\/15364"}],"wp:attachment":[{"href":"https:\/\/www.bilten.org\/index.php?rest_route=%2Fwp%2Fv2%2Fmedia&parent=15363"}],"wp:term":[{"taxonomy":"category","embeddable":true,"href":"https:\/\/www.bilten.org\/index.php?rest_route=%2Fwp%2Fv2%2Fcategories&post=15363"},{"taxonomy":"post_tag","embeddable":true,"href":"https:\/\/www.bilten.org\/index.php?rest_route=%2Fwp%2Fv2%2Ftags&post=15363"},{"taxonomy":"theme","embeddable":true,"href":"https:\/\/www.bilten.org\/index.php?rest_route=%2Fwp%2Fv2%2Ftheme&post=15363"},{"taxonomy":"country","embeddable":true,"href":"https:\/\/www.bilten.org\/index.php?rest_route=%2Fwp%2Fv2%2Fcountry&post=15363"},{"taxonomy":"articleformat","embeddable":true,"href":"https:\/\/www.bilten.org\/index.php?rest_route=%2Fwp%2Fv2%2Farticleformat&post=15363"},{"taxonomy":"author","embeddable":true,"href":"https:\/\/www.bilten.org\/index.php?rest_route=%2Fwp%2Fv2%2Fcoauthors&post=15363"}],"curies":[{"name":"wp","href":"https:\/\/api.w.org\/{rel}","templated":true}]}}