{"id":15326,"date":"2016-10-07T12:58:47","date_gmt":"2016-10-07T11:58:47","guid":{"rendered":"http:\/\/www.bilten.org\/?p=15326"},"modified":"2016-10-07T12:58:47","modified_gmt":"2016-10-07T11:58:47","slug":"komisijino-novo-cedo","status":"publish","type":"post","link":"https:\/\/www.bilten.org\/?p=15326","title":{"rendered":"Komisijino novo \u010dedo"},"content":{"rendered":"<p>Europska agencija za grani\u010dnu i <a href=\"http:\/\/www.bilten.org\/?s=obalna+stra%C5%BEa\" target=\"_blank\">obalnu stra\u017eu<\/a> slu\u017ebeno je stavljena u rad u \u010detvrtak na sve\u010danosti odr\u017eanoj na <a href=\"http:\/\/www.bilten.org\/?p=5565\" target=\"_blank\">bugarsko-turskoj granici<\/a>. Zadatak nove agencije je nadgledanje vanjske granice Europske unije te pomo\u0107 u identificiranju sigurnosnih prijetnji.<\/p>\n<p>&#8220;Od danas su vanjske granice EU-a jedne dr\u017eave \u010dlanice vanjske granice svih nas \u2013 u pravnom i operativnom smislu. U manje od godinu dana uspostavili smo potpuno razvijeni sustav europske grani\u010dne i obalne stra\u017ee, provode\u0107i u praksi na\u010dela zajedni\u010dke odgovornosti i solidarnosti dr\u017eava \u010dlanica i Unije. Potreban nam je upravo ovakav europski odgovor kako bismo se mogli nositi s izazovima u podru\u010dju sigurnosti i migracije u 21. stolje\u0107u&#8221;, izjavio je povjerenik za unutarnje poslove i migracije Dimitris Avramopoulos, pi\u0161e HINA.<\/p>\n<p>Osnivanjem obalne stra\u017ee s radom je prestala dosada\u0161nja agencija EU-a za granice \u2013 Frontex. Nova Agencija ima \u0161iri mandat i nove ovlasti \u2013 dvostruko ve\u0107i broj stalno zaposlenih uz dodatnu pri\u010duvu od 1500 slu\u017ebenika za grani\u010dni nadzor. Ima i dovoljnu koli\u010dinu sredstava za autonomnu nabavku tehni\u010dke opreme, a nadle\u017eni poru\u010duju kako Obalnoj stra\u017ei ne\u0107e nedostajati ni osoblja ni opreme ni sredstava za rad.<\/p>\n<p><strong>Radikalni prijedlozi<\/strong><\/p>\n<p>Kao \u0161to smo <a href=\"http:\/\/www.bilten.org\/?p=10768\" target=\"_blank\">ve\u0107 pisali<\/a>, pove\u0107anje ovlasti podrazumijeva raspore\u0111ivanje sigurnosnih snaga unutar bilo koje zemlje \u010dlanice bez njene prethodne dozvole. Radi se o pravno i politi\u010dki dubioznoj promjeni jer se takvo ne\u0161to, prema postoje\u0107im pravilima Europske unije, ne mo\u017ee lako provesti jer je na temelju koncepta nacionalnog suvereniteta za raspore\u0111ivanje oru\u017eanih snaga u bilo kojoj zemlji \u010dlanici potreban njezin pristanak.<\/p>\n<p>To me\u0111utim nije sve, Obalna stra\u017ea planira djelovati i u podru\u010djima koji s EU nemaju veze, poput zemalja Sjeverne Afrike i Bliskog istoka koje se trenutno nalaze u ratu. Ljetos, pri prvim najavama osnivanja agencije argumenti su bili manje umotani u diplomatski jezik pa je bilo jasno kazano kako se ova agencija osniva &#8220;radi Gr\u010dke&#8221; koja je propu\u0161tala izbjeglice na \u0161engensko podru\u010dje, kao i radi &#8220;tri milijuna izbjeglica&#8221; koje prijete EU iz Turske. Dakako, u najboljim EU manirima svi koji budu imali prigovore na rad Obalne stra\u017ee &#8220;mo\u0107i \u0107e podnijeti pritu\u017ebe zbog kr\u0161enja njihovih prava&#8221; \u2013 dakako, samo u situacijama koje imaju veze s Obalnom stra\u017eom, no ne i u obi\u010dnim nacionalnim kr\u0161enjima zakona, poput recimo <a href=\"http:\/\/www.bilten.org\/?p=14458\" target=\"_blank\">bugarskih lovaca<\/a> na <a href=\"http:\/\/www.bilten.org\/?p=250\" target=\"_blank\">migrante<\/a>.<\/p>\n<p>Obalna stra\u017ea, suprotno onome \u0161to joj ime govori, ne\u0107e biti zadu\u017eena za spa\u0161avanja ljudi na Mediteranu. Italija je imala prijedlog koji je jednostavno odba\u010den uz optu\u017ebe za &#8220;radikalnost&#8221;, a on se naime bazirao na ideji da &#8220;europeizacije&#8221; patroliranja na Mediteranu, odnosno od podjele financijskog tereta kontrole na moru. Talijanski prijedlog bio je zna\u010dajno humaniji od usvojenoga i podrazumijevao je dijeljenje tro\u0161kova spa\u0161avanja ljudskih \u017eivota. No, EU je ipak odabrala pustiti ljude da se utapaju i podi\u0107i zidove svoje tvr\u0111ave. Europska unija provodi politiku prema migrantima koja sigurno ne bi pro\u0161la ni na kakvim europskim izborima, stoga nije li ba\u0161 zgodno i prakti\u010dno da se Europska komisija ne mora optere\u0107ivati takvim banalnostima.<\/p>\n","protected":false},"excerpt":{"rendered":"<p>Europska agencija za grani\u010dnu i obalnu stra\u017eu slu\u017ebeno je stavljena u rad u \u010detvrtak na sve\u010danosti odr\u017eanoj na bugarsko-turskoj granici. Zadatak nove agencije je nadgledanje vanjske granice Europske unije te pomo\u0107 u identificiranju sigurnosnih prijetnji. &#8220;Od danas su vanjske granice EU-a jedne dr\u017eave \u010dlanice vanjske granice svih nas \u2013 u pravnom i operativnom smislu. U [&hellip;]<\/p>\n","protected":false},"author":4,"featured_media":15327,"comment_status":"closed","ping_status":"closed","sticky":false,"template":"","format":"standard","meta":{"footnotes":""},"categories":[],"tags":[243,46],"theme":[458,456],"country":[],"articleformat":[205],"coauthors":[16],"class_list":["post-15326","post","type-post","status-publish","format-standard","has-post-thumbnail","hentry","tag-eu","tag-migracije","theme-drustvo","theme-politika","articleformat-vijest"],"_links":{"self":[{"href":"https:\/\/www.bilten.org\/index.php?rest_route=\/wp\/v2\/posts\/15326","targetHints":{"allow":["GET"]}}],"collection":[{"href":"https:\/\/www.bilten.org\/index.php?rest_route=\/wp\/v2\/posts"}],"about":[{"href":"https:\/\/www.bilten.org\/index.php?rest_route=\/wp\/v2\/types\/post"}],"author":[{"embeddable":true,"href":"https:\/\/www.bilten.org\/index.php?rest_route=\/wp\/v2\/users\/4"}],"replies":[{"embeddable":true,"href":"https:\/\/www.bilten.org\/index.php?rest_route=%2Fwp%2Fv2%2Fcomments&post=15326"}],"version-history":[{"count":1,"href":"https:\/\/www.bilten.org\/index.php?rest_route=\/wp\/v2\/posts\/15326\/revisions"}],"predecessor-version":[{"id":15328,"href":"https:\/\/www.bilten.org\/index.php?rest_route=\/wp\/v2\/posts\/15326\/revisions\/15328"}],"wp:featuredmedia":[{"embeddable":true,"href":"https:\/\/www.bilten.org\/index.php?rest_route=\/wp\/v2\/media\/15327"}],"wp:attachment":[{"href":"https:\/\/www.bilten.org\/index.php?rest_route=%2Fwp%2Fv2%2Fmedia&parent=15326"}],"wp:term":[{"taxonomy":"category","embeddable":true,"href":"https:\/\/www.bilten.org\/index.php?rest_route=%2Fwp%2Fv2%2Fcategories&post=15326"},{"taxonomy":"post_tag","embeddable":true,"href":"https:\/\/www.bilten.org\/index.php?rest_route=%2Fwp%2Fv2%2Ftags&post=15326"},{"taxonomy":"theme","embeddable":true,"href":"https:\/\/www.bilten.org\/index.php?rest_route=%2Fwp%2Fv2%2Ftheme&post=15326"},{"taxonomy":"country","embeddable":true,"href":"https:\/\/www.bilten.org\/index.php?rest_route=%2Fwp%2Fv2%2Fcountry&post=15326"},{"taxonomy":"articleformat","embeddable":true,"href":"https:\/\/www.bilten.org\/index.php?rest_route=%2Fwp%2Fv2%2Farticleformat&post=15326"},{"taxonomy":"author","embeddable":true,"href":"https:\/\/www.bilten.org\/index.php?rest_route=%2Fwp%2Fv2%2Fcoauthors&post=15326"}],"curies":[{"name":"wp","href":"https:\/\/api.w.org\/{rel}","templated":true}]}}