{"id":15323,"date":"2016-10-07T11:35:50","date_gmt":"2016-10-07T10:35:50","guid":{"rendered":"http:\/\/www.bilten.org\/?p=15323"},"modified":"2016-10-07T11:35:50","modified_gmt":"2016-10-07T10:35:50","slug":"general-predsjednicki-kandidat","status":"publish","type":"post","link":"https:\/\/www.bilten.org\/?p=15323","title":{"rendered":"General predsjedni\u010dki kandidat"},"content":{"rendered":"<p>Nakon \u0161to mjesecima javnosti nije bio poznat ni jedan kandidat na predsjedni\u010dkim izborima koji se u Bugarskoj trebaju odr\u017eati za manje od mjesec dana, posljednjih se tjedana i dana pojavila prava poplava aspiranata na tu poziciju. Trenutno ih je \u010dak dvadeset i tri. Me\u0111u njima ima dosta biv\u0161ih politi\u010dara, uklju\u010duju\u0107i npr. i Plamena Ore\u0161arskog, koji je 2014. godine nakon kratkog mandata bio prisiljen podnijeti ostavku na mjesto premijera nakon masovnih demonstracija, zatim odre\u0111eni broj neizostavnih lokalnih tajkuna, televizijskih i estradnih zvijezda, pjeva\u010da i sporta\u0161a te nekoliko \u2013 generala. Me\u0111u vojnim oficirima, najpoznatije je ime Rumena Radeva, biv\u0161eg zapovjednika bugarske ratne avijacije i formalno nezavisnog kandidata uz sna\u017enu potporu najve\u0107e opozicijske stranke, Bugarske socijalisti\u010dke partije (BSP).<\/p>\n<p>S obzirom na ovu potporu, Radev se naglo prometnuo u jednog od favorita. To je razmjerno neobi\u010dna situacija za nekoga tko je \u0161iroj javnosti do sad bio poznat samo po svojem zalaganju za kupnju novih borbenih aviona. Naime, pedesettrogodi\u0161nji general nekoliko je puta prijetio kako \u0107e demonstrativno podnijeti ostavku ako dr\u017eava ne ulo\u017ei u avijaciju, \u0161to svakako pokazuje odre\u0111eni instinkt za politi\u010dku dramu, ali ni\u0161ta ne govori o njegovim politi\u010dkim stavovima. Kandidatura Radeva simptom je velike krize bugarskih socijalista koji, unato\u010d povremenim ozbiljnim aferama svojih konkurenata, ve\u0107 deset godina ne uspijevaju pobijediti stranku &#8220;desnog centra&#8221; Gra\u0111ani za europski razvoj Bugarske (GERB). Trenutno se BSP nalazi na jednom od svojih historijskih minimuma pa rejting u posljednje vrijeme nastoji popraviti vra\u0107anjem na pozicije etni\u010dkog \u0161ovinizma, npr. izjavama kako GERB namjerava &#8220;naseliti migrante&#8221; i &#8220;promijeniti demografsku sliku Bugarske&#8221;.<\/p>\n<p><strong>Cijena uspjeha<\/strong><\/p>\n<p>No tu je ve\u0107 prili\u010dno velika gu\u017eva. Uz tri desni\u010darske stranke na vlasti i dvije desni\u010darske stranke u opozicije, socijalistima je u \u0161ovinizmu ozbiljan konkurent jo\u0161 jedna stranka &#8220;ljevice&#8221;, Alternativa za bugarski preporod (ABV), koja se od njih odvojila prije dvije godine. Iako su se na\u010delno slagale oko potpore Radevu, BSP i ABV nisu se uspjele dogovoriti je li on vi\u0161e kandidat jedne ili druge stranke, pa je ABV na kraju ponudio svog kandidata. Socijalisti predvi\u0111aju da nestrana\u010dki kandidat ima ve\u0107e \u0161anse od nekog tko je izravno vezan za njih, a rije\u010d je o \u010dovjeku koji istodobno svojim proturje\u010dnim stavovima mo\u017ee privu\u0107i \u0161irok spektar simpatizera. Radev je naime pro\u0161ao NATO-ovu obuku u SAD-u, ali se istodobno smatra sklonim Rusiji. Zala\u017ee se navodno za samostalniju vanjsku politiku, ali istodobno lobira za ve\u0107u kupnju zapadnog naoru\u017eanja.<\/p>\n<p>Ne \u010dudi stoga \u0161to ra\u010duna na potporu i starijeg navodno sna\u017enije &#8220;proruskog&#8221; stanovni\u0161tva, ali i mla\u0111ih bira\u010da sklonih ja\u010doj integraciji sa Zapadom ili pak o\u010daranih sumanutim teorijama zavjere koje bujaju u kontekstu dugotrajne socijalne i politi\u010dke krize u cijeloj Isto\u010dnoj Europi. Tako se me\u0111u njegovim obe\u0107anjima na\u0161lo i ono da \u0107e imenovati komisiju koja bi istra\u017eila utjecaj tzv. chemtrailsa, odnosno tragova na nebu koji, prema zavjerenja\u010dkim interpretacijama, &#8220;upravljaju umovima svjetskog stanovni\u0161tva&#8221;. Kao pilot, Radev ne vjeruje u njihovo djelovanje, ali ne oklijeva da i takve ludosti uklju\u010di u svoj izborni program. U tom smislu, socijalisti nakon dugo vremena mogu ra\u010dunati na kandidata koji bi mogao dobiti velik broj glasova. Pod cijenu zao\u0161travanja duboke ideolo\u0161ke krize na bugarskoj politi\u010dkoj sceni.<\/p>\n","protected":false},"excerpt":{"rendered":"<p>Nakon \u0161to mjesecima javnosti nije bio poznat ni jedan kandidat na predsjedni\u010dkim izborima koji se u Bugarskoj trebaju odr\u017eati za manje od mjesec dana, posljednjih se tjedana i dana pojavila prava poplava aspiranata na tu poziciju&#8230;<\/p>\n","protected":false},"author":10,"featured_media":15324,"comment_status":"closed","ping_status":"closed","sticky":false,"template":"","format":"standard","meta":{"footnotes":""},"categories":[],"tags":[12],"theme":[456],"country":[48],"articleformat":[205],"coauthors":[16],"class_list":["post-15323","post","type-post","status-publish","format-standard","has-post-thumbnail","hentry","tag-izbori","theme-politika","country-bugarska","articleformat-vijest"],"_links":{"self":[{"href":"https:\/\/www.bilten.org\/index.php?rest_route=\/wp\/v2\/posts\/15323","targetHints":{"allow":["GET"]}}],"collection":[{"href":"https:\/\/www.bilten.org\/index.php?rest_route=\/wp\/v2\/posts"}],"about":[{"href":"https:\/\/www.bilten.org\/index.php?rest_route=\/wp\/v2\/types\/post"}],"author":[{"embeddable":true,"href":"https:\/\/www.bilten.org\/index.php?rest_route=\/wp\/v2\/users\/10"}],"replies":[{"embeddable":true,"href":"https:\/\/www.bilten.org\/index.php?rest_route=%2Fwp%2Fv2%2Fcomments&post=15323"}],"version-history":[{"count":1,"href":"https:\/\/www.bilten.org\/index.php?rest_route=\/wp\/v2\/posts\/15323\/revisions"}],"predecessor-version":[{"id":15325,"href":"https:\/\/www.bilten.org\/index.php?rest_route=\/wp\/v2\/posts\/15323\/revisions\/15325"}],"wp:featuredmedia":[{"embeddable":true,"href":"https:\/\/www.bilten.org\/index.php?rest_route=\/wp\/v2\/media\/15324"}],"wp:attachment":[{"href":"https:\/\/www.bilten.org\/index.php?rest_route=%2Fwp%2Fv2%2Fmedia&parent=15323"}],"wp:term":[{"taxonomy":"category","embeddable":true,"href":"https:\/\/www.bilten.org\/index.php?rest_route=%2Fwp%2Fv2%2Fcategories&post=15323"},{"taxonomy":"post_tag","embeddable":true,"href":"https:\/\/www.bilten.org\/index.php?rest_route=%2Fwp%2Fv2%2Ftags&post=15323"},{"taxonomy":"theme","embeddable":true,"href":"https:\/\/www.bilten.org\/index.php?rest_route=%2Fwp%2Fv2%2Ftheme&post=15323"},{"taxonomy":"country","embeddable":true,"href":"https:\/\/www.bilten.org\/index.php?rest_route=%2Fwp%2Fv2%2Fcountry&post=15323"},{"taxonomy":"articleformat","embeddable":true,"href":"https:\/\/www.bilten.org\/index.php?rest_route=%2Fwp%2Fv2%2Farticleformat&post=15323"},{"taxonomy":"author","embeddable":true,"href":"https:\/\/www.bilten.org\/index.php?rest_route=%2Fwp%2Fv2%2Fcoauthors&post=15323"}],"curies":[{"name":"wp","href":"https:\/\/api.w.org\/{rel}","templated":true}]}}