{"id":15285,"date":"2016-10-06T07:00:30","date_gmt":"2016-10-06T06:00:30","guid":{"rendered":"http:\/\/www.bilten.org\/?p=15285"},"modified":"2021-02-25T11:00:16","modified_gmt":"2021-02-25T10:00:16","slug":"15285","status":"publish","type":"post","link":"https:\/\/www.bilten.org\/?p=15285","title":{"rendered":"Sveu\u010dili\u0161te kao ideolo\u0161ki front"},"content":{"rendered":"<p><strong>Razrje\u0161enje s funkcije Vlatka Previ\u0161i\u0107a, dekana Filozofskog fakulteta Sveu\u010dili\u0161ta u Zagrebu, ne bi se dogodilo bez kontinuiranog pritiska organiziranih studenata i profesora. Me\u0111utim, eliminacija Previ\u0161i\u0107a, kao i prethodni sli\u010dni kompromisi, samo su nastojali privremeno prigu\u0161iti problem u sredi\u0161tu sukoba na FFZG-u. Zahtjev za smjenom dekana nije se zasnivao na za\u010dkoljicama pravnih propisa ve\u0107 je za sobom povla\u010dio pozicioniranje oko presudnih politi\u010dko-ekonomskih pitanja.<\/strong><\/p>\n<p>Nenadano biolo\u0161ko razrje\u0161enje senzacionalnog slu\u010daja Vlatka Previ\u0161i\u0107a, dekana Filozofskog fakulteta u Zagrebu, ostavilo je za sobom nakratko i odre\u0111eni politi\u010dki vakuum. Kad nadle\u017ene institucije vi\u0161e nisu znale \u0161to da poduzmu oko devastiraju\u0107ih efekata dekanova uznapredovalog mahnitanja, naime, odjednom im je sindikalno ponu\u0111ena spasonosna \u010dinjenica njegova formalnog prekora\u010denja starosne granice koja je propisana za sveu\u010dili\u0161ne profesore. I naglo je profunkcionirala pravna dr\u017eava, a neki mediji \u2013 dotad na\u010delno skloni Previ\u0161i\u0107u &#8211; ve\u0107 maroderski <a href=\"http:\/\/www.jutarnji.hr\/vijesti\/hrvatska\/novi-detalji-o-slucaju-dekana-filozofskog-istrazit-ce-se-je-li-se-previsicu-isplacivala-placa-za-posao-koji-nikada-nije-obavio\/4742174\/\" target=\"_blank\" rel=\"noopener\">propituju<\/a> eventualno dekanovo \u0161ire kr\u0161enje zakonskog slova.<\/p>\n<p>Podsje\u0107a to na jednu podosta otrcanu usporedbu sli\u010dnih deus ex machina raspleta s primjerom slavnog ameri\u010dkog gangstera: Al Capone nije uhap\u0161en i osu\u0111en zato \u0161to je ubijao po \u010dika\u0161kim ulicama, nego slu\u010dajno &#8211; jer nije uredno pla\u0107ao porez. Ostaje dilema \u0161to bi bilo da je mali poduzetnik lukavije vodio knjige ili, u ovoj pri\u010di, \u0161to da je Vlatko Previ\u0161i\u0107 ne\u0161to mla\u0111i, dok se institucije trude banalizirati stvarni meritum problema.<\/p>\n<p>\u0160tovi\u0161e, ne samo nadle\u017ene institucije \u2013 sveu\u010dili\u0161ni senat i sektorsko ministarstvo &#8211; koje su dotad sekundirale Previ\u0161i\u0107u, nego i vezani interesni krug; svi oni usiljeno isklju\u010duju ono doista politi\u010dko iz doga\u0111aja oko Filozofskog fakulteta. Jedino \u017eari\u0161te uop\u0107e nalik tome lociraju u isforsiranoj opreci HDZ-SDP (npr. <a href=\"https:\/\/hrti.hrt.hr\/#\/video\/show\/2694254\/otvoreno-22-rujna-2016\" target=\"_blank\" rel=\"noopener\">Mislav Je\u017ei\u0107<\/a>, \u010dlan Senata i profesor na Filozofskom fakultetu), odnosno tamo gdje politi\u010dkog najmanje ima. A dok se dekanu aran\u017eira koliko-toliko \u010dastan otpust iz slu\u017ebe koju je odano vr\u0161io, razmotrimo jo\u0161 na kojim se temeljima priprema nastavak iste parapoliti\u010dke igre nau\u0161trb ovog dru\u0161tva op\u0107enito.<\/p>\n<p><strong>Kukavi\u010dje jaje klerikalizma<\/strong><\/p>\n<p>Najprije kratki uvod u faktografiju slu\u010daja; za tu se potrebu valja osvrnuti na dekanski mandat Damira Borasa, danas rektora Sveu\u010dili\u0161ta u Zagrebu. On je bio taj koji je ubacio kukavi\u010dje jaje klerikalizma u gnijezdo Filozofskog fakulteta <a href=\"http:\/\/lemondediplomatique.hr\/rekonkvista-novog-rektora\/\" target=\"_blank\" rel=\"noopener\">prije dvije i pol godine<\/a>, nastoje\u0107i manipulacijama u Fakultetskom vije\u0107u svojoj mati\u010dnoj ustanovi nametnuti neprincipijelnu te \u0161tetnu suradnju s Katoli\u010dkim bogoslovnim fakultetom u Zagrebu. Radilo se o zasnivanju razli\u010ditih dvopredmetnih studija izme\u0111u dviju sastavnica zagreba\u010dkog sveu\u010dili\u0161ta, pri \u010demu bi jedna od njih bila povla\u0161tena ve\u0107 po startnim organizacijskim <a href=\"http:\/\/www.index.hr\/xmag\/clanak\/evo-za-sto-se-tocno-bore-studenti-filozofskog-fakulteta-i-zasto-bi-im-se-trebali-pridruziti-i-ostali-\/921247.aspx\" target=\"_blank\" rel=\"noopener\">formalnostima<\/a>.<\/p>\n<p>Time se pripremao teren za fakti\u010dno superiorno pozicioniranje jedne neznanstvene teisti\u010dke, spekulativne, dogmatske doktrine nad sredi\u0161tem filozofske i sekularne misli u zemlji. Kona\u010dno, plan je uklju\u010divao i prakti\u010dne materijalne posljedice u istom smjeru: pokazalo se kako bi predvi\u0111eni odnos vi\u0161e ko\u0161tao jedan fakultet negoli drugi, osim \u0161to izla\u017ee diplomante FF-a goroj poziciji na tr\u017ei\u0161tu rada od one koja \u010deka studente s KBF-a.<\/p>\n<p>Boras, me\u0111utim, ve\u0107 je bio u povla\u010denju na vi\u0161u, rektorsku funkciju, e da bi za nasljednika na Filozofskom ostavio ni\u0161ta manje karijeristi\u010dki nastrojenog Previ\u0161i\u0107a. Novi dekan uskoro se <a href=\"http:\/\/www.portalnovosti.com\/klerofilozofski-fakultet\" target=\"_blank\" rel=\"noopener\">iskazao<\/a> upravo inkvizitorskom militantno\u0161\u0107u, <a href=\"http:\/\/www.portalnovosti.com\/neuspjela-prekomanda\" target=\"_blank\" rel=\"noopener\">\u0161ikaniraju\u0107i jednako<\/a> nastavnike i studente, a s vrhuncem u anga\u017eiranju <a href=\"http:\/\/www.portalnovosti.com\/previsiceva-sokolska-garda\" target=\"_blank\" rel=\"noopener\">privatnih za\u0161titara<\/a> na ulazu u fakultet. Na pravne detalje se Vlatko Previ\u0161i\u0107 nije mnogo obazirao, vjeruju\u0107i da \u0107e uli\u010darske egzekucije \u2013 poslu\u017eimo se figurom \u2013 same djelotvorno primiriti buntovnije duhove. Dogodilo se ba\u0161 suprotno: protiv sebe je okrenuo i, najednom skandaliziranu, \u0161iroku liberalnu javnost.<\/p>\n<p><strong>Proturje\u010dja raspi\u0161toljenih senatora<\/strong><\/p>\n<p>Ali, naizgled <a href=\"http:\/\/www.index.hr\/vijesti\/clanak\/boras-suspendirao-sam-previsica-vrijeme-je-za-dijalog\/923799.aspx\" target=\"_blank\" rel=\"noopener\">pomirljivi ton<\/a> kojim se Damir Boras rado slu\u017ei, u maniri licenciranog odrje\u0161itelja, krije novu podvalu s istom akcijskom cijenom. Sre\u0107om, plenum FF-a te ad hoc Inicijativa \u010dlanova Vije\u0107a fakulteta <a href=\"http:\/\/slobodnifilozofski.com\/2016\/10\/izvjestaj-s-211-plenuma-filozofskog-fakulteta.html\" target=\"_blank\" rel=\"noopener\">prepoznali su<\/a> trik s pozivanjem na tzv. demokratski dijalog. Mo\u0107nici su se nerazmrsivo zapleli u pravna proturje\u010dja; oni pravo ina\u010de smatraju svojim zabranom, sve dok nad njim ne izgube nadzor. U ovome momentu takve dvije to\u010dke jesu legitimitet olako diskvalificiranih studentskih predstavnika i legitimitet kampanjski oktroiranih vr\u0161itelja du\u017enosti prodekana, a za obje dubioze odgovoran je Senat.<\/p>\n<p>O bezbri\u017enosti sveu\u010dili\u0161nih senatora dobro svjedo\u010di bizarni automatizam kojim su najprije prekri\u017eili <a href=\"http:\/\/www.index.hr\/vijesti\/clanak\/raspusten-studentski-zbor-ffzga-vlatko-previsic-ostaje-dekan-\/919325.aspx\" target=\"_blank\" rel=\"noopener\">Studentski zbor<\/a> da bi podr\u017eali Previ\u0161i\u0107a, pa ubrzo zatim, s jednakim uvjerenjem, i njega pustili niz vodu. No \u010dini se da bi oru\u017eje kojim su se odrekli njegovih usluga moglo sti\u0107i i <a href=\"http:\/\/www.index.hr\/vijesti\/clanak\/index-otkriva--boras-na-fakultetima-postavlja-svoje-ljude-i-bori-se-da-ne-ode-u-mirovinu\/923530.aspx\" target=\"_blank\" rel=\"noopener\">njih same<\/a>, tj. vode\u0107e me\u0111u kreatorima relacija odozgo prema FF-u, naime, Damira Borasa i Antu \u010covi\u0107a, kao zacijelo najutjecajnijeg prorektora.<\/p>\n<p>Pokazuje se, po svoj prilici, kako se i na njih obojicu \u2013 usprkos njihovu samopouzdanju \u2013 dade primijeniti isti dobni kriterij koji je pomeo raspi\u0161toljenog Previ\u0161i\u0107a. Taj bi fakat mogao uzburkati kompletnu tektoniku Sveu\u010dili\u0161ta u Zagrebu, mada se ne treba zavaravati, imaju\u0107i na umu o kakvim me\u0161trima se ovdje radi: u\u010dinit \u0107e sve da nanovo izigraju princip za kojim su posegnuli radi Vlatka Previ\u0161i\u0107a, \u010dim shvate da im vi\u0161e utjehe nema u pravu. No to je ujedno pouzdan pokazatelj da se pribli\u017eavamo \u010dvrstoj jezgri onoga politi\u010dkoga u ovom neveselom, ali svakako katarzi\u010dnom preslagivanju odnosa mo\u0107i.<\/p>\n<p>Jer, pacifikacija bunta u njihovoj re\u017eiji uklju\u010duje obavezno skretanje pa\u017enje sa \u017ei\u017ee sukoba, pri \u010demu se zbiva antiklimaks koji podsje\u0107a na vladine depolitizacijske zahvate u nekoliko \u010duvenih slu\u010dajeva. Recimo, na manipulacije glasovima za raspis referenduma o Zakonu o radu, ili onaj o Hrvatskim autocestama, gdje su s vrha poduzeti o\u0161tri manevri izbjegavanja suo\u010davanja s evidentno mobiliziranom demokratskom voljom \u0161irokih slojeva. Politi\u010dka \u0161teta za elitu svedena je tako na minimum pomo\u0107u intervencionisti\u010dkih, tzv. vatrogasnih metoda koje omogu\u0107uju i nastavak kontrole podru\u010dja te vrebanje na idu\u0107u zgodnu \u0161ansu.<\/p>\n<p><strong>Poligoni politi\u010dkoga<\/strong><\/p>\n<p>A sve je to politika; bila je politika i kad su 2009. godine studenti FF-a paternalizacijski ismijavani, dok su poduzimali blokadu fakulteta u obrani visokog obrazovanja pred nadiru\u0107om komercijalizacijom, kao dje\u010dica u nesta\u0161luku koji uklju\u010duje i \u0161ibice. Uostalom, dana\u0161njim se studentima, ba\u0161tinicima one blokade, malo tko jo\u0161 <a href=\"http:\/\/www.jutarnji.hr\/komentari\/sto-je-nama-na-filozofskom-nasa-borba-dala\/4741751\/\" target=\"_blank\" rel=\"noopener\">izruguje<\/a>: plenum se poima kao seriozna ugroza, novodobni bauk u niskom letu nad glavama vladaju\u0107ih.<\/p>\n<p>U svemu tome, otpor klerikalizaciji svakako je izuzetno va\u017ean, ali se ne mo\u017ee svesti samo na sekularizacijski impuls i na svjetonazorsko protivljenje konzervativizaciji ili, u krajnjoj liniji, nacionalizmu. Demokratizacija je klju\u010dni pojam, ali nedvojbeno i u ekonomskim pitanjima koja stoje u temelju obaju slu\u010daja bunta na Filozofskom. To je ono mjesto kojem se uporno pori\u010de dimenzija ideolo\u0161kog \u2013 u sklopu taktike vo\u0111ene odozgo &#8211; ba\u0161 zato da bi se u pripadaju\u0107em polju izrazitije nametnula sve dominantnija ekonomska ideologija s crpljenjem materijalne vrijednosti kao ciljem jednako akademskih senatora i klerika.<\/p>\n<p>To, a ne visokoparna pitanja teologije, fokus je i ovog sukoba s Crkvom, o \u010demu standardno kazuje njen odnos prema teologiji oslobo\u0111enja koji je iznova dospio u <a href=\"http:\/\/slobodnifilozofski.com\/2016\/04\/protiv-klerikalizacije-obrazovanja.html\" target=\"_blank\" rel=\"noopener\">javnu raspravu<\/a>. Zato nakana pobornika isklju\u010divo biolo\u0161kog i nepoliti\u010dkog rje\u0161enja slu\u010daja Previ\u0161i\u0107 jest ba\u0161 odlaganje toga \u010ditavog kompleksa ustranu, izvan vidljivog spektra, kako bi se podgra\u0111ivanje ekonomske dominacije u ovom polju nastavilo. I nipo\u0161to nije Filozofski fakultet u Zagrebu usamljen visoko\u0161kolski poligon na kojem se vodi takva borba; sli\u010dne uzurpacije uo\u010dljive su na istoimenoj ustanovi u <a href=\"http:\/\/www.portalnovosti.com\/slijepa-rijeka-pria\" target=\"_blank\" rel=\"noopener\">Rijeci<\/a>, nu\u017ena je samo adekvatna optika.<\/p>\n","protected":false},"excerpt":{"rendered":"<p>Nenadano biolo\u0161ko razrje\u0161enje senzacionalnog slu\u010daja Vlatka Previ\u0161i\u0107a, dekana Filozofskog fakulteta u Zagrebu, ostavilo je za sobom nakratko i odre\u0111eni politi\u010dki vakuum&#8230;<\/p>\n","protected":false},"author":4,"featured_media":15289,"comment_status":"closed","ping_status":"closed","sticky":false,"template":"","format":"standard","meta":{"footnotes":""},"categories":[454,1],"tags":[105,63],"theme":[458,455],"country":[38],"articleformat":[450],"coauthors":[20],"class_list":["post-15285","post","type-post","status-publish","format-standard","has-post-thumbnail","hentry","category-naslovnica","category-uncategorized","tag-javni-sektor","tag-obrazovanje","theme-drustvo","theme-rad","country-hrvatska","articleformat-tema"],"_links":{"self":[{"href":"https:\/\/www.bilten.org\/index.php?rest_route=\/wp\/v2\/posts\/15285","targetHints":{"allow":["GET"]}}],"collection":[{"href":"https:\/\/www.bilten.org\/index.php?rest_route=\/wp\/v2\/posts"}],"about":[{"href":"https:\/\/www.bilten.org\/index.php?rest_route=\/wp\/v2\/types\/post"}],"author":[{"embeddable":true,"href":"https:\/\/www.bilten.org\/index.php?rest_route=\/wp\/v2\/users\/4"}],"replies":[{"embeddable":true,"href":"https:\/\/www.bilten.org\/index.php?rest_route=%2Fwp%2Fv2%2Fcomments&post=15285"}],"version-history":[{"count":13,"href":"https:\/\/www.bilten.org\/index.php?rest_route=\/wp\/v2\/posts\/15285\/revisions"}],"predecessor-version":[{"id":36723,"href":"https:\/\/www.bilten.org\/index.php?rest_route=\/wp\/v2\/posts\/15285\/revisions\/36723"}],"wp:featuredmedia":[{"embeddable":true,"href":"https:\/\/www.bilten.org\/index.php?rest_route=\/wp\/v2\/media\/15289"}],"wp:attachment":[{"href":"https:\/\/www.bilten.org\/index.php?rest_route=%2Fwp%2Fv2%2Fmedia&parent=15285"}],"wp:term":[{"taxonomy":"category","embeddable":true,"href":"https:\/\/www.bilten.org\/index.php?rest_route=%2Fwp%2Fv2%2Fcategories&post=15285"},{"taxonomy":"post_tag","embeddable":true,"href":"https:\/\/www.bilten.org\/index.php?rest_route=%2Fwp%2Fv2%2Ftags&post=15285"},{"taxonomy":"theme","embeddable":true,"href":"https:\/\/www.bilten.org\/index.php?rest_route=%2Fwp%2Fv2%2Ftheme&post=15285"},{"taxonomy":"country","embeddable":true,"href":"https:\/\/www.bilten.org\/index.php?rest_route=%2Fwp%2Fv2%2Fcountry&post=15285"},{"taxonomy":"articleformat","embeddable":true,"href":"https:\/\/www.bilten.org\/index.php?rest_route=%2Fwp%2Fv2%2Farticleformat&post=15285"},{"taxonomy":"author","embeddable":true,"href":"https:\/\/www.bilten.org\/index.php?rest_route=%2Fwp%2Fv2%2Fcoauthors&post=15285"}],"curies":[{"name":"wp","href":"https:\/\/api.w.org\/{rel}","templated":true}]}}