{"id":15080,"date":"2016-09-22T07:00:25","date_gmt":"2016-09-22T06:00:25","guid":{"rendered":"http:\/\/www.bilten.org\/?p=15080"},"modified":"2021-02-25T11:00:20","modified_gmt":"2021-02-25T10:00:20","slug":"igra-tradicionalnih-simbola","status":"publish","type":"post","link":"https:\/\/www.bilten.org\/?p=15080","title":{"rendered":"Igra tradicionalnih simbola"},"content":{"rendered":"<p><strong>Nedavnom odlukom Skup\u0161tine Vojvodine promenjene su zvani\u010dne oznake te autonomne pokrajine, uklju\u010duju\u0107i grb i zastavu. Promena je posledica dugotrajnih te\u017enji srpskog nacionalizma da se izbori s idejom vojvo\u0111anske autonomije i posebnosti. Istovremeno, izostanak protivljenja ovoj promeni jo\u0161 jednom pokazuje kako liberalna opozicija nema odgovora na evro-nacionalisti\u010dku politiku vladaju\u0107ih naprednjaka.<\/strong><\/p>\n<p>Nakon jednoipogodi\u0161njeg natezanja u toku kojeg se dogodila i promena vlasti, u vojvo\u0111anskom parlamentu je 15. septembra izglasana odluka usvajanju o tradicionalnog grba i zastave Pokrajine. Upravo se promena vlasti u Vojvodini pokazala klju\u010dnim faktorom za namicanje dvotre\u0107inske ve\u0107ine potrebne za usvajanje ove odluke. Na ovogodi\u0161njim op\u0161tim izborima Srpska napredna stranka je ubedljivo potukla konkurenciju \u010dime je okon\u010dana \u0161esnaestogodi\u0161nja vladavina Demokratske stranke i njenih koalicionih partnera u Vojvodini. Time je osvojen i poslednji nivo vlasti u Srbiji nad kojim SNS nije imala apsolutnu kontrolu. Prvenstveni razlog zbog kog je ovoj partiji toliko stalo da se kona\u010dno ustoli\u010di u pokrajinskoj vlasti nije le\u017eao u koli\u010dini politi\u010dke mo\u0107i koja proisti\u010de iz nje, a koja je gotovo zanemariva, ve\u0107 u glomaznoj pokrajinskoj administraciji kojom bi se namirile ambicije i potrebe vojvo\u0111anskog odbora SNS-a. Od preuzimanja vlasti u Srbiji 2012. godine traju neprekidna nastojanja ove politi\u010dke grupacije da se domogne vlasti u Vojvodini, a ta nastojanja su imala nekoliko etapa pro\u017eetih velikosrpskim nacionalisti\u010dkim narativom i socijalnom demagogijom kao konstantom.<\/p>\n<p>Prvi potezi nove pokrajinske vlasti obele\u017eeni su nastojanjem za uspostavljanjem ideolo\u0161ke hegemonije u Vojvodini i udaraju direktno na institucije i simbole koje su prepoznali kao liberalne, gra\u0111anske. Tu pre svega mislimo na \u010distke koje su sprovedene na Radio-televiziji Vojvodine u kojima su smenjeni ne samo urednici ove televizije, ve\u0107 i njeni istaknuti novinari i prezenteri koji su tokom proteklih nekoliko godina postali za\u0161titna lica ove televizije, izmeniv\u0161i u korenu njenu prirodu i u\u010diniv\u0161i je po prvi put zaista respektabilnom televizijom koja kriti\u010dki propituje dru\u0161tvo i koja se gleda. Za sprovo\u0111enje ovog televizijskog prevrata delegirani su stari, provereni televizijski kadrovi koji su ve\u0107 upravljali ovom ku\u0107om tokom devedesetih godina, kada se tada\u0161nja TV Novi Sad izve\u0161tavanjem sa slavonskog rati\u0161ta nametnula kao &#8220;lider u regionu&#8221; tada popularnog ratno-hu\u0161ka\u010dkog novinarstva. Ovim je televizija vra\u0107ena na pre\u0111a\u0161nji, negledljivi provincijski nivo u kom je obitavala tokom najve\u0107eg dela svog postojanja.<\/p>\n<p>Nakon toga, na red su do\u0161li i tzv. tradicionalni simboli. Zanimljivo je da su predlaga\u010di ovih simbola bili dva \u010dlana Odbora za ustavo-pravna pitanja Skup\u0161tine Vojvodine u njenom prethodnom sazivu, Slobodan Orlovi\u0107 i Branislav Ristivojevi\u0107, obojica zaposleni na novosadskom Pravnom fakultetu. Ova dva nastavnika su \u0161iroj javnosti poznata po u\u010de\u0161\u0107u na seriji tribina pod nazivom &#8220;Oslobodite \u0160e\u0161elja&#8221; koje je novosadski odbor Srpske radikalne stranke organizovao tokom boravka svog lidera u pritvoru Ha\u0161kog tribunala za ratne zlo\u010dine. Ristivojevi\u0107 je i funkcioner ekstremno desni\u010darske Demokratske stranke Srbije. Na ovom fakultetu, koji se pokazao kao veliki generator ultradesni\u010darske ideologije i kadrova nacionalisti\u010dkih partija, \u0160e\u0161elj je odr\u017eao jedan od prvih javnih <a href=\"https:\/\/www.youtube.com\/watch?v=n7KAcST2mfg\" target=\"_blank\" rel=\"noopener\">nastupa<\/a> nakon \u0161to je pu\u0161ten iz pritvora. Rukovodstvo Pravnog fakulteta se vrlo jasno odredilo po ovom pitanju ba\u0161 pred dono\u0161enje odluke o tradicionalnim simbolima, kada je zastavu koju su predlo\u017eili njeni nastavnici istaklo na svojoj zgradi jo\u0161 pre nego \u0161to je ova odluka i usvojena u Skup\u0161tini Vojvodine.<\/p>\n<p><strong>U potrazi za tradicijom<\/strong><\/p>\n<p>\u0160to se ti\u010de samih &#8220;tradicionalnih simbola&#8221;, stru\u010dna javnost je bila podeljena u skladu sa vlastitim svetonazorom. No, ono \u0161to je izvesno je da se i u ovom slu\u010daju postupilo po ve\u0107 mnogo puta na prostoru biv\u0161e Jugoslavije vi\u0111enom scenariju &#8220;izmi\u0161ljanja tradicije&#8221;. \u010cinjenica je da su predlo\u017eeni simboli kori\u0161\u0107eni tokom borbe srpskog naroda u Vojvodini za autonomiju u okviru Habzbur\u0161ke monarhije u revolucionarnom razdoblju 1848. godine. Predlo\u017eeni tradicionalni grb, me\u0111utim, <a href=\"http:\/\/www.autonomija.info\/milivoj-beslin-momir-samardzic-anatomija-jednog-falsifikata.html\" target=\"_blank\" rel=\"noopener\">predstavlja<\/a> grb Kne\u017eevine Srbije u periodu 1839-1882. Jedini zvani\u010dni grb Vojvodine u pro\u0161losti je bio onaj Vojvodstva Srbije i Tami\u0161kog Banata koje je egzistiralo od 1849. do 1860. godine, u okviru kog je dominirao crni habzbur\u0161ki orao, \u010dime je oslikano tada\u0161nje dr\u017eavno ure\u0111enje na teritoriji Vojvodine. Mo\u017ee se, dakle, re\u0107i da je pri odabiru tradicionalnih simbola Vojvodine prevladala \u017eelja predlaga\u010da da se Vojvodina i simboli\u010dki konstitui\u0161e kao srpska teritorija, bez obzira na njezinu stvarnu heraldi\u010dku istoriju.<\/p>\n<p>U samom parlamentu odluka je pro\u0161la vrlo glatko sa 90 glasova za, 6 protiv i 13 uzdr\u017eanih. Za usvajanje tradicionalnih simbola glasali su predstavnici vladaju\u0107e koalicije u koju su okupljene Srpska napredna stranka, Socijalisti\u010dka partija Srbije i Savez vojvo\u0111anskih Ma\u0111ara, kao i opoziciona Srpska radikalna stranka. Predsednik vojvo\u0111anskog parlamenta i lider Saveza vojvo\u0111anskih Ma\u0111ara je odluku svoje partije da glasa za usvajanje obrazlo\u017eio navev\u0161i da je \u010dinjeni\u010dno stanje da Srbi \u010dine oko 70% populacije Vojvodine, te da zbog toga imaju pravo na ovakve simbole. Nekada daleko liberalniji Savez vojvo\u0111anskih Ma\u0111ara proteklih nekoliko godina se pozicionira sve desnije na politi\u010dkom spektru, \u0161to se mo\u017ee pripisati i krajnje desnoj politi\u010dkoj klimi u samoj Ma\u0111arskoj. SVM je u poslednjem izbornom ciklusu u obe dr\u017eave nastupao gotovo kao vojvo\u0111anska ispostava ultrakonzervativne partije Fidesz ma\u0111arskog premijera Viktora Orbana. Treba ista\u0107i i da je vladaju\u0107a SNS prakti\u010dno od samog osnivanja u izrazito prijateljskim odnosima sa Fideszom, te i u toj \u010dinjenici treba tra\u017eiti osnove dana\u0161nje koalicije SNS-a i SVM-a.<\/p>\n<p>Demokratska stranka je po ovom pitanju ostala uzdr\u017eana, \u010dime je jo\u0161 jednom demonstrirala odsustvo jasnog politi\u010dkog opredeljenja po bilo kom dru\u0161tvenom pitanju. Sunovrat ove partije traje jo\u0161 od gubitka vlasti na nivou Srbije 2012. godine i njegov kraj se ne nazire, posebno ako se uzme u obzir da ova politi\u010dka grupacija u ideolo\u0161kom smislu ne mo\u017ee da ponudi ni\u0161ta su\u0161tinski razli\u010dito od vladaju\u0107e partije. Vojvodina je tradicionalno predstavljala ubedljivo najja\u010de upori\u0161te Demokratske stranke, me\u0111utim, \u010dini se da je politika zanemarivanja Vojvodine od strane partijske centrale u Beogradu u kombinaciji sa furioznim politi\u010dkim momentumom koji jo\u0161 uvek poseduje SNS, rezultirala time da se vojvo\u0111anska baza ove stranke rapidno smanjila. Sa druge strane, poslanici Lige socijaldemokrata Vojvodine glasali su protiv, ali uzme li se u obzir da je ova partija u pokrajinskom parlamentu zastupljena sa 9 poslanika, te da je svega 6 narodnih predstavnika glasalo protiv ove odluke, postaje jasno da Liga nije uspela da privoli ni sve svoje predstavnike na jedinstven istup po ovom pitanju.<\/p>\n<p><strong>Propast autonoma\u0161a<\/strong><\/p>\n<p>Posebno licemerje ove partije iskazano je time \u0161to zajedno sa SNS i SPS \u010dine vlast u Novom Sadu. Ova najja\u010da vojvo\u0111anska autonoma\u0161ka partija je sav ugled ste\u010den tokom ratnih godina kada se dosledno protivila velikosrpskoj nacionalisti\u010dkoj politici, prosula nakon pada Milo\u0161evi\u0107a 2000. godine. Od tada je LSV predstavljala konstantnog partnera Demokratske stranke na razli\u010ditim nivoima vlasti, permanentno prave\u0107i kompromise sa njenom, u osnovi, radikalno centralisti\u010dkom politikom koja je u velikoj meri bila poni\u017eavaju\u0107a za Vojvodinu. Dodamo li ovome estradizaciju neprikosnovenog lidera LSV, Nenada \u010canka, sti\u010de se utisak da se ova partija tokom godina profilisala u &#8220;autonoma\u0161e po meri Beograda&#8221;. \u010cini se i da je njena potonja odluka da u\u0111e u koalicionu vlast u Novom Sadu sa svojim nekada\u0161njim najlju\u0107im politi\u010dkim protivnicima istrgla i poslednju kartu politi\u010dke doslednosti kojom je Liga neprestano igrala kod autonomisti\u010dki opredeljenih gra\u0111ana Vojvodine.<\/p>\n<p>\u0160to se ti\u010de same Srpske napredne stranke, njen vojvo\u0111anski odbor svakako predstavlja njenu originalnu, izvornu radikalsku verziju, kako po politici koju vodi, tako i po samim ljudima koji vode ovaj odbor. \u010citava vode\u0107a nomenklatura vojvo\u0111anskog SNS-a oli\u010dena u pokrajinskom premijeru Igoru Mirovi\u0107u, predsednici Skup\u0161tine Srbije Maji Gojkovi\u0107 i gradona\u010delniku Novog Sada Milo\u0161u Vu\u010devi\u0107u, \u010dinila je vrhu\u0161ku vojvo\u0111anskog odbora profa\u0161isti\u010dke Srpske radikalne stranke pre raskola u ovoj stranci koji je i proizveo dana\u0161nju SNS. Osim po promovisanju najprimitivnije mogu\u0107e verzije srpskog nacionalizma, ova klika je posebno ostala u se\u0107anju gra\u0111anima Novog Sada po obavljanju vlasti u gradu u periodu od 2004. do 2008. godine kada je u mandatu gradona\u010delnice Maje Gojkovi\u0107 izgra\u0111ena nova centralna autobuska stanica koja do danas nije dobila upotrebnu dozvolu i nikada nije kori\u0161\u0107ena, kao i po brojnim malverzacijama i aferama koje su se vezivale za tada\u0161njeg direktora Zavoda za izgradnju grada, a danas vojvo\u0111anskog premijera, Igora Mirovi\u0107a.<\/p>\n<p>Koliko god se centrala Srpske napredne stranke oli\u010dena u premijeru Vu\u010di\u0107u na prvi pogled \u010dinila ulju\u0111enom i evropeizovanom u odnosu na vlastitu \u010detni\u010dku pro\u0161lost, vojvo\u0111anski odbor ove partije je tu da nas podseti da ta pro\u0161lost i dalje itekako egzistira u strana\u010dkim strukturama. Od samog nastanka ova partija u Vojvodini vodi staru, radikalsku politiku, \u0161to je prvi put jasno stavljeno do znanja farsi\u010dnim poku\u0161ajem reprize &#8220;jogurt revolucije&#8221; <sup><a href=\"#footnote_1_15080\" id=\"identifier_1_15080\" class=\"footnote-link footnote-identifier-link\" title=\"Jogurt revolucijom se nazivaju uli\u010dni protesti putem kojih je izdejstvovana smena rukovodstva SAP Vojvodine 1988. godine posle \u010dega je Milo&scaron;evi\u0107 osvojio vlast u Vojvodini\">1<\/a><\/sup> mitingom pod nazivom &#8220;Stop razbijanju Srbije&#8221; koji je organizovan 2013. godine sa poku\u0161ajem da se tada\u0161nja vlast Demokratske stranke u Vojvodini privoli na raspisivanje prevremenih izbora. Ve\u0107 tada je bilo jasno da SNS po pitanju Vojvodine zauzima ve\u0107 vi\u0111enu velikosrpsku centralisti\u010dku poziciju i da i na simboli\u010dkoj ravni samo reprodukuje obrasce srpskog nacionalizma iz ratnih godina. U tom smislu i odluka o usvajanju tradicionalnih simbola Vojvodine predstavlja samo neprekinutu nacionalisti\u010dku agendu posrbljivanja Vojvodine sprovedenu od starih eksponenata ideologije srpskog nacionalizma.<\/p>\n<ol class=\"footnotes\"><li id=\"footnote_1_15080\" class=\"footnote\">Jogurt revolucijom se nazivaju uli\u010dni protesti putem kojih je izdejstvovana smena rukovodstva SAP Vojvodine 1988. godine posle \u010dega je Milo\u0161evi\u0107 osvojio vlast u Vojvodini<span class=\"footnote-back-link-wrapper\">[<a href=\"#identifier_1_15080\" class=\"footnote-link footnote-back-link\">&#8617;<\/a>]<\/span><\/li><\/ol>","protected":false},"excerpt":{"rendered":"<p>Nakon jednoipogodi\u0161njeg natezanja u toku kojeg se dogodila i promena vlasti, u vojvo\u0111anskom parlamentu je 15. septembra izglasana odluka usvajanju o tradicionalnog grba i zastave Pokrajine&#8230;<\/p>\n","protected":false},"author":10,"featured_media":15093,"comment_status":"closed","ping_status":"closed","sticky":false,"template":"","format":"standard","meta":{"footnotes":""},"categories":[454,1],"tags":[25],"theme":[456],"country":[11],"articleformat":[450],"coauthors":[139],"class_list":["post-15080","post","type-post","status-publish","format-standard","has-post-thumbnail","hentry","category-naslovnica","category-uncategorized","tag-nacionalizam","theme-politika","country-srbija","articleformat-tema"],"_links":{"self":[{"href":"https:\/\/www.bilten.org\/index.php?rest_route=\/wp\/v2\/posts\/15080","targetHints":{"allow":["GET"]}}],"collection":[{"href":"https:\/\/www.bilten.org\/index.php?rest_route=\/wp\/v2\/posts"}],"about":[{"href":"https:\/\/www.bilten.org\/index.php?rest_route=\/wp\/v2\/types\/post"}],"author":[{"embeddable":true,"href":"https:\/\/www.bilten.org\/index.php?rest_route=\/wp\/v2\/users\/10"}],"replies":[{"embeddable":true,"href":"https:\/\/www.bilten.org\/index.php?rest_route=%2Fwp%2Fv2%2Fcomments&post=15080"}],"version-history":[{"count":8,"href":"https:\/\/www.bilten.org\/index.php?rest_route=\/wp\/v2\/posts\/15080\/revisions"}],"predecessor-version":[{"id":36729,"href":"https:\/\/www.bilten.org\/index.php?rest_route=\/wp\/v2\/posts\/15080\/revisions\/36729"}],"wp:featuredmedia":[{"embeddable":true,"href":"https:\/\/www.bilten.org\/index.php?rest_route=\/wp\/v2\/media\/15093"}],"wp:attachment":[{"href":"https:\/\/www.bilten.org\/index.php?rest_route=%2Fwp%2Fv2%2Fmedia&parent=15080"}],"wp:term":[{"taxonomy":"category","embeddable":true,"href":"https:\/\/www.bilten.org\/index.php?rest_route=%2Fwp%2Fv2%2Fcategories&post=15080"},{"taxonomy":"post_tag","embeddable":true,"href":"https:\/\/www.bilten.org\/index.php?rest_route=%2Fwp%2Fv2%2Ftags&post=15080"},{"taxonomy":"theme","embeddable":true,"href":"https:\/\/www.bilten.org\/index.php?rest_route=%2Fwp%2Fv2%2Ftheme&post=15080"},{"taxonomy":"country","embeddable":true,"href":"https:\/\/www.bilten.org\/index.php?rest_route=%2Fwp%2Fv2%2Fcountry&post=15080"},{"taxonomy":"articleformat","embeddable":true,"href":"https:\/\/www.bilten.org\/index.php?rest_route=%2Fwp%2Fv2%2Farticleformat&post=15080"},{"taxonomy":"author","embeddable":true,"href":"https:\/\/www.bilten.org\/index.php?rest_route=%2Fwp%2Fv2%2Fcoauthors&post=15080"}],"curies":[{"name":"wp","href":"https:\/\/api.w.org\/{rel}","templated":true}]}}