{"id":15052,"date":"2016-09-20T09:20:20","date_gmt":"2016-09-20T08:20:20","guid":{"rendered":"http:\/\/www.bilten.org\/?p=15052"},"modified":"2016-09-20T09:21:29","modified_gmt":"2016-09-20T08:21:29","slug":"sumnjiva-racunica-politike-privlacenja-investicija","status":"publish","type":"post","link":"https:\/\/www.bilten.org\/?p=15052","title":{"rendered":"Sumnjiva ra\u010dunica politike &#8220;privla\u010denja investicija&#8221;"},"content":{"rendered":"<p>Prema ju\u010dera\u0161njoj <a href=\"http:\/\/www.balkaneu.com\/government-allocate-14-million-projects-boost-employment\/\" target=\"_blank\">najavi<\/a>, albanska vlada namjerava pro\u0161iriti svoj sustav potpore &#8220;otvaranju novih radnih mjesta&#8221; kroz doniranje sredstava iz dr\u017eavnog prora\u010duna privatnim investitorima. Program predvi\u0111a projektno financiranje investitora i isplatu 50% sredstava uo\u010di pokretanja posla, dok je ostatak planiran za isplatu kasnije, u vremenu zavr\u0161etka &#8220;projekta&#8221;. S obzirom na skromne mogu\u0107nosti albanskog prora\u010duna i projekti su vrlo ograni\u010deni, pogotovo ako uzmemo u obzir koja je zapravo namjera albanske vlade. Rije\u010d je naime tek o posljednjoj mjeri namijenjenoj razvoju tekstilne industrije, a provodi se u dogovoru s najve\u0107im poslodavcima iz ove bran\u0161e, koji su, prema priznanjima iz vlade, zapravo i autori vladinih programa.<\/p>\n<p>Tekstilna je industrija do 1990. godine bila me\u0111u najrazvijenijima u Albaniji te je zadovoljavala gotovo sve doma\u0107e potrebe, a znatno je sudjelovala i u skromnom albanskom izvozu. Dakako, tada je sektor uklju\u010divao sve segmente u proizvodnom lancu, od uzgoja i proizvodnje sirovina do zavr\u0161nog \u0161ivanja. Nakon neuspje\u0161ne privatizacije, tekstilna se industrija na\u0161la u vrlo te\u0161koj situaciji koja se, prema entuzijasti\u010dnim izjavama iz vlade, proteklih nekoliko godina dramati\u010dno pobolj\u0161ala. Osobit povod ponosa za albansku vladu je \u010dinjenica da se sve ovo dogodilo u jeku globalne krize. Me\u0111utim, ovaj &#8220;preporod&#8221; sada se odvio u sasvim druga\u010dijim okolnostima koje pru\u017eaju znatno manje povoda za zadovoljstvo.<\/p>\n<p><strong>&#8220;Novi ekonomski model&#8221;<\/strong><\/p>\n<p>Zapadnoeuropska tekstilna industrija se proteklih godina na\u0161la u problemu koji je tek posredno vezan uz krizu. Naime, njihovi su se pogoni za \u0161ivanje u velikoj mjeri nalazili u zemljama Bliskog istoka i sjeverne Afrike koje se sada uglavnom smatraju nestabilnima. Stoga su se tekstilne kompanije bacile u potragu za jednako jeftinim radom, ali u povoljnijem dru\u0161tveno-politi\u010dkom kontekstu. Vrijednog sugovornika pritom su na\u0161le u albanskoj vladi koja je unazad nekoliko godina, izme\u0111u ostalog, po\u010dela <a href=\"http:\/\/www.balkaneu.com\/aid-package-textile-industry-albania\/\" target=\"_blank\">iznajmljivati<\/a> pogone koje nije uspjela prodati za simboli\u010dnu cijenu od jednog eura te &#8220;vra\u0107ati&#8221; iznos PDV-a koje su tekstilne tvrtke upla\u0107ivale u prora\u010dun.<\/p>\n<p>S obzirom na bespovratna sredstva, porezna izuze\u0107a i besplatno kori\u0161tenje javne infrastrukture, o\u010dito je da je glavni investitor u albanskoj tekstilnoj industriji zapravo dr\u017eava, koja se velikodu\u0161no odri\u010de prihoda u korist privatnih kompanija. To je politika koju premijer Edi Rama naziva &#8220;novim ekonomskim modelom&#8221;, a predvi\u0111a razvoj izvozno orijentirane industrije temeljene na jeftinom radu koji mo\u017ee konkurirati zemljama &#8220;Tre\u0107eg svijeta&#8221;. Prostora za \u017ealbe poslodavaca me\u0111utim uvijek ima, pa su iz udruge poslodavaca u tekstilnoj industriji nedavno <a href=\"http:\/\/www.balkaneu.com\/textile-industry-albania-unprepared-potential-influx-import-orders\/\" target=\"_blank\">upozorili<\/a> vladu kako brzi rast sektora izaziva probleme povezane s nedostatkom kvalificirane radne snage koje &#8220;mo\u017ee rije\u0161iti samo dr\u017eava&#8221;, koja o\u010dito ne bi trebala zaboraviti svoju ulogu u reprodukciji radne snage samo zato \u0161to je na svoju le\u0111a preuzela i ve\u0107inu &#8220;poduzetni\u010dkog rizika&#8221;.<\/p>\n<p>U me\u0111uvremenu, radnice u ovoj industriji, koje rade zakonski tjedni maksimum sati bez prava na pauzu, izra\u010dunale su kako artikli koje proizvode na zapadnom tr\u017ei\u0161tu ko\u0161taju oko 300 eura. S druge strane, radnica koja je izradila proizvod po artiklu dobije oko dvadeset euro centi.<\/p>\n","protected":false},"excerpt":{"rendered":"<p>Prema ju\u010dera\u0161njoj najavi, albanska vlada namjerava pro\u0161iriti svoj sustav potpore &#8220;otvaranju novih radnih mjesta&#8221; kroz doniranje sredstava iz dr\u017eavnog prora\u010duna privatnim investitorima. Program predvi\u0111a projektno financiranje investitora i isplatu 50% sredstava uo\u010di pokretanja posla&#8230;<\/p>\n","protected":false},"author":10,"featured_media":6682,"comment_status":"closed","ping_status":"closed","sticky":false,"template":"","format":"standard","meta":{"footnotes":""},"categories":[],"tags":[125],"theme":[455],"country":[65],"articleformat":[205],"coauthors":[16],"class_list":["post-15052","post","type-post","status-publish","format-standard","has-post-thumbnail","hentry","tag-investicije","theme-rad","country-albanija","articleformat-vijest"],"_links":{"self":[{"href":"https:\/\/www.bilten.org\/index.php?rest_route=\/wp\/v2\/posts\/15052","targetHints":{"allow":["GET"]}}],"collection":[{"href":"https:\/\/www.bilten.org\/index.php?rest_route=\/wp\/v2\/posts"}],"about":[{"href":"https:\/\/www.bilten.org\/index.php?rest_route=\/wp\/v2\/types\/post"}],"author":[{"embeddable":true,"href":"https:\/\/www.bilten.org\/index.php?rest_route=\/wp\/v2\/users\/10"}],"replies":[{"embeddable":true,"href":"https:\/\/www.bilten.org\/index.php?rest_route=%2Fwp%2Fv2%2Fcomments&post=15052"}],"version-history":[{"count":2,"href":"https:\/\/www.bilten.org\/index.php?rest_route=\/wp\/v2\/posts\/15052\/revisions"}],"predecessor-version":[{"id":15054,"href":"https:\/\/www.bilten.org\/index.php?rest_route=\/wp\/v2\/posts\/15052\/revisions\/15054"}],"wp:featuredmedia":[{"embeddable":true,"href":"https:\/\/www.bilten.org\/index.php?rest_route=\/wp\/v2\/media\/6682"}],"wp:attachment":[{"href":"https:\/\/www.bilten.org\/index.php?rest_route=%2Fwp%2Fv2%2Fmedia&parent=15052"}],"wp:term":[{"taxonomy":"category","embeddable":true,"href":"https:\/\/www.bilten.org\/index.php?rest_route=%2Fwp%2Fv2%2Fcategories&post=15052"},{"taxonomy":"post_tag","embeddable":true,"href":"https:\/\/www.bilten.org\/index.php?rest_route=%2Fwp%2Fv2%2Ftags&post=15052"},{"taxonomy":"theme","embeddable":true,"href":"https:\/\/www.bilten.org\/index.php?rest_route=%2Fwp%2Fv2%2Ftheme&post=15052"},{"taxonomy":"country","embeddable":true,"href":"https:\/\/www.bilten.org\/index.php?rest_route=%2Fwp%2Fv2%2Fcountry&post=15052"},{"taxonomy":"articleformat","embeddable":true,"href":"https:\/\/www.bilten.org\/index.php?rest_route=%2Fwp%2Fv2%2Farticleformat&post=15052"},{"taxonomy":"author","embeddable":true,"href":"https:\/\/www.bilten.org\/index.php?rest_route=%2Fwp%2Fv2%2Fcoauthors&post=15052"}],"curies":[{"name":"wp","href":"https:\/\/api.w.org\/{rel}","templated":true}]}}