{"id":13646,"date":"2016-05-27T13:24:45","date_gmt":"2016-05-27T12:24:45","guid":{"rendered":"http:\/\/www.bilten.org\/?p=13646"},"modified":"2021-02-25T11:00:52","modified_gmt":"2021-02-25T10:00:52","slug":"politicki-potencijal-inicijative-ne-davimo-beograd","status":"publish","type":"post","link":"https:\/\/www.bilten.org\/?p=13646","title":{"rendered":"Politi\u010dki potencijal inicijative Ne davimo Beograd"},"content":{"rendered":"<p>Izme\u0111u 10.000 i 15.000 ljudi prosvjedovalo je u srijedu (25. maja) beogradskim ulicama protive\u0107i se <a href=\"http:\/\/www.bilten.org\/?p=868\" target=\"_blank\" rel=\"noopener\">gentrifikaciji<\/a> Beograda, predvo\u0111enoj projektom <a href=\"http:\/\/www.bilten.org\/?p=5308\" target=\"_blank\" rel=\"noopener\">Beograd na vodi<\/a>, a u organizaciji inicijative <a href=\"https:\/\/www.facebook.com\/nedavimobeograd\/?fref=ts\" target=\"_blank\" rel=\"noopener\">Ne davimo Beograd<\/a>. Prosvjednici su zahtijevali ostavke svih odgovornih za ilegalno <a href=\"http:\/\/www.bilten.org\/?p=13374\" target=\"_blank\" rel=\"noopener\">no\u0107no ru\u0161enje<\/a> objekata u Savamali \u0161to je revoltiralo gra\u0111ane te se prelilo u javno iskazivanje nezadovoljstva.<\/p>\n<p>Ono \u0161to je po\u010delo kao otpor dijela javnosti koja je svjesna potrebe za o\u010duvanjem javnih prostora u gradu, postupno stje\u010de sve sna\u017eniji politi\u010dki potencijal, no jo\u0161 uvijek ipak nedovoljno politi\u010dki artikuliran. Sa sve ve\u0107om javnom potporom, oko inkluzivne inicijative Ne davimo Beograd, stvara se kriti\u010dna masa sposobna za artikulaciju politi\u010dkog zahtjeva. Tome u prilog govori i \u010dinjenica da su i novinarska udru\u017eenja pozvala na ovaj prosvjed, usprkos <a href=\"http:\/\/www.balkaninsight.com\/en\/article\/serbian-media-selectively-reporting-on-waterfront-protesters-05-26-2016\" target=\"_blank\" rel=\"noopener\">izrazito lo\u0161oj<\/a> medijskoj pokrivenosti prosvjeda. <a href=\"http:\/\/www.danas.rs\/danasrs\/drustvo\/nuns_poziva_novinare_na_protest_quotne_davimo_beogradquot.55.html?news_id=321081\" target=\"_blank\" rel=\"noopener\">Solidarizacija<\/a> aktivista s novinarima i obratno izrazito je va\u017ean aspekt artikulacije masovnog socijalnog bunta, no kako se stvar ne bi ispuhala nu\u017eno je postavljanje politi\u010dkog zahtjeva.<\/p>\n<p>Tome bi, \u010dini se, mogle pripomo\u0107i organizacije gra\u0111ana iz drugih srpskih gradova. Na prosvjedu je tako govorio \u0110okica Jovanovi\u0107 iz Udru\u017eenja predsednika skup\u0161tina stanara Ni\u0161a organiziranih nakon \u0161to su Ni\u0161anima bili isporu\u010deni previsoki ra\u010duni za grijanje, rezultat takozvanih &#8220;nepravilnosti u naplati&#8221;. <a href=\"http:\/\/www.masina.rs\/?p=2819\" target=\"_blank\" rel=\"noopener\">Rezultat<\/a> njihovog samoorganiziranja je to da &#8220;<a href=\"http:\/\/www.slobodnaevropa.org\/a\/gradjani-ponovo-na-ulicama-rusimo-vlast-a-ne-beograd\/27757519.html\" target=\"_blank\" rel=\"noopener\">Ni\u0161 danas ima najjeftinije grijanje u Srbiji<\/a>&#8220;. Dio Jovanovi\u0107eve poruke nagla\u0161en u medijima sveden je na borbu protiv kr\u0161enja zakona i gra\u0111anskih prava, no jo\u0161 je va\u017eniji bio dio njegovog govora u kojem je istaknuo va\u017enost udru\u017eivanja i povezivanja borbi s naglaskom na njihov socijalni aspekt, \u0161to je svakako korak prema artikulaciji politi\u010dkog zahtjeva.<\/p>\n<p>Da ovaj protest dobiva sve ve\u0107i potencijal potvr\u0111uju i izvje\u0161taji da su me\u0111u prosvjednicima vi\u0111eni politi\u010dari poput Borisa Tadi\u0107a, Sande Ra\u0161kovi\u0107 Ivi\u0107, Zorana \u017divkovi\u0107a, Dragana Mar\u0161i\u0107anina, \u00d0or\u0111a Vukadinovi\u0107a koji \u0107e, \u010dini se, poku\u0161ati iskoristiti masovnost protesta za populisti\u010dko prikupljanje poena. Takva populisti\u010dka kooptacija protesta mo\u017ee se sprije\u010diti jedino politizacijom koja bi politi\u010dku elitu udaljila od inicijative Ne davimo Beograd.<\/p>\n","protected":false},"excerpt":{"rendered":"<p>Izme\u0111u 10.000 i 15.000 ljudi prosvjedovalo je u srijedu (25. maja) beogradskim ulicama protive\u0107i se gentrifikaciji Beograda, predvo\u0111enoj projektom Beograd na vodi, a u organizaciji inicijative Ne davimo Beograd. Prosvjednici su zahtijevali ostavke svih odgovornih za ilegalno no\u0107no ru\u0161enje objekata u Savamali \u0161to je revoltiralo gra\u0111ane te se prelilo u javno iskazivanje nezadovoljstva. Ono \u0161to [&hellip;]<\/p>\n","protected":false},"author":4,"featured_media":13647,"comment_status":"closed","ping_status":"closed","sticky":false,"template":"","format":"standard","meta":{"footnotes":""},"categories":[454,1],"tags":[33],"theme":[456],"country":[11],"articleformat":[450,205],"coauthors":[16],"class_list":["post-13646","post","type-post","status-publish","format-standard","has-post-thumbnail","hentry","category-naslovnica","category-uncategorized","tag-protest","theme-politika","country-srbija","articleformat-tema","articleformat-vijest"],"_links":{"self":[{"href":"https:\/\/www.bilten.org\/index.php?rest_route=\/wp\/v2\/posts\/13646","targetHints":{"allow":["GET"]}}],"collection":[{"href":"https:\/\/www.bilten.org\/index.php?rest_route=\/wp\/v2\/posts"}],"about":[{"href":"https:\/\/www.bilten.org\/index.php?rest_route=\/wp\/v2\/types\/post"}],"author":[{"embeddable":true,"href":"https:\/\/www.bilten.org\/index.php?rest_route=\/wp\/v2\/users\/4"}],"replies":[{"embeddable":true,"href":"https:\/\/www.bilten.org\/index.php?rest_route=%2Fwp%2Fv2%2Fcomments&post=13646"}],"version-history":[{"count":3,"href":"https:\/\/www.bilten.org\/index.php?rest_route=\/wp\/v2\/posts\/13646\/revisions"}],"predecessor-version":[{"id":36786,"href":"https:\/\/www.bilten.org\/index.php?rest_route=\/wp\/v2\/posts\/13646\/revisions\/36786"}],"wp:featuredmedia":[{"embeddable":true,"href":"https:\/\/www.bilten.org\/index.php?rest_route=\/wp\/v2\/media\/13647"}],"wp:attachment":[{"href":"https:\/\/www.bilten.org\/index.php?rest_route=%2Fwp%2Fv2%2Fmedia&parent=13646"}],"wp:term":[{"taxonomy":"category","embeddable":true,"href":"https:\/\/www.bilten.org\/index.php?rest_route=%2Fwp%2Fv2%2Fcategories&post=13646"},{"taxonomy":"post_tag","embeddable":true,"href":"https:\/\/www.bilten.org\/index.php?rest_route=%2Fwp%2Fv2%2Ftags&post=13646"},{"taxonomy":"theme","embeddable":true,"href":"https:\/\/www.bilten.org\/index.php?rest_route=%2Fwp%2Fv2%2Ftheme&post=13646"},{"taxonomy":"country","embeddable":true,"href":"https:\/\/www.bilten.org\/index.php?rest_route=%2Fwp%2Fv2%2Fcountry&post=13646"},{"taxonomy":"articleformat","embeddable":true,"href":"https:\/\/www.bilten.org\/index.php?rest_route=%2Fwp%2Fv2%2Farticleformat&post=13646"},{"taxonomy":"author","embeddable":true,"href":"https:\/\/www.bilten.org\/index.php?rest_route=%2Fwp%2Fv2%2Fcoauthors&post=13646"}],"curies":[{"name":"wp","href":"https:\/\/api.w.org\/{rel}","templated":true}]}}