{"id":1355,"date":"2014-06-17T06:50:50","date_gmt":"2014-06-17T05:50:50","guid":{"rendered":"http:\/\/www.bilten.org\/?p=1355"},"modified":"2021-02-25T11:06:37","modified_gmt":"2021-02-25T10:06:37","slug":"apoliticni-izbori-kosovska-konjunktura","status":"publish","type":"post","link":"https:\/\/www.bilten.org\/?p=1355","title":{"rendered":"Apoliti\u010dni izbori \u2013 kosovska konjunktura"},"content":{"rendered":"<style type=\"text\/css\"><!--\nP { margin-bottom: 0.21cm; }\n--><\/style>\n<p><strong>Nakon nedavnih parlamentarnih izbora na Kosovu pregovori oko nove vlade jo\u0161 su uvijek neizvjesni, no te\u0161ki izazovi i zadaci pred njom ve\u0107 su poznati. Agon Hamza analizira razvoj situacije i mogu\u0107e scenarije razrje\u0161enja politi\u010dkih i socijalnih konflikta u zemlji.<\/strong><\/p>\n<p>Republika Kosovo nikada ne prestaje biti zemljom zanimljivih doga\u0111aja. Kad ka\u017eem zanimljivi mislim na one doga\u0111aje koji dovode ljude u stanje zbunjenosti i nelagode. Takav je bio slu\u010daj i sa zadnjim izborima odr\u017eanima 8. lipnja \u010diji su rezultati iznenadili ve\u0107inu stanovnika. Iako je Demokratska stranka Kosova, vladaju\u0107a stranka u zemlji od sije\u010dnja 2008. godine, ponovno pobijedila sa 30,71%, \u010dinjenica da je Hashim Tha\u00e7i uspio dobiti ve\u0107inu glasova doista predstavlja iznena\u0111enje. Tha\u00e7i je simptom postoje\u0107eg politi\u010dkog i ideolo\u0161kog sustava u Kosovu. Njegovo je ime simbol dominantnih ideolo\u0161ko-politi\u010dkih struja u zemlji koja je obilje\u017eena najve\u0107om stopom nezaposlenosti u Europi (preko 48%), koja ima jednu od najvi\u0161ih stopa korupcije <sup><a href=\"#footnote_1_1355\" id=\"identifier_1_1355\" class=\"footnote-link footnote-identifier-link\" title=\"Iako, bilo bi iznimno va\u017eno analizirati korupciju kao nepoliti\u010dku kategoriju. Nipo&scaron;to ne branim korupciju, ali pozicioniranje korupcije kao primarne kontradikcije ve\u0107 je izgubljena bitka. Antikorupcijska borba ne pripada polju politike, to je stvar tehnokracije. To nadalje potvr\u0111uje i \u010dinjenica da zalaganje protiv korupcije ne dijeli politi\u010dko polje ni na kakav zna\u010dajan na\u010din. Tko bi bio &ldquo;za&rdquo; korupciju?\">1<\/a><\/sup> u regiji, koja je najizoliranija zemlja u Europi <sup><a href=\"#footnote_2_1355\" id=\"identifier_2_1355\" class=\"footnote-link footnote-identifier-link\" title=\"S kosovskom putovnicom mo\u017ee se putovati bez vize samo u sedam zemalja na svijetu.\">2<\/a><\/sup> te koja je, povrh svega, podre\u0111ena dvjema vanjskim silama u korelaciji \u2013 Europskoj uniji <sup><a href=\"#footnote_3_1355\" id=\"identifier_3_1355\" class=\"footnote-link footnote-identifier-link\" title=\"Ovdje bi se moglo prigovoriti da ne spominjem prisustvo NATO-a u Kosovu, no sada ve\u0107 nekoliko godina NATO nije faktor u zemlji &ndash; nemaju ni dovoljno trupa ni drugih kapaciteta za &ldquo;za&scaron;titu&rdquo; Kosova od invazije ili pak za uspostavljanje reda u zemlji u slu\u010daju demonstracija, nereda itd.\">3<\/a><\/sup> i Republici Srbiji. S time na umu, Tha\u00e7ijeva je pobjeda itekako iznena\u0111uju\u0107a, ako uzmemo u obzir to da on nije samo utjelovljenje te situacije, nego je situacija uglavnom i prete\u017eno rezultat njegovih vlada.<\/p>\n<p>No trebamo li zbilja biti iznena\u0111eni? Bismo li trebali pripisati njegovu pobjedu nezrelosti bira\u010da, kako neki politi\u010dari opozicijske \u201cfronte\u201d tvrde, ili bismo radije trebali proniknuti u politi\u010dko i ideolo\u0161ko pozicioniranje politi\u010dke scene u Kosovu da bismo razumjeli Tha\u00e7ijevu pobjedu?<\/p>\n<p><strong>Tha\u00e7ijeva ostav\u0161tina<\/strong><\/p>\n<p>Osim \u0161to je Tha\u00e7i amblemati\u010dno ime za deprimantne neprilike Kosova, njegova pobjeda ozna\u010dava politi\u010dko siroma\u0161tvo na Kosovu \u2013 postoji preko trideset politi\u010dkih stranaka koje se, u biti, ne razlikuju jedna od druge ni po kakvim jasnim politi\u010dkim pozicijama. Na primjer, sve su ujedinjene oko podr\u0161ke politici Europske unije i NATO-a, privatnom vlasni\u0161tvu itd. U tom smislu izborna pobjeda ne bi trebala biti preveliko iznena\u0111enje \u2013 u ovoj zemlji prava alternativa ne postoji.<\/p>\n<p>Nije \u010dudno da je odaziv na izbore bio jedan od najni\u017eih u poslijeratnom periodu sa samo 41%. Ne glasaju\u0107i, ljudi su pokazali svoje mi\u0161ljenje. No, pitanje je \u0161to su htjeli re\u0107i?<\/p>\n<p>Jo\u0161 jedan Tha\u00e7ijev mandat bio bi (gotovo) poguban za budu\u0107nost ove zemlje. Postoje\u0107i trend mora biti zaustavljen, posebno privatizacija svega postoje\u0107eg i (bezuvjetni) pregovori sa Srbijom. Tim vi\u0161e \u0161to unato\u010d \u010dinjenici da je pobijedio na izborima, Tha\u00e7i nema ve\u0107inu za formiranje vlade. Opozicija se ujedinila i stvorila postizborni blok koji im osigurava ve\u0107inu mjesta u novoj kosovskoj Skup\u0161tini. U tom smislu novu vladu formirat \u0107e tri opozicijske stranke s potporom pokreta Samoopredjeljenje (Vet\u00ebvendosje), \u201clijeve\u201d nacionalisti\u010dke stranke koja je odlu\u010dila podr\u017eati koaliciju izvana. Ipak, situacija je otvorena: ili \u0107emo imati novu koalicijsku vladu koju \u0107e stvoriti opozicijske stranke (i manjine) ili izvanredne izbore kroz \u0161ezdeset dana. Ustav Republike Kosovo vrlo je dvosmislen u pogledu davanja mandata za formiranje vlade.<\/p>\n<p>O\u010dito da projektanti na\u0161eg ustava iz EU-a i SAD-a nisu predvidjeli da bi se takva situacija doista mogla i dogoditi \u2013 tu mo\u017eemo vidjeti granice neoimperijalne ma\u0161te. Po\u010dela je politi\u010dka bitka izme\u0111u opozicijskog bloka i Tha\u00e7ija i perspektiva izgleda mutnije no onoga dana kada je koalicija bila potpisana. Jedina instanca koja mo\u017ee stati na kraj ovim la\u017enim borbama presuda je Ustavnoga suda.<\/p>\n<p><strong>Neizvjesni suverenitet u kontekstu socijalne katastrofe<\/strong><\/p>\n<p>Ipak, sljede\u0107a vlada, bilo Tha\u00e7ijeva ili opozicijska, bit \u0107e suo\u010dena s gotovo nemogu\u0107im zadacima naslije\u0111enima od pro\u0161lih vlada. Navest \u0107u najva\u017enije zadatke koji bi u krajnjoj instanci mogli imati regionalan u\u010dinak. Podijelit \u0107u ih u dva dijela, u \u201czadatost\u201d situacije i \u201cpredvi\u0111anja\u201d.<\/p>\n<p>1) Prvo i najva\u017enije (za sada): podjela sjevera Kosova. Nakon pro\u0161logodi\u0161njeg sporazuma u Bruxellesu izme\u0111u Kosova i Srbije <sup><a href=\"#footnote_4_1355\" id=\"identifier_4_1355\" class=\"footnote-link footnote-identifier-link\" title=\"Pro&scaron;logodi&scaron;ji pregovori izme\u0111u Beograda i Pri&scaron;tine pod &ldquo;pokroviteljstvom&rdquo; EU i vodstvom Catherine Ashton rezultirali su potpisivanjem Briselskog sporazuma u travnju koji je omogu\u0107io de facto priznanje Kosova od strane Srbije, ali i formiranje Zajednice srpskih op&scaron;tina na Kosovu. Sporazum su pozdravili EU, NATO i OSCE, a barunica Ashton ga je nazvala va\u017enim korakom prema europskim integracijama. U lipnju, prilikom ratificiranja sporazuma u kosovskom parlamentu, pokret Vet&euml;vendosje je organizirao prosvjed protiv &ldquo;podjele zemlje po etni\u010dkim linijama&rdquo;. op. ur.\">4<\/a><\/sup> to se \u010dini gotovo neizbje\u017enim. Ako se dijalog Pri\u0161tine i Beograda nastavi (kako se o\u010dekuje) potpisivanjem jo\u0161 jednog opasnog sporazuma o Sjeverom Kosovu, to \u0107e i slu\u017ebeno u\u010diniti od Kosova drugu BiH. Imat \u0107emo vlastitu Republiku Srpsku kao prijelaznu fazu prema legalnoj i definitivnoj podjeli sjevera Kosova. Trebali bismo se isto prisjetiti da bi eventualna promjena kosovske granice najvjerojatnije utjecala barem na Makedoniju i BiH. Sporazum iz travnja 2012. godine bio je vrlo uspje\u0161an u stvaranju temelja za defunkcionalizaciju Kosova. No nastavak dijaloga Pri\u0161tine i Beograda u postoje\u0107em obliku i na postoje\u0107oj platformi na kraju bi mogao rezultirati definitivnim restrukturiranjem granica barem tri zemlje. Sljede\u0107a vlada Kosova trebala bi odmah zaustaviti dijalog, povu\u0107i potpisivanje sporazuma te zapo\u010deti dijalog na novom temelju i pod novim uvjetima.<\/p>\n<p>2) Kosovo ima visoku stopu nezaposlenosti, 48% stanovni\u0161tva, dok 18-20% \u017eivi u ekstremnom siroma\u0161tvu (s manje od jednog dolara dnevno). Ekonomsku poziciju ove zemlje unazadile su politike MMF-a i EU-a od 2000. godine, utemeljene na privatizaciji svega, uni\u0161tavanju doma\u0107e proizvodnje i poljoprivrede orijentacijom kosovske ekonomije na uslu\u017ene djelatnosti i trgovinu.<\/p>\n<p>Na temelju tih \u010dinjenica mo\u017eemo izvesti sljede\u0107a predvi\u0111anja:<\/p>\n<p>1) U danoj politi\u010dko-ekonomskoj kosovskoj konjunkturi, demonstracije, prosvjedi, neredi i drugi oblici socijalnih nemira postaju nu\u017enost. Iako neredi i dru\u0161tveni nemiri nisu po definiciji rje\u0161enje za situaciju, ipak mogu postati uvjeti za otvaranje mogu\u0107nosti za novu situaciju. Drugim rije\u010dima, pobuna mo\u017ee otvoriti prostor novoj politi\u010dkoj intervenciji. Ljutnja ili razo\u010daranje (ili \u010dak lo\u0161i \u017eivotni standardi) nisu sami po sebi prava politi\u010dka kategorija. Neredi u Kosovu u travnju 2004. jasan su primjer toga.<\/p>\n<p>Nadalje, uz neorganiziranu i posve marginalnu ljevicu, snage reakcije uvijek-ve\u0107 ostvaruju hegemoniju u narodnim prevratima. Nova vlada, ako uspije izdr\u017eati \u010detiri godine mandata, morat \u0107e se nositi s narodnim nezadovoljstvima svih vrsta koji \u0107e, prema mom mi\u0161ljenju, buknuti u obliku (nasilnih) demonstracija i nereda.<\/p>\n<p>2) Nova \u0107e se vlada tako\u0111er morati nositi s klju\u010dnim problemima Kosova: problemom neoimperijalnih struktura u zemlji, koje do neke mjere imaju odre\u0111uju\u0107u ulogu u politi\u010dkom i ekonomskom \u017eivotu zemlje. Dok se trupe NATO-a polako povla\u010de sa Kosova <sup><a href=\"#footnote_5_1355\" id=\"identifier_5_1355\" class=\"footnote-link footnote-identifier-link\" title=\"Mo\u017eemo najaviti dobre vijesti za ljevicu: Amerikanci ve\u0107 planiraju zatvaranje vojnih baza u Kosovu.\">5<\/a><\/sup>, prisutnost nekoliko misija EU-a u zemlji jo\u0161 uvijek je vrlo problemati\u010dna. O\u010dito nasilje ne\u0107e biti ni od kakve pomo\u0107i u ovoj domeni, naprotiv, poja\u010dalo bi prisutnost, u\u010dinkovitost i uplitanje neoimperijalne administracije u zemlji. Sa strukturama EU-a moramo provesti pragmati\u010dan i strpljiv dijalog dok istovremeno ja\u010damo dr\u017eavne aparate.<\/p>\n<p><strong>Kakva alternativa?<\/strong><\/p>\n<p>Kada se sve uzme u obzir, situacija se \u010dini vrlo o\u010dajnom i beznadnom za bilo koju od stranaka koje \u0107e formirati vladu. Nadalje, situacija postaje jo\u0161 gorom kada pomislimo na slabost, odnosno nepostojanje ljevice. A kad ka\u017eem ljevica ne mislim na tip ljevi\u010darskog pokreta kao \u0161to je Vet\u00ebvendosje (socijaldemokratski s odre\u0111uju\u0107om nacionalisti\u010dkom pozicijom), nego na pravu radikalnu ljevicu koja nije anga\u017eirana ni u kakvom promatranju sebe kao \u017ertve Drugoga, \u010dija pozicija priznaje kapitalizam sam po sebi kao glavnu dru\u0161tvenu kontradikciju.<\/p>\n<p>Na ovim izborima ljevica nije uspjela artikulirati jasne pozicije kao ni mobilizirati mase protiv postoje\u0107ih politi\u010dkih stranaka. U tom pogledu, smatram da je najva\u017enija stvar to da (takozvana) ljevica (s nacionalisti\u010dkim stavovima) ne\u0107e imati pravo djelovati svemo\u0107no ili jo\u0161 gore, s vi\u0161e moralne i patroniziraju\u0107e pozicije kada ljudi iza\u0111u na ulice, niti u slu\u010daju nasilja, jer \u0107e pomagati u stvaranju uvjeta za takvu pobunu time \u0161to ne pru\u017ea ljudima zajedni\u010dki cilj. Jednostavnije re\u010deno, za rje\u0161enje situacije nacionalna pripadnost se pokazala nedovoljnom. Prosvjede protiv visoke nezaposlenosti ne\u0107e mo\u0107i kontrolirati stranka ili pokret koji se ne suo\u010dava sa stvarnim izvorom problema.<\/p>\n<p>Usprkos tome, ne mo\u017eemo se jednostavno prepustiti o\u010daju i tvrditi da je situacija beznadna te da smo podbacili. Primarni je zadatak usredoto\u010diti se na pru\u017eanje jasne i nedvosmislene pozicije, kao i na mobilizaciju masa protiv podjele zemlje i protiv privatizacije postoje\u0107ih dr\u017eavnih ili javnih tvrtki. Samo nova pozicija iz perspektive radikalne ljevice mo\u017ee nas izvu\u0107i iz postoje\u0107ih deprimantnih neprilika.<\/p>\n<p style=\"text-align: right;\">S engleskog prevela: Dorotea-Dora Held<\/p>\n<ol class=\"footnotes\"><li id=\"footnote_1_1355\" class=\"footnote\">Iako, bilo bi iznimno va\u017eno analizirati korupciju kao nepoliti\u010dku kategoriju. Nipo\u0161to ne branim korupciju, ali pozicioniranje korupcije kao primarne kontradikcije ve\u0107 je izgubljena bitka. Antikorupcijska borba ne pripada polju politike, to je stvar tehnokracije. To nadalje potvr\u0111uje i \u010dinjenica da zalaganje protiv korupcije ne dijeli politi\u010dko polje ni na kakav zna\u010dajan na\u010din. Tko bi bio \u201cza\u201d korupciju?<span class=\"footnote-back-link-wrapper\">[<a href=\"#identifier_1_1355\" class=\"footnote-link footnote-back-link\">&#8617;<\/a>]<\/span><\/li><li id=\"footnote_2_1355\" class=\"footnote\">S kosovskom putovnicom mo\u017ee se putovati bez vize samo u sedam zemalja na svijetu.<span class=\"footnote-back-link-wrapper\">[<a href=\"#identifier_2_1355\" class=\"footnote-link footnote-back-link\">&#8617;<\/a>]<\/span><\/li><li id=\"footnote_3_1355\" class=\"footnote\">Ovdje bi se moglo prigovoriti da ne spominjem prisustvo NATO-a u Kosovu, no sada ve\u0107 nekoliko godina NATO nije faktor u zemlji \u2013 nemaju ni dovoljno trupa ni drugih kapaciteta za \u201cza\u0161titu\u201d Kosova od invazije ili pak za uspostavljanje reda u zemlji u slu\u010daju demonstracija, nereda itd.<span class=\"footnote-back-link-wrapper\">[<a href=\"#identifier_3_1355\" class=\"footnote-link footnote-back-link\">&#8617;<\/a>]<\/span><\/li><li id=\"footnote_4_1355\" class=\"footnote\">Pro\u0161logodi\u0161ji pregovori izme\u0111u Beograda i Pri\u0161tine pod \u201cpokroviteljstvom\u201d EU i vodstvom Catherine Ashton rezultirali su potpisivanjem Briselskog sporazuma u travnju koji je omogu\u0107io <em>de facto<\/em> priznanje Kosova od strane Srbije, ali i formiranje Zajednice srpskih op\u0161tina na Kosovu. Sporazum su pozdravili EU, NATO i OSCE, a barunica Ashton ga je nazvala va\u017enim korakom prema europskim integracijama. U lipnju, prilikom ratificiranja sporazuma u kosovskom parlamentu, pokret Vet\u00ebvendosje je organizirao prosvjed protiv \u201cpodjele zemlje po etni\u010dkim linijama\u201d. op. ur.<span class=\"footnote-back-link-wrapper\">[<a href=\"#identifier_4_1355\" class=\"footnote-link footnote-back-link\">&#8617;<\/a>]<\/span><\/li><li id=\"footnote_5_1355\" class=\"footnote\">Mo\u017eemo najaviti dobre vijesti za ljevicu: Amerikanci ve\u0107 planiraju zatvaranje vojnih baza u Kosovu.<span class=\"footnote-back-link-wrapper\">[<a href=\"#identifier_5_1355\" class=\"footnote-link footnote-back-link\">&#8617;<\/a>]<\/span><\/li><\/ol>","protected":false},"excerpt":{"rendered":"<p>Republika Kosovo nikada ne prestaje biti zemljom zanimljivih doga\u0111aja. Kad ka\u017eem zanimljivi mislim na one doga\u0111aje koji dovode ljude u stanje zbunjenosti i nelagode&#8230;<\/p>\n","protected":false},"author":10,"featured_media":1361,"comment_status":"closed","ping_status":"closed","sticky":false,"template":"","format":"standard","meta":{"footnotes":""},"categories":[454,1],"tags":[12],"theme":[456],"country":[124],"articleformat":[450],"coauthors":[123],"class_list":["post-1355","post","type-post","status-publish","format-standard","has-post-thumbnail","hentry","category-naslovnica","category-uncategorized","tag-izbori","theme-politika","country-kosovo","articleformat-tema"],"_links":{"self":[{"href":"https:\/\/www.bilten.org\/index.php?rest_route=\/wp\/v2\/posts\/1355","targetHints":{"allow":["GET"]}}],"collection":[{"href":"https:\/\/www.bilten.org\/index.php?rest_route=\/wp\/v2\/posts"}],"about":[{"href":"https:\/\/www.bilten.org\/index.php?rest_route=\/wp\/v2\/types\/post"}],"author":[{"embeddable":true,"href":"https:\/\/www.bilten.org\/index.php?rest_route=\/wp\/v2\/users\/10"}],"replies":[{"embeddable":true,"href":"https:\/\/www.bilten.org\/index.php?rest_route=%2Fwp%2Fv2%2Fcomments&post=1355"}],"version-history":[{"count":13,"href":"https:\/\/www.bilten.org\/index.php?rest_route=\/wp\/v2\/posts\/1355\/revisions"}],"predecessor-version":[{"id":1393,"href":"https:\/\/www.bilten.org\/index.php?rest_route=\/wp\/v2\/posts\/1355\/revisions\/1393"}],"wp:featuredmedia":[{"embeddable":true,"href":"https:\/\/www.bilten.org\/index.php?rest_route=\/wp\/v2\/media\/1361"}],"wp:attachment":[{"href":"https:\/\/www.bilten.org\/index.php?rest_route=%2Fwp%2Fv2%2Fmedia&parent=1355"}],"wp:term":[{"taxonomy":"category","embeddable":true,"href":"https:\/\/www.bilten.org\/index.php?rest_route=%2Fwp%2Fv2%2Fcategories&post=1355"},{"taxonomy":"post_tag","embeddable":true,"href":"https:\/\/www.bilten.org\/index.php?rest_route=%2Fwp%2Fv2%2Ftags&post=1355"},{"taxonomy":"theme","embeddable":true,"href":"https:\/\/www.bilten.org\/index.php?rest_route=%2Fwp%2Fv2%2Ftheme&post=1355"},{"taxonomy":"country","embeddable":true,"href":"https:\/\/www.bilten.org\/index.php?rest_route=%2Fwp%2Fv2%2Fcountry&post=1355"},{"taxonomy":"articleformat","embeddable":true,"href":"https:\/\/www.bilten.org\/index.php?rest_route=%2Fwp%2Fv2%2Farticleformat&post=1355"},{"taxonomy":"author","embeddable":true,"href":"https:\/\/www.bilten.org\/index.php?rest_route=%2Fwp%2Fv2%2Fcoauthors&post=1355"}],"curies":[{"name":"wp","href":"https:\/\/api.w.org\/{rel}","templated":true}]}}