{"id":13058,"date":"2016-04-25T10:12:06","date_gmt":"2016-04-25T09:12:06","guid":{"rendered":"http:\/\/www.bilten.org\/?p=13058"},"modified":"2016-04-25T10:16:48","modified_gmt":"2016-04-25T09:16:48","slug":"biznismenove-nevolje-s-pravnom-drzavom","status":"publish","type":"post","link":"https:\/\/www.bilten.org\/?p=13058","title":{"rendered":"Biznismenove nevolje s pravnom dr\u017eavom"},"content":{"rendered":"<p>Veliki skandal potresao je albansku politi\u010dku scenu na otvaranju sajma prehrambenih proizvoda u subotu. Naime, neposredno nakon sve\u010danosti otvorenja u blizini Tirane, priveden je jedan od organizatora i doma\u0107in sajma, biznismen i politi\u010dar Nikollaq Neranxi. Uhi\u0107enje je izazvalo niz bijesnih reakcija. Sam Neranxi, ina\u010de vlasnik istoimene grupe koja se bavi trgovinom, po\u017ealio se da je dr\u017eava uhi\u0107enjem pokvarila sajam koji je pripreman mjesecima, indignirano obja\u0161njavaju\u0107i: &#8220;dr\u017eavna policija, koju ja pla\u0107am svojim porezima, je mene uhitila.&#8221; Naglasak na porezima nije slu\u010dajan. Biznismen je izme\u0111u ostalog i predsjednik udru\u017eenja za &#8220;za\u0161titu biznisa i tr\u017ei\u0161ta&#8221; i najglasniji albanski borac protiv poreza za poslodavce.<\/p>\n<p>Za Neranxija i njegove brojne neslu\u017ebene glasnogovornike, uhi\u0107enje nipo\u0161to nije ona usluga za koju &#8220;najve\u0107i porezni obveznik u zemlji&#8221; pla\u0107a policiji. Analiti\u010dar Ilir Kulla tako je za <a href=\"http:\/\/www.balkaneu.com\/absurd-arrest-discouragement-business\/\" target=\"_blank\">IBNA <\/a>upozorio kako su na sajmu bile prisutne &#8220;mnoge strane kompanije [&#8230;] u vrlo pozitivnoj atmosferi koja je pokazala jednu drugu Albaniju&#8221;. Uhi\u0107enje je to me\u0111utim sada pokvarilo. &#8220;Proveo sam sat vremena da uvjerim stranog investitora da preseli dio poslova u Albaniju. Tko zna \u0161to je on pomislio kad je vidio uhi\u0107enje doma\u0107ina i uglednog poduzetnika!&#8221; Sli\u010dno misli i kolumnist Dritan Kaba koji je izdavanje naloga za uhi\u0107enje &#8220;tihog heroja koji zapo\u0161ljava stotine&#8221; i &#8220;borca za ekonomske slobode&#8221; nazvao &#8220;lo\u0161im znakom i sramotnim \u010dinom&#8221;. &#8220;\u0160to bi bilo da on sada zatvori svoj biznis? Tko bi platio njegove radnike?&#8221;, pita se Kulla.<\/p>\n<p>U interpretaciji uhi\u0107enja kao napada dr\u017eave na slobodu jo\u0161 je dalje oti\u0161ao biv\u0161i vo\u0111a opozicije Sali Berisha koji je uhi\u0107enje nazvao &#8220;odvratnim staljinisti\u010dkim \u010dinom protiv Neranxija zato \u0161to je branio interese biznisa&#8221;. Nitko od navedenih nije previ\u0161e pa\u017enje posvetio pitanju povoda uhi\u0107enju. Prema izvje\u0161taju policije, Neranxi je sa svojom svitom nepropisno parkirao i blokirao dio autoputa Tirana\u2013Dra\u010d, a zatim su njegovi tjelesni \u010duvari fizi\u010dki sprije\u010dili prometne policajce u poku\u0161aju da mu napi\u0161u kaznu, te ih vrije\u0111ali i prijetili im. No \u0161to su naposljetku zakoni i pravo prema interesima biznisa? Uostalom, Neranxi se nema \u0161to brinuti, jer je tu\u017eiteljstvo ve\u0107 s gnu\u0161anjem odbilo podignuti optu\u017enicu zbog &#8220;apsurdnog incidenta&#8221;.<\/p>\n","protected":false},"excerpt":{"rendered":"<p>Veliki skandal potresao je albansku politi\u010dku scenu na otvaranju sajma prehrambenih proizvoda u subotu. Naime, neposredno nakon sve\u010danosti otvorenja u blizini Tirane, priveden je jedan od organizatora i doma\u0107in sajma, biznismen i politi\u010dar Nikollaq Neranxi&#8230;<\/p>\n","protected":false},"author":10,"featured_media":13059,"comment_status":"closed","ping_status":"closed","sticky":false,"template":"","format":"standard","meta":{"footnotes":""},"categories":[],"tags":[],"theme":[],"country":[65],"articleformat":[205],"coauthors":[16],"class_list":["post-13058","post","type-post","status-publish","format-standard","has-post-thumbnail","hentry","country-albanija","articleformat-vijest"],"_links":{"self":[{"href":"https:\/\/www.bilten.org\/index.php?rest_route=\/wp\/v2\/posts\/13058","targetHints":{"allow":["GET"]}}],"collection":[{"href":"https:\/\/www.bilten.org\/index.php?rest_route=\/wp\/v2\/posts"}],"about":[{"href":"https:\/\/www.bilten.org\/index.php?rest_route=\/wp\/v2\/types\/post"}],"author":[{"embeddable":true,"href":"https:\/\/www.bilten.org\/index.php?rest_route=\/wp\/v2\/users\/10"}],"replies":[{"embeddable":true,"href":"https:\/\/www.bilten.org\/index.php?rest_route=%2Fwp%2Fv2%2Fcomments&post=13058"}],"version-history":[{"count":3,"href":"https:\/\/www.bilten.org\/index.php?rest_route=\/wp\/v2\/posts\/13058\/revisions"}],"predecessor-version":[{"id":13062,"href":"https:\/\/www.bilten.org\/index.php?rest_route=\/wp\/v2\/posts\/13058\/revisions\/13062"}],"wp:featuredmedia":[{"embeddable":true,"href":"https:\/\/www.bilten.org\/index.php?rest_route=\/wp\/v2\/media\/13059"}],"wp:attachment":[{"href":"https:\/\/www.bilten.org\/index.php?rest_route=%2Fwp%2Fv2%2Fmedia&parent=13058"}],"wp:term":[{"taxonomy":"category","embeddable":true,"href":"https:\/\/www.bilten.org\/index.php?rest_route=%2Fwp%2Fv2%2Fcategories&post=13058"},{"taxonomy":"post_tag","embeddable":true,"href":"https:\/\/www.bilten.org\/index.php?rest_route=%2Fwp%2Fv2%2Ftags&post=13058"},{"taxonomy":"theme","embeddable":true,"href":"https:\/\/www.bilten.org\/index.php?rest_route=%2Fwp%2Fv2%2Ftheme&post=13058"},{"taxonomy":"country","embeddable":true,"href":"https:\/\/www.bilten.org\/index.php?rest_route=%2Fwp%2Fv2%2Fcountry&post=13058"},{"taxonomy":"articleformat","embeddable":true,"href":"https:\/\/www.bilten.org\/index.php?rest_route=%2Fwp%2Fv2%2Farticleformat&post=13058"},{"taxonomy":"author","embeddable":true,"href":"https:\/\/www.bilten.org\/index.php?rest_route=%2Fwp%2Fv2%2Fcoauthors&post=13058"}],"curies":[{"name":"wp","href":"https:\/\/api.w.org\/{rel}","templated":true}]}}