{"id":13000,"date":"2016-04-21T13:41:31","date_gmt":"2016-04-21T12:41:31","guid":{"rendered":"http:\/\/www.bilten.org\/?p=13000"},"modified":"2019-12-26T11:50:28","modified_gmt":"2019-12-26T10:50:28","slug":"njemacki-plinski-interesi-sjeverni-tok-2","status":"publish","type":"post","link":"https:\/\/www.bilten.org\/?p=13000","title":{"rendered":"Njema\u010dki plinski interesi: Sjeverni tok 2"},"content":{"rendered":"<p>Projekt Sjeverni tok 2 \u2013 izgradnja novog plinovoda od Rusije do Njema\u010dke preko Baltika \u2013 &#8220;polarizira zemlje Europske unije i proizvodi politi\u010dku raspravu kao nijedan primarno komercijalni projekt do sada&#8221;, zaklju\u010dak je potpredsjednika Europske komisije, ujedno i osobe zadu\u017eene za Energetsku uniju, Maro\u0161a \u0160ef\u010dovi\u010da. Europska komisija na\u0161la se zbunjenom te \u0107e, prije nego \u0161to donesu bilo kakvu odluku, sagledati \u0161iru sliku. Cilj Komisije je pomiriti &#8220;striktno komercijalne&#8221; interese Sjevernog toka 2 sa regulativom Europske unije, primarno Tre\u0107im energetskim paketom (<a href=\"http:\/\/www.europarl.europa.eu\/ftu\/pdf\/hr\/FTU_5.7.2.pdf\" target=\"_blank\" rel=\"noopener noreferrer\">sadr\u017ei tri direktive i dvije uredbe<\/a>).<\/p>\n<p>Primarni cilj Tre\u0107eg energetskog <a href=\"http:\/\/liderpress.hr\/static\/media\/attached_files\/attachedfileitem\/Prof.dr.sc._Eraldo_Banovac_HERA_Sto_donosi_3._energetski_paket\/E13_Banovac.pdf\" target=\"_blank\" rel=\"noopener noreferrer\">paketa<\/a> je uspostaviti jedinstvena tr\u017ei\u0161ta elektri\u010dne energije i prirodnog plina u EU, na kojima \u0107e cijene biti \u0161to ni\u017ee, a standardi usluga i sigurnost opskrbe energijom visoki. Metoda provedbe ovog cilja je komercijalizacija i energetska reforma. Protiv niti jednog drugog projekta nije se pobunio toliki broj \u0161efova dr\u017eava i toliki broj ambasadora, konstatirao je \u0160ef\u010dovi\u010d, a posebno se projektu protive Bugarska, \u010ce\u0161ka, Estonija, Gr\u010dka, Latvija, Litva, Ma\u0111arska, Poljska, Rumunjska i Slova\u010dka. Njima su se pridru\u017eile i Velika Britanija te Turska.<\/p>\n<p>Osim komercijalnih interesa Njema\u010dke, ostale zemlje, a pogotovo isto\u010dne \u010dlanice EU, nemaju nikakve koristi od ovog projekta, \u0161tovi\u0161e, on \u010dak unosi zna\u010dajnu neravnote\u017eu u unutarnje europsko energetsko tr\u017ei\u0161te, \u0161to je izravno kontradiktorno s europskom strategijom energetske reforme i Tre\u0107im energetskim paketom koji podrazumijeva unutarnju energetsku ravnote\u017eu EU. No, Njema\u010dka, \u010dini se, svoje komercijalne interese postavlja kao prioritet pred energetskom ravnote\u017eom EU.<\/p>\n<p><strong>Kontradikcije strate\u0161kih interesa<\/strong><\/p>\n<p>Za\u0161to bi EU odobrila ovaj projekt, nejasno je na vi\u0161e razina. Za po\u010detak, kapaciteti postoje\u0107eg plinovoda Sjeverni tok (1) koji spaja Rusiju i Njema\u010dku preko Baltina iskori\u0161tavaju tek 50 posto svojih mogu\u0107nosti. Procijenjeni kapaciteti Sjevernog toka 2 bili bi jo\u0161 ve\u0107i, i Komisiji se \u010dine pretjerani. No, ukoliko se plinovodom preko Baltika kompenzira transport planiran otkazanim ju\u017enim projektima (Ju\u017eni tok, turski tok i hipoteti\u010dni bugarski), a iz jednad\u017ebe se izbace Poljska i Ukrajina, te Njema\u010dka postane najva\u017eniji distributer ruskog plina u Europi, tek tada zami\u0161ljeni kapaciteti Sjevernog toka 2 dobivaju neki kontekst. No, u tom slu\u010daju Poljska i Ukrajina gube oko dvije milijarde eura poreza na tranzit plinom godi\u0161nje, \u0161to, unosi novu neravnote\u017eu u tzv. unutra\u0161nje energetsko tr\u017ei\u0161te.<\/p>\n<p>Osim toga, energetskoj nesigurnosti dodatno bi postale izlo\u017eene zemlje Isto\u010dne i Ju\u017ene Europe. Podsjetimo, projekt Sjeverni tok 2, u junu 2015. godine, usred sankcija koje je Europska unija nametnula Rusiji, najavile su anglo-nizozemski Shell, njema\u010dki E.ON, francuski ENGIE i austrijski OMV, no stagnira zbog neuskla\u0111enosti s regulativom EU. Kako bi se ovi &#8220;problemi&#8221; razrije\u0161ili, EU mora osigurati energetsku ravnote\u017eu cijele zajednice, te bi radi toga morala ponovno pokrenuti projekt Ju\u017eni tok, koji je podsjetimo, prekinut u vrijeme vrhunca oru\u017eanog konflikta u Ukrajini, tobo\u017ee tako\u0111er radi svoje neuskla\u0111enosti s Tre\u0107im energetskim paketom.<\/p>\n<p><strong>Ju\u017eni tok<\/strong><\/p>\n<p>Kako bi zadovoljila komercijalne interese velikih europskih naftnih kompanija, a ipak fingirala provedbu vlastite strategije, EK poku\u0161ava ovom problemu dosko\u010diti tako da ponovno pokrene izgradnju Ju\u017enog toka. Ukoliko se ponovno pokrene Ju\u017eni tok, planirani drugi Sjeverni, \u010dini se postaje izli\u0161an \u2013 prevelikih kapaciteta, tik uz ve\u0107 postoje\u0107i, a tek polovi\u010dno iskori\u0161teni.<\/p>\n<p>Izgradnja Ju\u017enog toka, zbog terena kojim prolazi bila bi skuplja, a skupa je i renovacija poljskog plinovoda, stoga se ove pote\u0161ko\u0107e mogu \u010diniti kao argumenti u korist izgradnje Sjevernog toka 2. Me\u0111utim, \u010dini se da je jedino rje\u0161enje kojem se Komisija uspijeva dosjetiti da se Sjeverni tok izgradi taj da se paralelno izgradi i Ju\u017eni tok te da se Rusiji nametne obaveza transporta plina preko Ukrajine i Poljske, kako bi se makar privremeno (jer se ovi ugovori svi potpisuju s vremenskim ograni\u010denjem po isteku kojih je jednostavno prebaciti transport na Sjeverni tok) odr\u017eala iluzija da se Komisija pridr\u017eava vlastitih strategija te da je njezin prioritet jednak razvoj cijele EU. No, da li je realno o\u010dekivanje da \u0107e Europska komisija \u017ertvovati interese najve\u0107ih europskih naftnih kompanija radi siroma\u0161nog &#8220;tr\u017ei\u0161ta&#8221; Isto\u010dne i Ju\u017ene Europe?<\/p>\n","protected":false},"excerpt":{"rendered":"<p>Projekt Sjeverni tok 2 \u2013 izgradnja novog plinovoda od Rusije do Njema\u010dke preko Baltika \u2013 &#8220;polarizira zemlje Europske unije i proizvodi politi\u010dku raspravu kao nijedan primarno komercijalni projekt do sada&#8221;, zaklju\u010dak je potpredsjednika Europske komisije, ujedno i osobe zadu\u017eene za Energetsku uniju, Maro\u0161a \u0160ef\u010dovi\u010da. Europska komisija na\u0161la se zbunjenom te \u0107e, prije nego \u0161to donesu [&hellip;]<\/p>\n","protected":false},"author":4,"featured_media":13001,"comment_status":"closed","ping_status":"closed","sticky":false,"template":"","format":"standard","meta":{"footnotes":""},"categories":[1],"tags":[128,243,693,532,531],"theme":[457,456],"country":[495],"articleformat":[205],"coauthors":[16],"class_list":["post-13000","post","type-post","status-publish","format-standard","has-post-thumbnail","hentry","category-uncategorized","tag-energetika","tag-eu","tag-juzni-tok","tag-plin","tag-sjeverni-tok-2","theme-klima","theme-politika","country-europska-unija","articleformat-vijest"],"_links":{"self":[{"href":"https:\/\/www.bilten.org\/index.php?rest_route=\/wp\/v2\/posts\/13000","targetHints":{"allow":["GET"]}}],"collection":[{"href":"https:\/\/www.bilten.org\/index.php?rest_route=\/wp\/v2\/posts"}],"about":[{"href":"https:\/\/www.bilten.org\/index.php?rest_route=\/wp\/v2\/types\/post"}],"author":[{"embeddable":true,"href":"https:\/\/www.bilten.org\/index.php?rest_route=\/wp\/v2\/users\/4"}],"replies":[{"embeddable":true,"href":"https:\/\/www.bilten.org\/index.php?rest_route=%2Fwp%2Fv2%2Fcomments&post=13000"}],"version-history":[{"count":5,"href":"https:\/\/www.bilten.org\/index.php?rest_route=\/wp\/v2\/posts\/13000\/revisions"}],"predecessor-version":[{"id":30430,"href":"https:\/\/www.bilten.org\/index.php?rest_route=\/wp\/v2\/posts\/13000\/revisions\/30430"}],"wp:featuredmedia":[{"embeddable":true,"href":"https:\/\/www.bilten.org\/index.php?rest_route=\/wp\/v2\/media\/13001"}],"wp:attachment":[{"href":"https:\/\/www.bilten.org\/index.php?rest_route=%2Fwp%2Fv2%2Fmedia&parent=13000"}],"wp:term":[{"taxonomy":"category","embeddable":true,"href":"https:\/\/www.bilten.org\/index.php?rest_route=%2Fwp%2Fv2%2Fcategories&post=13000"},{"taxonomy":"post_tag","embeddable":true,"href":"https:\/\/www.bilten.org\/index.php?rest_route=%2Fwp%2Fv2%2Ftags&post=13000"},{"taxonomy":"theme","embeddable":true,"href":"https:\/\/www.bilten.org\/index.php?rest_route=%2Fwp%2Fv2%2Ftheme&post=13000"},{"taxonomy":"country","embeddable":true,"href":"https:\/\/www.bilten.org\/index.php?rest_route=%2Fwp%2Fv2%2Fcountry&post=13000"},{"taxonomy":"articleformat","embeddable":true,"href":"https:\/\/www.bilten.org\/index.php?rest_route=%2Fwp%2Fv2%2Farticleformat&post=13000"},{"taxonomy":"author","embeddable":true,"href":"https:\/\/www.bilten.org\/index.php?rest_route=%2Fwp%2Fv2%2Fcoauthors&post=13000"}],"curies":[{"name":"wp","href":"https:\/\/api.w.org\/{rel}","templated":true}]}}