{"id":12855,"date":"2016-04-14T10:50:57","date_gmt":"2016-04-14T09:50:57","guid":{"rendered":"http:\/\/www.bilten.org\/?p=12855"},"modified":"2016-04-14T11:04:04","modified_gmt":"2016-04-14T10:04:04","slug":"religijom-protiv-ekstremizma","status":"publish","type":"post","link":"https:\/\/www.bilten.org\/?p=12855","title":{"rendered":"Religijom protiv ekstremizma?"},"content":{"rendered":"<p>Albanski premijer Edi Rama je na pro\u0161lotjednoj proslavi ro\u0111endana proroka Muhameda sve\u010dano najavio uvo\u0111enje religijskog pilot-programa u srednje \u0161kole. U ponedjeljak je plan <a href=\"http:\/\/www.balkaninsight.com\/en\/article\/religion-in-public-schools-sparks-debates-in-albania-04-11-2016\" target=\"_blank\">potvrdila<\/a> i ministrica obrazovanja Lindita Nikolla najaviv\u0161i da se na jesen eksperimentalni program uvodi u pet strukovnih \u0161kola i pet gimnazija. Naglasila je da se jo\u0161 radi na samom sadr\u017eaju knjiga iz kojih bi se religijski program predavao i prevenirala kritike izjaviv\u0161i da se sve odvija u suradnji s Francuskim opservatorijem za sekularizam, a znamo da ve\u0107ih stru\u010dnjaka za sekularizam od Francuza nema.<\/p>\n<p>Tako\u0111er, ministrica je istaknula da se ne radi &#8220;religijskim predavanjima&#8221; ve\u0107 da je cilj u\u010denike podu\u010diti o povijesti i kulturi religije. Bez obzira na ministri\u010dine distinkcije i jamac koji navodno pru\u017eaju Francuzi, mnogi profesori su ve\u0107 javno iskazali bunt protiv uvo\u0111enja takvog programa u kurikulum. Tako je profesor psihologije na Tiranskom sveu\u010dili\u0161tu Edmond Dragoti BIRN-u izjavio da program nije prihvatljiv \u010dak niti u obliku pou\u010davanja povijesti i kulture religije s obzirom na to da u \u0161kolama nedostaje osnovna infrastruktura za provo\u0111enje nu\u017enog znanstvenog programa.<\/p>\n<p>Predstavnici vjerskih institucija su odu\u0161evljeni novim programom, a u me\u0111uvremenu je premijer Rama iznio jo\u0161 jedan argument u prilog pou\u010davanju religijske tematike. Navodno \u0107e bolje poznavanje religije za\u0161tititi u\u010denike do podlijeganja ekstremisti\u010dkoj propagandi i u krajnjoj liniji od teroristi\u010dke regrutacije. Kao da su nezaposlenost, socijalna bijeda i neuspjesi integracije u zajednicu pojave koje nemaju nikakve veze s razvojem ekstremnizma i teroristi\u010dkih skupina. No, jasni su razlozi Raminog cinizma: sve drugo bi njegovu vladu \u010dinilo odgovornom.<\/p>\n","protected":false},"excerpt":{"rendered":"<p>Albanski premijer Edi Rama je na pro\u0161lotjednoj proslavi ro\u0111endana proroka Muhameda sve\u010dano najavio uvo\u0111enje religijskog pilot-programa u srednje \u0161kole. U ponedjeljak je plan potvrdila i ministrica obrazovanja Lindita Nikolla najaviv\u0161i da se na jesen eksperimentalni program uvodi u pet strukovnih \u0161kola i pet gimnazija. Naglasila je da se jo\u0161 radi na samom sadr\u017eaju knjiga iz [&hellip;]<\/p>\n","protected":false},"author":5,"featured_media":12859,"comment_status":"closed","ping_status":"closed","sticky":false,"template":"","format":"standard","meta":{"footnotes":""},"categories":[],"tags":[103],"theme":[456],"country":[65],"articleformat":[205],"coauthors":[16],"class_list":["post-12855","post","type-post","status-publish","format-standard","has-post-thumbnail","hentry","tag-ideologija","theme-politika","country-albanija","articleformat-vijest"],"_links":{"self":[{"href":"https:\/\/www.bilten.org\/index.php?rest_route=\/wp\/v2\/posts\/12855","targetHints":{"allow":["GET"]}}],"collection":[{"href":"https:\/\/www.bilten.org\/index.php?rest_route=\/wp\/v2\/posts"}],"about":[{"href":"https:\/\/www.bilten.org\/index.php?rest_route=\/wp\/v2\/types\/post"}],"author":[{"embeddable":true,"href":"https:\/\/www.bilten.org\/index.php?rest_route=\/wp\/v2\/users\/5"}],"replies":[{"embeddable":true,"href":"https:\/\/www.bilten.org\/index.php?rest_route=%2Fwp%2Fv2%2Fcomments&post=12855"}],"version-history":[{"count":4,"href":"https:\/\/www.bilten.org\/index.php?rest_route=\/wp\/v2\/posts\/12855\/revisions"}],"predecessor-version":[{"id":12860,"href":"https:\/\/www.bilten.org\/index.php?rest_route=\/wp\/v2\/posts\/12855\/revisions\/12860"}],"wp:featuredmedia":[{"embeddable":true,"href":"https:\/\/www.bilten.org\/index.php?rest_route=\/wp\/v2\/media\/12859"}],"wp:attachment":[{"href":"https:\/\/www.bilten.org\/index.php?rest_route=%2Fwp%2Fv2%2Fmedia&parent=12855"}],"wp:term":[{"taxonomy":"category","embeddable":true,"href":"https:\/\/www.bilten.org\/index.php?rest_route=%2Fwp%2Fv2%2Fcategories&post=12855"},{"taxonomy":"post_tag","embeddable":true,"href":"https:\/\/www.bilten.org\/index.php?rest_route=%2Fwp%2Fv2%2Ftags&post=12855"},{"taxonomy":"theme","embeddable":true,"href":"https:\/\/www.bilten.org\/index.php?rest_route=%2Fwp%2Fv2%2Ftheme&post=12855"},{"taxonomy":"country","embeddable":true,"href":"https:\/\/www.bilten.org\/index.php?rest_route=%2Fwp%2Fv2%2Fcountry&post=12855"},{"taxonomy":"articleformat","embeddable":true,"href":"https:\/\/www.bilten.org\/index.php?rest_route=%2Fwp%2Fv2%2Farticleformat&post=12855"},{"taxonomy":"author","embeddable":true,"href":"https:\/\/www.bilten.org\/index.php?rest_route=%2Fwp%2Fv2%2Fcoauthors&post=12855"}],"curies":[{"name":"wp","href":"https:\/\/api.w.org\/{rel}","templated":true}]}}