{"id":12205,"date":"2016-03-11T11:20:54","date_gmt":"2016-03-11T10:20:54","guid":{"rendered":"http:\/\/www.bilten.org\/?p=12205"},"modified":"2016-03-11T11:20:42","modified_gmt":"2016-03-11T10:20:42","slug":"porez-na-prirodu","status":"publish","type":"post","link":"https:\/\/www.bilten.org\/?p=12205","title":{"rendered":"Porez na prirodu"},"content":{"rendered":"<p>U nedostatku manevarskog prostora za obesmi\u0161ljavanje svoje funkcije u redovnim okolnostima, s obzirom na to da su privatizirane gotovo sve javne kompanije i dobar dio javnih servisa, albanska je dr\u017eava bacila oko i na svoje u funkcije u izvanrednim okolnostima. Naime, trenutno je u izradi <a href=\"http:\/\/www.balkaneu.com\/albania-households-legally-obliged-secure-properties\/\" target=\"_blank\">zakonski prijedlog<\/a> koji bi obvezao sva ku\u0107anstva u Albaniji na uplatu osiguranja za slu\u010dajeve prirodnih katastrofa. Zapravo, posrijedi je ista logika kao i kod osiguranja automobila.<\/p>\n<p>Frustriran tro\u0161kovima koje je dr\u017eava morala pokriti zbog u\u010destalijih poplava zadnjih godina, premijer Edi Rama je prije nekoliko mjeseci ukorio Albance da bi morali privatno osiguravati svoje stambene objekte jer dr\u017eava naprosto nema novaca za naknadu \u0161tete. Ta genijalna Ramina ideja nije morala dugo \u010dekati na podr\u0161ku. Genijalnost su prepoznali u Svjetskoj banci i odmah su u suradnji s albanskom Agencijom za financijski nadzor krenuli u izradu zakonskog prijedloga.<\/p>\n<p>Iz Agencije ka\u017eu da jo\u0161 razmatraju razli\u010dite modele, ali da je zasad sigurno da \u0107e se sredstva prikupljati u jednom fondu i da \u0107e rate osiguranja ovisiti o lokaciji stambenih objekata, odnosno izlo\u017eenosti riziku prirodnih katastrofa. O eventualnom socioekonomskom kriteriju nema ni govora, \u0161to ni ne \u010dudi, jer da je uzet u razmatranje mehanizam bi se rije\u0161io u domeni porezne politike. To je naravno neizvedivo jer treba privu\u0107i investitore kojima porezi ba\u0161 i nisu privla\u010dan aspekt poslovne klime. No, zato \u0107e gra\u0111ani, bez obzira na socijalni status, pla\u0107ati porez na klimu i prirodu.<\/p>\n","protected":false},"excerpt":{"rendered":"<p>U nedostatku manevarskog prostora za obesmi\u0161ljavanje svoje funkcije u redovnim okolnostima, s obzirom na to da su privatizirane gotovo sve javne kompanije i dobar dio javnih servisa, albanska je dr\u017eava bacila oko i na svoje u funkcije u izvanrednim okolnostima. Naime, trenutno je u izradi zakonski prijedlog koji bi obvezao sva ku\u0107anstva u Albaniji na [&hellip;]<\/p>\n","protected":false},"author":5,"featured_media":12207,"comment_status":"closed","ping_status":"closed","sticky":false,"template":"","format":"standard","meta":{"footnotes":""},"categories":[],"tags":[110],"theme":[456],"country":[65],"articleformat":[205],"coauthors":[16],"class_list":["post-12205","post","type-post","status-publish","format-standard","has-post-thumbnail","hentry","tag-drzava","theme-politika","country-albanija","articleformat-vijest"],"_links":{"self":[{"href":"https:\/\/www.bilten.org\/index.php?rest_route=\/wp\/v2\/posts\/12205","targetHints":{"allow":["GET"]}}],"collection":[{"href":"https:\/\/www.bilten.org\/index.php?rest_route=\/wp\/v2\/posts"}],"about":[{"href":"https:\/\/www.bilten.org\/index.php?rest_route=\/wp\/v2\/types\/post"}],"author":[{"embeddable":true,"href":"https:\/\/www.bilten.org\/index.php?rest_route=\/wp\/v2\/users\/5"}],"replies":[{"embeddable":true,"href":"https:\/\/www.bilten.org\/index.php?rest_route=%2Fwp%2Fv2%2Fcomments&post=12205"}],"version-history":[{"count":2,"href":"https:\/\/www.bilten.org\/index.php?rest_route=\/wp\/v2\/posts\/12205\/revisions"}],"predecessor-version":[{"id":12208,"href":"https:\/\/www.bilten.org\/index.php?rest_route=\/wp\/v2\/posts\/12205\/revisions\/12208"}],"wp:featuredmedia":[{"embeddable":true,"href":"https:\/\/www.bilten.org\/index.php?rest_route=\/wp\/v2\/media\/12207"}],"wp:attachment":[{"href":"https:\/\/www.bilten.org\/index.php?rest_route=%2Fwp%2Fv2%2Fmedia&parent=12205"}],"wp:term":[{"taxonomy":"category","embeddable":true,"href":"https:\/\/www.bilten.org\/index.php?rest_route=%2Fwp%2Fv2%2Fcategories&post=12205"},{"taxonomy":"post_tag","embeddable":true,"href":"https:\/\/www.bilten.org\/index.php?rest_route=%2Fwp%2Fv2%2Ftags&post=12205"},{"taxonomy":"theme","embeddable":true,"href":"https:\/\/www.bilten.org\/index.php?rest_route=%2Fwp%2Fv2%2Ftheme&post=12205"},{"taxonomy":"country","embeddable":true,"href":"https:\/\/www.bilten.org\/index.php?rest_route=%2Fwp%2Fv2%2Fcountry&post=12205"},{"taxonomy":"articleformat","embeddable":true,"href":"https:\/\/www.bilten.org\/index.php?rest_route=%2Fwp%2Fv2%2Farticleformat&post=12205"},{"taxonomy":"author","embeddable":true,"href":"https:\/\/www.bilten.org\/index.php?rest_route=%2Fwp%2Fv2%2Fcoauthors&post=12205"}],"curies":[{"name":"wp","href":"https:\/\/api.w.org\/{rel}","templated":true}]}}