{"id":11566,"date":"2016-02-09T08:00:59","date_gmt":"2016-02-09T07:00:59","guid":{"rendered":"http:\/\/www.bilten.org\/?p=11566"},"modified":"2016-02-09T10:12:48","modified_gmt":"2016-02-09T09:12:48","slug":"skolski-udzbenici-i-sukob-bugarskih-nacionalizama","status":"publish","type":"post","link":"https:\/\/www.bilten.org\/?p=11566","title":{"rendered":"\u0160kolski ud\u017ebenici i sukob bugarskih nacionalizama"},"content":{"rendered":"<p><strong>Jedna od klju\u010dnih politi\u010dkih polemika u Bugarskoj proteklih tjedana ti\u010de se sadr\u017eaja \u0161kolskih ud\u017ebenika iz povijesti \u010dija je promjena predlo\u017eena kako bi se napravile stidljivi odmaci od devetnaestostoljetnih koncepata. Stavovi suprotstavljenih strana dobro ilustriraju pozicije na ideolo\u0161kom bojnom polju postsocijalisti\u010dke Bugarske.<\/strong><\/p>\n<p style=\"text-align: right;\"><em>Zajedni\u010dka mjesta sje\u0107anja nisu i mjesta zajedni\u010dkog sje\u0107anja<\/em><br \/>\n\u2013 Liljana Dejanova<\/p>\n<p>Prije nekoliko godina, bugarski je sociolog Andrej Rai\u010dev primijetio kako, nakon \u0161to je uspostavljen \u0161iroki konsenzus me\u0111u svim strankama o nu\u017enosti liberalnih tr\u017ei\u0161nih reformi, kao jedino polje pravih politi\u010dkih sukobljavanja preostaje \u2013 povijest. Ako je budu\u0107nost nepromjenjivo usmjerena prema liberalnoj demokraciji, stranke svoje razlike mogu projicirati i izvoditi jedino na terenu suprotstavljenih interpretacija pro\u0161losti. Na primjer, ve\u0107 1990. godine rasplamsala se javna debata o tome je li u Bugarskoj postojao fa\u0161izam ili je njega retroaktivno izmislila Bugarska komunisti\u010dka partija kako bi opravdala vlastito preuzimanje vlasti. U post-politi\u010dkoj situaciji, politika nije politika, ako nije politika sje\u0107anja.<\/p>\n<p>Posljednjih mjeseci, Bugarska prolazi jo\u0161 jednu fazu polemi\u010dkog promi\u0161ljanja klju\u010dnih epizoda nacionalne povijesti. U tom su smislu najinteresantnije polemike oko definicije osmanskog perioda bugarske povijesti, te sukobi oko za\u0161tite ba\u0161tine anti\u010dkih gra\u0111evina, kao i arhitektonski vrijednih zgrada iz 19. i 20. stolje\u0107a. Velike vremenske udaljenosti izme\u0111u nabrojanih povijesnih razdoblja ne bi nas trebale iznenaditi: politika sje\u0107anja o\u010dito ima \u010dudesnu sposobnost da kondenzira povijesno vrijeme u sve\u017enje doga\u0111aja u \u010dijem se izvoru tobo\u017ee nalaze isti problemi. Naime, zajedni\u010dki nazivnik koji sve ove periode stavlja u istu ravan je \u2013 komunizam, a zajedni\u010dki cilj aktualnih revizionisti\u010dkih ambicija \u2013 &#8220;dekomunizacija&#8221; sje\u0107anja.<\/p>\n<p>Ilustrirajmo problem na osmanskom primjeru. Ministarstvo znanosti i obrazovanja pro\u0161log je mjeseca predlo\u017eilo <a href=\"http:\/\/www.mon.bg\/?go=page&amp;pageId=381&amp;subpageId=63\" target=\"_blank\">izmjene<\/a> \u0161kolskih programa. Tim se prijedlogom, osim uvo\u0111enja novosti poput &#8220;poduzetni\u0161tva&#8221; u drugom razredu, podu\u010davanje prve povijesti Bugarske napisane u osmanskom periodu (autora monaha Pajsija Hilandarskog) pomi\u010de sa \u0161estog na deveti razred. Kao <a href=\"http:\/\/www.standartnews.com\/balgariya-obrazovanie\/mestyat_paisiy_v_pogoren_klas-319470.html\" target=\"_blank\">obrazlo\u017eenje<\/a> za tu promjenu, ministarstvo navodi kompleksnost djela i \u017eelju da se ono prou\u010dava kada su u\u010denici zreliji. No to je opravdanje ve\u0107 zakasnilo: nacionalisti\u010dki mediji odmah su objavili kako &#8220;Pajsija zamjenjuju Robinsonom Cruseoeom!&#8221;, a pokrenuti su i ekstravagantni prosvjedi, poput u\u010deni\u010dkog <a href=\"http:\/\/dariknews.bg\/view_article.php?article_id=1548318\" target=\"_blank\">natjecanja<\/a> u ru\u010dnom prepisivanju Pajsijevog djela. Sadr\u017eaj \u0161kolskih ud\u017ebenika osjetljivo je pitanje i nije prvi put da se promjene do\u017eivljavaju kao &#8220;ugroza nacionalnog identiteta&#8221; ili &#8220;debugarizacija na\u0161e djece&#8221;.<\/p>\n<p><strong>Va\u017ena pitanja<\/strong><\/p>\n<p>Premijer Bojko Borisov odmah po izbijanju afere putem Facebooka zatra\u017eio ostavku ministra obrazovanja Todora Taneva. Isti je ministar ve\u0107 ranije bio u sredi\u0161tu drugih skandala, poput onog kada je u\u010denike na satu <a href=\"http:\/\/clubz.bg\/12366-tanev_lomonosov_ne_e_nishto_osobeno_a_frederik_jolio__kiuri_e_pylna_nula\" target=\"_blank\">uvjeravao<\/a> kako Fr\u00e9d\u00e9ric Joliot-Curie nije zapravo bio znanstvenik, ve\u0107 samo \u010dlan pokreta otpora koje su promovirali komunisti. Osmanski skandal dalje je zao\u0161tren kada je ministarstvo objavilo o\u010dekivanja obrazovnog procesa, odnosno nu\u017ena znanja za u\u010denike \u0161estih razreda: (1) objasniti strukturu Osmanskog Carstva (OC), (2) objasniti polo\u017eaj Bugara unutar OC, (3) poznavati otpor Bugara osmanskim vlastima, (4) navesti primjere su\u017eivota kr\u0161\u0107ana i muslimana u svakodnevnom \u017eivotu: blagdani i obi\u010daji, stanovanje, pona\u0161anje, prehrambene navike, (5) razumjeti asinkroniju izme\u0111u dru\u0161tava OC i Zapadne Europe u 15. stolje\u0107u&#8230; U nacionalisti\u010dkim medijima osobitu je indignaciju izazvalo spominjanje &#8220;su\u017eivota&#8221;, optu\u017eenog da predstavlja novi &#8220;politi\u010dki korektan&#8221; termin koji bi trebao zamijeniti uobi\u010dajenu frazu &#8220;tursko ropstvo&#8221;.<\/p>\n<p>Nacionalisti\u010dke su prozivke potaknule reakcije liberalne javnosti, a dio povjesni\u010dara je pokrenuo i <a href=\"http:\/\/www.dnevnik.bg\/bulgaria\/2016\/02\/05\/2699623_oshte_150_istorici_se_podpisaha_pod_termina_osmansko\/?ref=substory\" target=\"_blank\">peticiju<\/a> za za\u0161titu historiografije od uplitanja politike. Zanimljivo, kada je predsjednik Rosen Plevneliev svojevremeno pokrenuo <a href=\"https:\/\/news.bg\/press\/plevneliev-da-skasame-zavinagi-okovite-na-komunizma-gs-na-rb-ne-davame-podkrepa-na-kuneva-nenchev-shte-osigurim-ohranata-na-nebeto-ni.html\" target=\"_blank\">kampanju<\/a> za uklju\u010divanje ispravne interpretacije &#8220;komunisti\u010dkih zlo\u010dina&#8221; u \u0161kolske ud\u017ebenike, nitko od povjesni\u010dara nije ulo\u017eio sli\u010dan prigovor. U didakti\u010dnom poku\u0161aju da <a href=\"http:\/\/www.dnevnik.bg\/bulgaria\/2016\/01\/30\/2695540_istorici_osmansko_vladichestvo_e_nai-tochniiat_termin\/\" target=\"_blank\">objasne<\/a> povijesne detalje, autori peticije naveli su kako su Bugari u Osmanskom Carstvu pla\u0107ali poreze i bili vlasnici imovine pa u tom smislu nisu bili pravi &#8220;robovi&#8221;. Taj je termin u navedenoj frazi zapravo bio samo metafori\u010dki izraz devetnaestostoljetnih intelektualaca i heroja nacionalnog oslobo\u0111enja i ne bi se smio shva\u0107ati doslovno.<\/p>\n<p>Liberalni su novinari tako\u0111er zauzeli prosvjetiteljsku pozu obja\u0161njavaju\u0107i kako se &#8220;su\u017eivot&#8221; ovdje odnosi samo na svakodnevni \u017eivot i ni na koji na\u010din ne osporava bugarski otpor osmanskoj vlasti koji jo\u0161 uvijek dominira \u0161kolskim kurikulumom. Jedan od njih, Ivan Bedrov, cijelu je polemiku <a href=\"http:\/\/clubz.bg\/33931-i_kontrolen_izstrel_ot_ekrana\" target=\"_blank\">odbacio<\/a> kao nebitnu <a href=\"http:\/\/clubz.bg\/33796-turskoto_robstvo___vechnoto_opravdanie_za_provalite\" target=\"_blank\">nude\u0107i<\/a> ipak svoje ma\u0161tovito &#8220;obja\u0161njenje&#8221; cijele krize: Europska je komisija naime ba\u0161 bila objavila vrlo negativni izvje\u0161taj o napretku Bugarske u borbi protiv korupcije, pa je polemika zapravo namjerno izazvana kako bi se pa\u017enja javnosti skrenula s onog &#8220;\u0161to je stvarno va\u017eno&#8221;.<\/p>\n<p><strong>Nacija gospodara<\/strong><\/p>\n<p>Njegovi su istomi\u0161ljenici oti\u0161li i korak dalje: moraliziraju\u0107i nad narodom i njegovom navodnom stra\u0161\u0107u prema ropstvu, ustvrdili su kako se Bugari ne \u017eele odre\u0107i statusa robova zato \u0161to im on daje prikladni izgovor za izbjegavanje osobne odgovornosti za vlastite \u017eivote i stanje u zemlji. Kulturni antropolog Ivajlo Di\u010dev tako <a href=\"http:\/\/www.dnevnik.bg\/analizi\/2016\/02\/04\/2697873_s_kogo_se_identificirame\/\" target=\"_blank\">smatra<\/a> kako bismo trebali nacionalnu glorifikaciju robova zamijeniti puno pozitivnijom identifikacijom s bugarskom vi\u0161om klasom unutar Osmanskog Carstva. O\u010dekivano, krivac za &#8220;pogre\u0161nu identifikaciju&#8221; je komunizam: &#8220;Osnovnu je \u0161tetu nanijela komunisti\u010dka ideologija. Ona si postavlja zadatak da u pro\u0161losti prona\u0111e prethodnike proletarijata \u2013 zna\u010di one najbjednije, najsiroma\u0161nije, najeksploatiranije koji bi tobo\u017ee trebali preokrenuti povijest [&#8230;] Robovi su budu\u0107i proletarijat koji spominje i Internacionala \u2013 &#8216;ustajte prezreni na svijetu, svi slu\u017enji&#8217;.&#8221; Umjesto komunisti\u010dkih identiteta i samo\u017ertvovanja, trebali bismo se nau\u010diti identificirati s bugarskom elitom: &#8220;trgovcima, obrtnicima, u\u010diteljima, piscima.&#8221;<\/p>\n<p>Di\u010dev obja\u0161njava kako &#8220;\u010dorbad\u017eija [bugarski bogati seljak u osmanskom periodu] nije nu\u017eno gramzivac, ve\u0107 njegov naziv dolazi od \u010dorbe [juhe] koju je davao kmetovima, tj. on je \u010dovjek koji \u010dini milosr\u0111e&#8221;. Ideju kako bez ropstva ne bi moglo biti ni nacionalne revolucije antropolog odbacuje kao &#8220;lenjinizam&#8221; navode\u0107i kako su robovi, ba\u0161 kao i proleteri, historijski manje skloni pobuni, za razliku od obrazovanih srednjih klasa koje su jedine dostigle odre\u0111eni &#8220;socijalno-kulturni nivo koji im omogu\u0107ava da prepoznaju lidere i izgrade politi\u010dke institucije&#8221;. O kojem se &#8220;nivou&#8221; ovdje radi? U devetnaestom stolje\u0107u, tvrdi Di\u010dev, bugarski dijelovi Carstva do\u017eivjeli su br\u017ei kapitalisti\u010dki (i kulturni) razvoj i zato su se klase koje su se razvojem najvi\u0161e okoristile nastojale osloboditi &#8220;nazadne Anadolije&#8221;.<\/p>\n<p>Najzabavniji element ove utopijske fantazije o premje\u0161tanju nacionalnog identiteta od &#8220;robova&#8221; prema gospodarima je doslovna reprodukcija dvaju glavnih tema i nacionalisti\u010dke i komunisti\u010dke historiografije kojima se Di\u010dev ina\u010de kategori\u010dki protivi. Prezreni termin Anadolija trebao bi sugerirati nerazvijenost Turske, a ideja &#8220;najnaprednijih klasa&#8221; kao predvodnika nacionalnog oslobo\u0111enja karakterizirala je i slu\u017ebenu socijalisti\u010dku historiografiju oslonjenu na koncept &#8220;azijskog na\u010dina proizvodnje&#8221;. Izgleda da &#8220;komunizam&#8221; doista jo\u0161 pre\u017eivljava, dodu\u0161e ne u &#8220;mentalitetu masa&#8221; ve\u0107 u konceptima njegovih protivnika.<\/p>\n<p><strong>La\u017ene opozicije<\/strong><\/p>\n<p>\u0160to se ti\u010de cijele kontroverze vezane uz Pajsija, Di\u010dev <a href=\"http:\/\/www.dnevnik.bg\/bulgaria\/2016\/01\/25\/2692035_status_na_denia_vnushava_se_che_ako_ne_e_zaduljitelna\/\" target=\"_blank\">tvrdi<\/a> kako sli\u010dno hipotetsko uklanjanje lekcija o Prosvjetiteljstvu sigurno ne bi izazvalo prosvjede roditelje i u\u010ditelja. Za njega, puno bi bolje bilo da u\u010denici budu upoznati o romantizmu nego s &#8220;nacionalnim stvarima&#8221;. S njim se sla\u017ee i Kristian Takov, profesor ustavnog prava i jedan od najistaknutijih aktivista za vrijeme protuvladinih prosvjeda 2013. godine koji je svojevremeno <a href=\"https:\/\/www.youtube.com\/watch?v=1Wt2xPj2YH8\" target=\"_blank\">predlagao<\/a> privatizaciju dr\u017eavnog tu\u017eila\u0161tva radi razrje\u0161enja krize. Ideja manje nacionalisti\u010dkog obrazovanja za njih bi zna\u010dila ve\u0107i naglasak na europskoj literaturi umjesto lokalnih bugarskih klasika.<\/p>\n<p>No suprotno njihovim interpretacijama, bugarski se \u0161kolski kurikulum ve\u0107 izrazito oslanja na zapadnoeuropsko gledi\u0161te. Na primjer, u\u010denici se upoznaju sa &#8220;Velikim geografskim otkri\u0107ima&#8221; bez spomena perspektive koloniziranih naroda, a podu\u010davanje osmanskog perioda najve\u0107i naglasak stavlja na spomenutu &#8220;asinkroniju&#8221; izme\u0111u Zapada i Istoka. Ova zapadnocentri\u010dna predrasuda oslanja se na ideju o &#8220;nazadnom azijskom despotizmu&#8221; na kojom inzistira i povjesni\u010dar Aleksandar Smojanov u \u010dasopisu KlinKlin kada tvrdi kako je Renesansa u Bugarskoj &#8220;zakasnila&#8221; zbog Osmanlija. Pretpostavlja se dakle da je Renesansa nekakav izraz objektivne logike povijesti koja se odnosi na svaku naciju, a ne predstavlja specifi\u010dni moment talijanske povijesti.<\/p>\n<p>Ovakve su se teze uporno ponavljale i za vrijeme polemika o napadima na Charlie Hebdo u kojima se za zlo\u010din optu\u017eivao islam i nedostatak modernizacija (poput europske Renesanse ili Reformacije) u muslimanskim zemljama. U polemici o ud\u017ebenicima rije\u010d je dakle o sukobu dvaju nacionalizama: tradicionalnog s jedne i s druge liberalnog, proeuropskog, elitisti\u010dkog nacionalizma koji bi &#8220;nacijom kapitalista&#8221; \u017eelio zamijeniti pu\u010dki, prizemni nacionalizam &#8220;robova-proletera&#8221; koji tobo\u017ee \u017eive u svojoj iracionalnoj privr\u017eenosti &#8220;ropstvu&#8221; koju im je nametnuo komunizam kako bi izbjegli odgovornost.<\/p>\n<p style=\"text-align: right;\">S engleskog preveo Nikola Vukobratovi\u0107<\/p>\n","protected":false},"excerpt":{"rendered":"<p>Prije nekoliko godina, bugarski sociolog Andrej Rai\u010dev je primijetio kako, nakon \u0161to uspostavljen je \u0161iroki konsenzus me\u0111u svim strankama o nu\u017enosti liberalnih tr\u017ei\u0161nih reformi, kao jedino polje pravih politi\u010dkih sukobljavanja preostaje \u2013 povijest. Ako je budu\u0107nost nepromjenjivo usmjerena prema liberalnoj demokraciji&#8230;<\/p>\n","protected":false},"author":10,"featured_media":11568,"comment_status":"closed","ping_status":"closed","sticky":false,"template":"","format":"standard","meta":{"footnotes":""},"categories":[1],"tags":[103,25],"theme":[456],"country":[48],"articleformat":[450],"coauthors":[191],"class_list":["post-11566","post","type-post","status-publish","format-standard","has-post-thumbnail","hentry","category-uncategorized","tag-ideologija","tag-nacionalizam","theme-politika","country-bugarska","articleformat-tema"],"_links":{"self":[{"href":"https:\/\/www.bilten.org\/index.php?rest_route=\/wp\/v2\/posts\/11566","targetHints":{"allow":["GET"]}}],"collection":[{"href":"https:\/\/www.bilten.org\/index.php?rest_route=\/wp\/v2\/posts"}],"about":[{"href":"https:\/\/www.bilten.org\/index.php?rest_route=\/wp\/v2\/types\/post"}],"author":[{"embeddable":true,"href":"https:\/\/www.bilten.org\/index.php?rest_route=\/wp\/v2\/users\/10"}],"replies":[{"embeddable":true,"href":"https:\/\/www.bilten.org\/index.php?rest_route=%2Fwp%2Fv2%2Fcomments&post=11566"}],"version-history":[{"count":10,"href":"https:\/\/www.bilten.org\/index.php?rest_route=\/wp\/v2\/posts\/11566\/revisions"}],"predecessor-version":[{"id":11605,"href":"https:\/\/www.bilten.org\/index.php?rest_route=\/wp\/v2\/posts\/11566\/revisions\/11605"}],"wp:featuredmedia":[{"embeddable":true,"href":"https:\/\/www.bilten.org\/index.php?rest_route=\/wp\/v2\/media\/11568"}],"wp:attachment":[{"href":"https:\/\/www.bilten.org\/index.php?rest_route=%2Fwp%2Fv2%2Fmedia&parent=11566"}],"wp:term":[{"taxonomy":"category","embeddable":true,"href":"https:\/\/www.bilten.org\/index.php?rest_route=%2Fwp%2Fv2%2Fcategories&post=11566"},{"taxonomy":"post_tag","embeddable":true,"href":"https:\/\/www.bilten.org\/index.php?rest_route=%2Fwp%2Fv2%2Ftags&post=11566"},{"taxonomy":"theme","embeddable":true,"href":"https:\/\/www.bilten.org\/index.php?rest_route=%2Fwp%2Fv2%2Ftheme&post=11566"},{"taxonomy":"country","embeddable":true,"href":"https:\/\/www.bilten.org\/index.php?rest_route=%2Fwp%2Fv2%2Fcountry&post=11566"},{"taxonomy":"articleformat","embeddable":true,"href":"https:\/\/www.bilten.org\/index.php?rest_route=%2Fwp%2Fv2%2Farticleformat&post=11566"},{"taxonomy":"author","embeddable":true,"href":"https:\/\/www.bilten.org\/index.php?rest_route=%2Fwp%2Fv2%2Fcoauthors&post=11566"}],"curies":[{"name":"wp","href":"https:\/\/api.w.org\/{rel}","templated":true}]}}