{"id":10730,"date":"2015-12-11T13:31:25","date_gmt":"2015-12-11T12:31:25","guid":{"rendered":"http:\/\/www.bilten.org\/?p=10730"},"modified":"2015-12-11T13:35:15","modified_gmt":"2015-12-11T12:35:15","slug":"borba-za-albansku-djecu","status":"publish","type":"post","link":"https:\/\/www.bilten.org\/?p=10730","title":{"rendered":"Borba za albansku djecu"},"content":{"rendered":"<p>Borba za opstanak je svakodnevica za mnogo djece u Albaniji, kazao je albanski pravobranitelj za djecu Igli Totozani, oglasiv\u0161i alarm za ozbiljnost situacije na ovom polju. Totozani zahtijeva da se pod hitno poduzmu mjere koje \u0107e promijeniti uvjete u kojima djeca u Albaniji odrastaju. Zabrinut je za njihovu budu\u0107nost te upozorava na to da bi ona mogla odrasti i postati izrazito frustrirane odrasle osobe bez perspektive budu\u0107nosti. &#8220;Dru\u0161tvena isklju\u010denost, nejednakost i siroma\u0161tvo sprje\u010davaju razvoj zemlje i \u0161tete socijalnoj koheziji&#8221;, smatra Totozani, te dodaje kako &#8220;ulagati u javne politike koje ciljaju za\u0161titi dje\u010djih prava zna\u010di ulagati u budu\u0107nost cijelog <a href=\"http:\/\/www.balkaneu.com\/life-children-albania-struggle-survival\/\" target=\"_blank\">dru\u0161tva<\/a>&#8220;.<\/p>\n<p>Neki od problema koje pravobranitelj isti\u010de, zaista su izrazito duboki, primjerice slu\u010dajevi djece koja doslovno ne izlaze na dnevno svjetlo jer su ih roditelji izolirali zbog realnog straha od posljedica <a href=\"http:\/\/balkans.aljazeera.net\/vijesti\/krvna-osveta-i-dalje-zivi-u-albaniji\" target=\"_blank\">krvne osvete<\/a>. U takvom se strahu nalaze djeca u najmanje 600 albanskih obitelji. Usprkos tome \u0161to Kanun, zakonik kodificiran u 15. stolje\u0107u, zabranjuje krvnu osvetu nad \u017eenom i djecom, pravila su se u praksi promijenila, ali ne dovoljno da pravilo krvne osvete zamre i ne dovoljno da albanska vlada provede aktivne mjere protiv implementacije krvne osvete, pa ni vlada ne poduzima ni\u0161ta da za\u0161titi djecu ovih obitelji.<\/p>\n<p><strong>Nu\u017enost socijalnih mjera<\/strong><\/p>\n<p>Odre\u0111eni postotak tinejd\u017eera tako\u0111er je bio prisiljen napustiti obrazovni sustav jer su zbog te\u0161kih financijskih uvjeta obitelji bili prisiljeni \u0161to ranije izi\u0107i na tr\u017ei\u0161te rada. No, isto tako, zbog fizi\u010dke udaljenosti \u0161kola i lo\u0161e povezanosti, dio tinejd\u017eera morao je napustiti obrazovni sustav i radi lo\u0161e infrastrukture. Jedan dio djece s posebnim potrebama vi\u0161e nisu u\u010denici radi toga \u0161to za njih nisu osigurani asistenti u nastavi, bez kojih ne mogu pratiti program ili su fizi\u010dki ograni\u010deni u pristupu nastavi. Situacija me\u0111u romskom djecom, jo\u0161 je i gora. U op\u0107em siroma\u0161tvu, primarni posao romske djece nije da poha\u0111aju nastavu ve\u0107 da pretra\u017euju smetli\u0161ta u potrazi za plastikom i \u017eeljezom kojeg \u0107e prodati kako bi pre\u017eivjeli.<\/p>\n<p>Nebriga dr\u017eave za djecu vidi se i u broju oboljele djece koja zbog siroma\u0161tva ne mogu oti\u0107i u inozemstvo na lije\u010denje. Totozani stoga upozorava da se ulaganje u djecu mora pove\u0107ati te da takva ulaganja ne treba tretirati kao tro\u0161ak koji si dr\u017eava ne mo\u017ee priu\u0161titi. Kao jednu od mjera koju \u0161to prije treba provesti je osnivanje fonda za lije\u010denje djece u inozemstvu. Zahtjeva i dodatna javna ulaganja u obrazovni sustav kako bi obrazovni sustav postao svima jednako dostupan te kako bi \u0161to vi\u0161e djece u njemu ostajalo \u0161to du\u017ee. Sljede\u0107a mjera trebala bi biti otvaranje dnevnih centara skrbi za djecu kojoj je potrebna rehabilitacija i za integraciju u dru\u0161tvo djece s posebnim potrebama. On tra\u017ei i uklanjanje barijera za \u0161to \u0161iri pristup javnom prijevozu, komunikacijama i informacijama kako bi se smanjio stupanj dje\u010dje izoliranosti i ovisnosti o odraslima.<\/p>\n<p>&#8220;Manjak&#8221; javnih sredstava za ulaganje u za\u0161titu djece jednostavno nije legitimno opravdanje.<\/p>\n","protected":false},"excerpt":{"rendered":"<p>Borba za opstanak je svakodnevica za mnogo djece u Albaniji, kazao je albanski pravobranitelj za djecu Igli Totozani, oglasiv\u0161i alarm za ozbiljnost situacije na ovom polju. Totozani zahtijeva da se pod hitno poduzmu mjere koje \u0107e promijeniti uvjete u kojima djeca u Albaniji odrastaju. Zabrinut je za njihovu budu\u0107nost te upozorava na to da bi [&hellip;]<\/p>\n","protected":false},"author":4,"featured_media":10731,"comment_status":"closed","ping_status":"closed","sticky":false,"template":"","format":"standard","meta":{"footnotes":""},"categories":[],"tags":[161],"theme":[458],"country":[65],"articleformat":[205],"coauthors":[16],"class_list":["post-10730","post","type-post","status-publish","format-standard","has-post-thumbnail","hentry","tag-ljudska-prava","theme-drustvo","country-albanija","articleformat-vijest"],"_links":{"self":[{"href":"https:\/\/www.bilten.org\/index.php?rest_route=\/wp\/v2\/posts\/10730","targetHints":{"allow":["GET"]}}],"collection":[{"href":"https:\/\/www.bilten.org\/index.php?rest_route=\/wp\/v2\/posts"}],"about":[{"href":"https:\/\/www.bilten.org\/index.php?rest_route=\/wp\/v2\/types\/post"}],"author":[{"embeddable":true,"href":"https:\/\/www.bilten.org\/index.php?rest_route=\/wp\/v2\/users\/4"}],"replies":[{"embeddable":true,"href":"https:\/\/www.bilten.org\/index.php?rest_route=%2Fwp%2Fv2%2Fcomments&post=10730"}],"version-history":[{"count":2,"href":"https:\/\/www.bilten.org\/index.php?rest_route=\/wp\/v2\/posts\/10730\/revisions"}],"predecessor-version":[{"id":10733,"href":"https:\/\/www.bilten.org\/index.php?rest_route=\/wp\/v2\/posts\/10730\/revisions\/10733"}],"wp:featuredmedia":[{"embeddable":true,"href":"https:\/\/www.bilten.org\/index.php?rest_route=\/wp\/v2\/media\/10731"}],"wp:attachment":[{"href":"https:\/\/www.bilten.org\/index.php?rest_route=%2Fwp%2Fv2%2Fmedia&parent=10730"}],"wp:term":[{"taxonomy":"category","embeddable":true,"href":"https:\/\/www.bilten.org\/index.php?rest_route=%2Fwp%2Fv2%2Fcategories&post=10730"},{"taxonomy":"post_tag","embeddable":true,"href":"https:\/\/www.bilten.org\/index.php?rest_route=%2Fwp%2Fv2%2Ftags&post=10730"},{"taxonomy":"theme","embeddable":true,"href":"https:\/\/www.bilten.org\/index.php?rest_route=%2Fwp%2Fv2%2Ftheme&post=10730"},{"taxonomy":"country","embeddable":true,"href":"https:\/\/www.bilten.org\/index.php?rest_route=%2Fwp%2Fv2%2Fcountry&post=10730"},{"taxonomy":"articleformat","embeddable":true,"href":"https:\/\/www.bilten.org\/index.php?rest_route=%2Fwp%2Fv2%2Farticleformat&post=10730"},{"taxonomy":"author","embeddable":true,"href":"https:\/\/www.bilten.org\/index.php?rest_route=%2Fwp%2Fv2%2Fcoauthors&post=10730"}],"curies":[{"name":"wp","href":"https:\/\/api.w.org\/{rel}","templated":true}]}}